{"id":18527,"date":"2026-09-06T19:20:45","date_gmt":"2026-09-06T19:20:45","guid":{"rendered":"https:\/\/time24.pl.ua\/?p=18527"},"modified":"2026-09-06T19:20:46","modified_gmt":"2026-09-06T19:20:46","slug":"rozprzestrzenianie-sie-plotek-lub-obaw-w-internecie-pod-koniec-sierpnia-na-poczatku-wrzesnia-2026-r-moze-byc-zwiazane-z-nastepujacymi-wydarzeniami","status":"publish","type":"post","link":"https:\/\/time24.pl.ua\/?p=18527","title":{"rendered":"Rozprzestrzenianie si\u0119 plotek lub obaw w internecie pod koniec sierpnia \u2013 na pocz\u0105tku wrze\u015bnia 2026 r. mo\u017ce by\u0107 zwi\u0105zane z nast\u0119puj\u0105cymi wydarzeniami"},"content":{"rendered":"\n<p class=\"wp-block-paragraph\">Skandal medialny: Pod koniec sierpnia 2026 r. w internecie wybuch\u0142y gor\u0105ce dyskusje na temat jego zachowania podczas obchod\u00f3w Dnia Niepodleg\u0142o\u015bci Ukrainy w Warszawie.<\/p>\n\n\n\n<p class=\"wp-block-paragraph\">Krytycy twierdzili, \u017ce by\u0142 niegrzeczny, poruszaj\u0105c si\u0119 po scenie podczas wykonywania hymnu Polski.<\/p>\n\n\n\n<p class=\"wp-block-paragraph\">Sam aktor stanowczo zaprzeczy\u0142 tym oskar\u017ceniom, nazywaj\u0105c je absurdalnymi, i wyja\u015bni\u0142, \u017ce w tym czasie cierpia\u0142 na lekkie przezi\u0119bienie\/chorob\u0119.<\/p>\n\n\n\n<p class=\"wp-block-paragraph\">Ta wzmianka o chorobie w nag\u0142\u00f3wkach wiadomo\u015bci mog\u0142a zosta\u0107 b\u0142\u0119dnie zinterpretowana przez internaut\u00f3w.Wiek i publikacje archiwalne: W 2026 roku aktor obchodzi\u0142 80. urodziny. W tym kontek\u015bcie media cz\u0119sto publikuj\u0105 retrospektywy jego \u017cycia, w tym wspomnienia nie\u017cyj\u0105cych ju\u017c by\u0142ych koleg\u00f3w (np. re\u017cysera Andrzeja Wajdy), co r\u00f3wnie\u017c mo\u017ce by\u0107 b\u0142\u0119dnie uto\u017csamiane ze \u201esmutn\u0105 wiadomo\u015bci\u0105\u201d.Je\u015bli przeczyta\u0142e\u015b jaki\u015b szczeg\u00f3\u0142 lub cytat, kt\u00f3ry Ci\u0119 zaniepokoi\u0142, podziel si\u0119 nim \u2013 pomog\u0119 zweryfikowa\u0107 informacj\u0119 i znale\u017a\u0107 oryginalne \u017ar\u00f3d\u0142o.<\/p>\n","protected":false},"excerpt":{"rendered":"Skandal medialny: Pod koniec sierpnia 2026 r. w internecie wybuch\u0142y gor\u0105ce dyskusje na temat jego zachowania podczas obchod\u00f3w Dnia Niepodleg\u0142o\u015bci Ukrainy w Warszawie. \n<a class=\"moretag\" href=\"https:\/\/time24.pl.ua\/?p=18527\"> [...]<\/a>","protected":false},"author":1,"featured_media":0,"comment_status":"open","ping_status":"open","sticky":false,"template":"","format":"standard","meta":{"footnotes":""},"categories":[1],"tags":[],"class_list":["post-18527","post","type-post","status-publish","format-standard","hentry","category-blog"],"_links":{"self":[{"href":"https:\/\/time24.pl.ua\/index.php?rest_route=\/wp\/v2\/posts\/18527","targetHints":{"allow":["GET"]}}],"collection":[{"href":"https:\/\/time24.pl.ua\/index.php?rest_route=\/wp\/v2\/posts"}],"about":[{"href":"https:\/\/time24.pl.ua\/index.php?rest_route=\/wp\/v2\/types\/post"}],"author":[{"embeddable":true,"href":"https:\/\/time24.pl.ua\/index.php?rest_route=\/wp\/v2\/users\/1"}],"replies":[{"embeddable":true,"href":"https:\/\/time24.pl.ua\/index.php?rest_route=%2Fwp%2Fv2%2Fcomments&post=18527"}],"version-history":[{"count":1,"href":"https:\/\/time24.pl.ua\/index.php?rest_route=\/wp\/v2\/posts\/18527\/revisions"}],"predecessor-version":[{"id":18528,"href":"https:\/\/time24.pl.ua\/index.php?rest_route=\/wp\/v2\/posts\/18527\/revisions\/18528"}],"wp:attachment":[{"href":"https:\/\/time24.pl.ua\/index.php?rest_route=%2Fwp%2Fv2%2Fmedia&parent=18527"}],"wp:term":[{"taxonomy":"category","embeddable":true,"href":"https:\/\/time24.pl.ua\/index.php?rest_route=%2Fwp%2Fv2%2Fcategories&post=18527"},{"taxonomy":"post_tag","embeddable":true,"href":"https:\/\/time24.pl.ua\/index.php?rest_route=%2Fwp%2Fv2%2Ftags&post=18527"}],"curies":[{"name":"wp","href":"https:\/\/api.w.org\/{rel}","templated":true}]}}