{"id":18514,"date":"2026-09-06T18:57:49","date_gmt":"2026-09-06T18:57:49","guid":{"rendered":"https:\/\/time24.pl.ua\/?p=18514"},"modified":"2026-09-06T18:57:50","modified_gmt":"2026-09-06T18:57:50","slug":"kancelaria-prezydenta-wlasnie-oglosila-wybiera-sie-na-samodzielna-podroz","status":"publish","type":"post","link":"https:\/\/time24.pl.ua\/?p=18514","title":{"rendered":"Kancelaria Prezydenta w\u0142a\u015bnie og\u0142osi\u0142a. Wybiera si\u0119 na \u201esamodzieln\u0105 podr\u00f3\u017c\u201d"},"content":{"rendered":"\n<p class=\"wp-block-paragraph\"><strong>Marta Nawrocka poleci do Austrii. To jej trzecia samodzielna podr\u00f3\u017c jako pierwszej damy<\/strong><\/p>\n\n\n\n<p class=\"wp-block-paragraph\">Ma\u0142\u017conka prezydenta RP Marta Nawrocka z\u0142o\u017cy wizyt\u0119 w Republice Austrii.<\/p>\n\n\n\n<p class=\"wp-block-paragraph\">Podr\u00f3\u017c zaplanowano na niedziel\u0119, 6 wrze\u015bnia 2026 roku.<\/p>\n\n\n\n<p class=\"wp-block-paragraph\">B\u0119dzie to jej trzecia samodzielna podr\u00f3\u017c zagraniczna w roli pierwszej damy.<\/p>\n\n\n\n<p class=\"wp-block-paragraph\">Kancelaria Prezydenta RP poda\u0142a tak\u017ce szczeg\u00f3\u0142owy program wizyty na Kahlenbergu.<\/p>\n\n\n\n<p class=\"wp-block-paragraph\">Informacj\u0119 o wyje\u017adzie opublikowano na profilu Kancelarii Prezydenta RP na platformie X.<\/p>\n\n\n\n<p class=\"wp-block-paragraph\">Wizyta b\u0119dzie zwi\u0105zana z obchodami 343. rocznicy Odsieczy Wiede\u0144skiej.<\/p>\n\n\n\n<p class=\"wp-block-paragraph\">Drugim wa\u017cnym punktem s\u0105 uroczysto\u015bci zwi\u0105zane z 43. rocznic\u0105 obecno\u015bci na Kahlenbergu Ojca \u015awi\u0119tego Jana Paw\u0142a II.<\/p>\n\n\n\n<p class=\"wp-block-paragraph\">Na oficjalnej stronie prezydenta przedstawiono plan wydarze\u0144 z udzia\u0142em Marty Nawrockiej.<\/p>\n\n\n\n<p class=\"wp-block-paragraph\">Kancelaria Prezydenta RP przekaza\u0142a, \u017ce pierwsza dama uda si\u0119 do Republiki Austrii w niedziel\u0119.<\/p>\n\n\n\n<p class=\"wp-block-paragraph\">Najwa\u017cniejsze punkty jej pobytu zaplanowano w\u0142a\u015bnie na Kahlenbergu.<\/p>\n\n\n\n<p class=\"wp-block-paragraph\">To miejsce jest szczeg\u00f3lnie zwi\u0105zane z pami\u0119ci\u0105 o Bitwie pod Wiedniem i kr\u00f3lu Janie III Sobieskim.<\/p>\n\n\n\n<p class=\"wp-block-paragraph\">W oficjalnym komunikacie podkre\u015blono, \u017ce b\u0119dzie to trzecia samodzielna zagraniczna podr\u00f3\u017c Marty Nawrockiej od czasu obj\u0119cia roli pierwszej damy.<\/p>\n\n\n\n<p class=\"wp-block-paragraph\">Wcze\u015bniej ma\u0142\u017conka prezydenta odwiedzi\u0142a Pary\u017c oraz Waszyngton.<\/p>\n\n\n\n<p class=\"wp-block-paragraph\">Tym razem jej wyjazd b\u0119dzie mia\u0142 przede wszystkim charakter rocznicowy i patriotyczny.<\/p>\n\n\n\n<p class=\"wp-block-paragraph\">Kancelaria poinformowa\u0142a r\u00f3wnie\u017c, kto b\u0119dzie towarzyszy\u0142 Marcie Nawrockiej podczas podr\u00f3\u017cy.<\/p>\n\n\n\n<p class=\"wp-block-paragraph\">W delegacji znajdzie si\u0119 szef Gabinetu Prezydenta RP.<\/p>\n\n\n\n<p class=\"wp-block-paragraph\">Pierwszej damie maj\u0105 towarzyszy\u0107 tak\u017ce prezydenccy doradcy Jan J\u00f3zef Kasprzyk i Leszek Skiba.<\/p>\n\n\n\n<p class=\"wp-block-paragraph\">Z komunikatu wynika, \u017ce wizyta zosta\u0142a zaplanowana w zwi\u0105zku z uroczysto\u015bciami odbywaj\u0105cymi si\u0119 w Polskim Sanktuarium Narodowym na Kahlenbergu.<\/p>\n\n\n\n<p class=\"wp-block-paragraph\">To w\u0142a\u015bnie tam Marta Nawrocka we\u017amie udzia\u0142 w wydarzeniach upami\u0119tniaj\u0105cych rocznic\u0119 Odsieczy Wiede\u0144skiej.<\/p>\n\n\n\n<p class=\"wp-block-paragraph\">Obchody b\u0119d\u0105 nawi\u0105zywa\u0107 r\u00f3wnie\u017c do wizyty Jana Paw\u0142a II na Kahlenbergu.<\/p>\n\n\n\n<p class=\"wp-block-paragraph\">Program wizyty przewiduje dwa g\u0142\u00f3wne punkty.<\/p>\n\n\n\n<p class=\"wp-block-paragraph\">Pierwszy rozpocznie si\u0119 przed po\u0142udniem w Polskim Sanktuarium Narodowym.<\/p>\n\n\n\n<p class=\"wp-block-paragraph\">Drugi zaplanowano na placu przed sanktuarium.<\/p>\n\n\n\n<p class=\"wp-block-paragraph\">W obu wydarzeniach przewidziano udzia\u0142 akredytowanych medi\u00f3w.<\/p>\n\n\n\n<p class=\"wp-block-paragraph\">Pierwszy oficjalny punkt wizyty rozpocznie si\u0119 o godzinie 10.00.<\/p>\n\n\n\n<p class=\"wp-block-paragraph\">Marta Nawrocka we\u017amie wtedy udzia\u0142 w uroczystej Mszy \u015awi\u0119tej z okazji 343. rocznicy Bitwy pod Wiedniem.<\/p>\n\n\n\n<p class=\"wp-block-paragraph\">Nabo\u017ce\u0144stwo odb\u0119dzie si\u0119 w Polskim Sanktuarium Narodowym na Kahlenbergu.<\/p>\n\n\n\n<p class=\"wp-block-paragraph\">Kolejny punkt programu zaplanowano na godzin\u0119 12.15.<\/p>\n\n\n\n<p class=\"wp-block-paragraph\">Ma\u0142\u017conka prezydenta RP we\u017amie udzia\u0142 w Apelu Pami\u0119ci.<\/p>\n\n\n\n<p class=\"wp-block-paragraph\">Zgodnie z informacj\u0105 opublikowan\u0105 na stronie prezydenta Apel Pami\u0119ci zostanie wykonany przez 11. Dywizj\u0119 Kawalerii Pancernej im. Kr\u00f3la Jana III Sobieskiego.<\/p>\n\n\n\n<p class=\"wp-block-paragraph\">Uroczysto\u015b\u0107 odb\u0119dzie si\u0119 na placu przed Polskim Sanktuarium Narodowym na Kahlenbergu.<\/p>\n\n\n\n<p class=\"wp-block-paragraph\">Kancelaria Prezydenta RP zaznaczy\u0142a, \u017ce podane godziny odpowiadaj\u0105 czasowi lokalnemu.<\/p>\n\n\n\n<p class=\"wp-block-paragraph\">W przypadku tej wizyty jest to ten sam czas, kt\u00f3ry obowi\u0105zuje w Polsce.<\/p>\n\n\n\n<p class=\"wp-block-paragraph\">Wyjazd Marty Nawrockiej do Austrii b\u0119dzie wi\u0119c kolejn\u0105 samodzieln\u0105 zagraniczn\u0105 aktywno\u015bci\u0105 pierwszej damy.<\/p>\n\n\n\n<p class=\"wp-block-paragraph\">Po wizytach w Pary\u017cu i Waszyngtonie tym razem we\u017amie udzia\u0142 w uroczysto\u015bciach rocznicowych na Kahlenbergu.<\/p>\n\n\n\n<p class=\"wp-block-paragraph\">Najwa\u017cniejszymi punktami programu b\u0119d\u0105 Msza \u015awi\u0119ta oraz Apel Pami\u0119ci zwi\u0105zane z rocznic\u0105 Bitwy pod Wiedniem i obecno\u015bci\u0105 Jana Paw\u0142a II w tym miejscu.<\/p>\n","protected":false},"excerpt":{"rendered":"Marta Nawrocka poleci do Austrii. To jej trzecia samodzielna podr\u00f3\u017c jako pierwszej damy Ma\u0142\u017conka prezydenta RP Marta Nawrocka z\u0142o\u017cy wizyt\u0119 w Republice Austrii. \n<a class=\"moretag\" href=\"https:\/\/time24.pl.ua\/?p=18514\"> [...]<\/a>","protected":false},"author":1,"featured_media":18515,"comment_status":"open","ping_status":"open","sticky":false,"template":"","format":"standard","meta":{"footnotes":""},"categories":[1],"tags":[],"class_list":["post-18514","post","type-post","status-publish","format-standard","has-post-thumbnail","hentry","category-blog"],"_links":{"self":[{"href":"https:\/\/time24.pl.ua\/index.php?rest_route=\/wp\/v2\/posts\/18514","targetHints":{"allow":["GET"]}}],"collection":[{"href":"https:\/\/time24.pl.ua\/index.php?rest_route=\/wp\/v2\/posts"}],"about":[{"href":"https:\/\/time24.pl.ua\/index.php?rest_route=\/wp\/v2\/types\/post"}],"author":[{"embeddable":true,"href":"https:\/\/time24.pl.ua\/index.php?rest_route=\/wp\/v2\/users\/1"}],"replies":[{"embeddable":true,"href":"https:\/\/time24.pl.ua\/index.php?rest_route=%2Fwp%2Fv2%2Fcomments&post=18514"}],"version-history":[{"count":1,"href":"https:\/\/time24.pl.ua\/index.php?rest_route=\/wp\/v2\/posts\/18514\/revisions"}],"predecessor-version":[{"id":18516,"href":"https:\/\/time24.pl.ua\/index.php?rest_route=\/wp\/v2\/posts\/18514\/revisions\/18516"}],"wp:featuredmedia":[{"embeddable":true,"href":"https:\/\/time24.pl.ua\/index.php?rest_route=\/wp\/v2\/media\/18515"}],"wp:attachment":[{"href":"https:\/\/time24.pl.ua\/index.php?rest_route=%2Fwp%2Fv2%2Fmedia&parent=18514"}],"wp:term":[{"taxonomy":"category","embeddable":true,"href":"https:\/\/time24.pl.ua\/index.php?rest_route=%2Fwp%2Fv2%2Fcategories&post=18514"},{"taxonomy":"post_tag","embeddable":true,"href":"https:\/\/time24.pl.ua\/index.php?rest_route=%2Fwp%2Fv2%2Ftags&post=18514"}],"curies":[{"name":"wp","href":"https:\/\/api.w.org\/{rel}","templated":true}]}}