{"id":18480,"date":"2026-09-05T20:56:14","date_gmt":"2026-09-05T20:56:14","guid":{"rendered":"https:\/\/time24.pl.ua\/?p=18480"},"modified":"2026-09-05T20:56:15","modified_gmt":"2026-09-05T20:56:15","slug":"zakpil-z-karola-nawrockiego-na-ramowce-tvp","status":"publish","type":"post","link":"https:\/\/time24.pl.ua\/?p=18480","title":{"rendered":"Zakpi\u0142 z Karola Nawrockiego na ram\u00f3wce TVP"},"content":{"rendered":"\n<p class=\"wp-block-paragraph\"><strong>Cezary \u017bak za\u017cartowa\u0142 ze sceny o prezydenckim wecie. Publiczno\u015b\u0107 od razu zareagowa\u0142a<\/strong><\/p>\n\n\n\n<p class=\"wp-block-paragraph\">Prezentacja jesiennej ram\u00f3wki Telewizji Polskiej mia\u0142a by\u0107 przede wszystkim zapowiedzi\u0105 nowych program\u00f3w i powrot\u00f3w znanych format\u00f3w.<\/p>\n\n\n\n<p class=\"wp-block-paragraph\">Nie zabrak\u0142o jednak politycznego akcentu, kt\u00f3ry szybko zwr\u00f3ci\u0142 uwag\u0119 widz\u00f3w i medi\u00f3w.<\/p>\n\n\n\n<p class=\"wp-block-paragraph\">Podczas czwartkowego wydarzenia Cezary \u017bak promowa\u0142 powr\u00f3t serialu \u201eRanczo\u201d.<\/p>\n\n\n\n<p class=\"wp-block-paragraph\">Aktor przy okazji rzuci\u0142 ze sceny \u017cart o sprawowaniu w\u0142adzy w pa\u0144stwie.<\/p>\n\n\n\n<p class=\"wp-block-paragraph\">Nazwisko nie pad\u0142o, ale reakcja sali pokaza\u0142a, \u017ce wszyscy zrozumieli aluzj\u0119.<\/p>\n\n\n\n<p class=\"wp-block-paragraph\">TVP zaprezentowa\u0142a ram\u00f3wk\u0119 na jesie\u0144 2026 roku.<\/p>\n\n\n\n<p class=\"wp-block-paragraph\">Jednym z najwa\u017cniejszych punkt\u00f3w wydarzenia by\u0142a zapowied\u017a kontynuacji \u201eRancza\u201d.<\/p>\n\n\n\n<p class=\"wp-block-paragraph\">Serial ma wr\u00f3ci\u0107 na anten\u0119 po dziesi\u0119ciu latach przerwy.<\/p>\n\n\n\n<p class=\"wp-block-paragraph\">Przed publiczno\u015bci\u0105 pojawi\u0142a si\u0119 wi\u0119kszo\u015b\u0107 obsady produkcji.<\/p>\n\n\n\n<p class=\"wp-block-paragraph\">Na scenie ustawiono tak\u017ce charakterystyczn\u0105 drewnian\u0105 \u0142aweczk\u0119, dobrze znan\u0105 fanom serialu.<\/p>\n\n\n\n<p class=\"wp-block-paragraph\">To w\u0142a\u015bnie na niej usiad\u0142 Cezary \u017bak.<\/p>\n\n\n\n<p class=\"wp-block-paragraph\">W nowych odcinkach aktor ponownie wciela si\u0119 w dwie role.<\/p>\n\n\n\n<p class=\"wp-block-paragraph\">Gra braci bli\u017aniak\u00f3w: ksi\u0119dza Piotra Kozio\u0142a oraz polityka Paw\u0142a Kozio\u0142a.<\/p>\n\n\n\n<p class=\"wp-block-paragraph\">W serialowej fabule Pawe\u0142 Kozio\u0142 zostaje prezydentem RP.<\/p>\n\n\n\n<p class=\"wp-block-paragraph\">Do tej w\u0142a\u015bnie roli \u017bak nawi\u0105za\u0142 podczas wyst\u0119pu na scenie.<\/p>\n\n\n\n<p class=\"wp-block-paragraph\">Aktor zwr\u00f3ci\u0142 si\u0119 do publiczno\u015bci i powiedzia\u0142, \u017ce jako prezydent kraju mo\u017ce sobie \u201eco\u015b zawetowa\u0107\u201d.<\/p>\n\n\n\n<p class=\"wp-block-paragraph\">\u017bart natychmiast wywo\u0142a\u0142 \u015bmiech i brawa na sali.<\/p>\n\n\n\n<p class=\"wp-block-paragraph\">Do sytuacji szybko odnios\u0142a si\u0119 tak\u017ce wsp\u00f3\u0142prowadz\u0105ca gal\u0119 Agnieszka Wo\u017aniak-Starak.<\/p>\n\n\n\n<p class=\"wp-block-paragraph\">Odpowiedzia\u0142a, \u017ce \u201efaktycznie ma\u0142o mamy tych wet\u201d.<\/p>\n\n\n\n<p class=\"wp-block-paragraph\">Cho\u0107 ze sceny nie pad\u0142o nazwisko Karola Nawrockiego, wypowied\u017a zosta\u0142a odebrana jako aluzja do urz\u0119duj\u0105cego prezydenta.<\/p>\n\n\n\n<p class=\"wp-block-paragraph\">W ostatnich miesi\u0105cach cz\u0119ste weta g\u0142owy pa\u0144stwa sta\u0142y si\u0119 jednym z najg\u0142o\u015bniejszych temat\u00f3w politycznych.<\/p>\n\n\n\n<p class=\"wp-block-paragraph\">Wed\u0142ug podanych informacji Nawrocki w pierwszym roku urz\u0119dowania odrzuci\u0142 ponad 40 ustaw uchwalonych przez parlament.<\/p>\n\n\n\n<p class=\"wp-block-paragraph\">Dla por\u00f3wnania Andrzej Duda w pierwszym roku swojej prezydentury zawetowa\u0142 ustawy cztery razy.<\/p>\n\n\n\n<p class=\"wp-block-paragraph\">To w\u0142a\u015bnie ten kontekst sprawi\u0142, \u017ce publiczno\u015b\u0107 tak \u017cywo zareagowa\u0142a na s\u0142owa Cezarego \u017baka.<\/p>\n\n\n\n<p class=\"wp-block-paragraph\">Wystarczy\u0142a kr\u00f3tka scena i jedno zdanie, aby \u017cart zosta\u0142 odczytany jako komentarz do bie\u017c\u0105cej polityki.<\/p>\n\n\n\n<p class=\"wp-block-paragraph\">\u201eRanczo\u201d przez lata s\u0142yn\u0119\u0142o z tego, \u017ce z humorem pokazywa\u0142o polskie \u017cycie publiczne.<\/p>\n\n\n\n<p class=\"wp-block-paragraph\">Serial komentowa\u0142 lokalne uk\u0142ady, partyjne spory, spo\u0142eczne przyzwyczajenia i mechanizmy w\u0142adzy.<\/p>\n\n\n\n<p class=\"wp-block-paragraph\">Powr\u00f3t produkcji ma najwyra\u017aniej kontynuowa\u0107 ten kierunek.<\/p>\n\n\n\n<p class=\"wp-block-paragraph\">Tym razem w\u0105tek Paw\u0142a Kozio\u0142a przenosi fabu\u0142\u0119 na najwy\u017cszy szczebel pa\u0144stwowy.<\/p>\n\n\n\n<p class=\"wp-block-paragraph\">Daje to tw\u00f3rcom przestrze\u0144 do komentowania wydarze\u0144, kt\u00f3re na co dzie\u0144 pojawiaj\u0105 si\u0119 w politycznej debacie.<\/p>\n\n\n\n<p class=\"wp-block-paragraph\">Sam Cezary \u017bak w rozmowie z \u201ePytaniem na \u015bniadanie\u201d przyzna\u0142, \u017ce ekipa jest podekscytowana powrotem serialu.<\/p>\n\n\n\n<p class=\"wp-block-paragraph\">Dla wielu widz\u00f3w \u201eRanczo\u201d pozostaje jedn\u0105 z najbardziej rozpoznawalnych polskich produkcji komediowo-obyczajowych.<\/p>\n\n\n\n<p class=\"wp-block-paragraph\">Zapowied\u017a nowych odcink\u00f3w ju\u017c sama w sobie wzbudzi\u0142a du\u017ce zainteresowanie.<\/p>\n\n\n\n<p class=\"wp-block-paragraph\">Czwartkowa prezentacja pokaza\u0142a jednak, \u017ce serial mo\u017ce wr\u00f3ci\u0107 nie tylko jako sentymentalna kontynuacja, ale te\u017c jako komentarz do wsp\u00f3\u0142czesnej polityki.<\/p>\n\n\n\n<p class=\"wp-block-paragraph\">Nowe odcinki \u201eRancza\u201d maj\u0105 pojawi\u0107 si\u0119 jesieni\u0105 na g\u0142\u00f3wnej antenie TVP.<\/p>\n\n\n\n<p class=\"wp-block-paragraph\">Kr\u00f3tki \u017cart Cezarego \u017baka sprawi\u0142, \u017ce o powrocie produkcji zrobi\u0142o si\u0119 g\u0142o\u015bno jeszcze przed emisj\u0105.<\/p>\n\n\n\n<p class=\"wp-block-paragraph\">Publiczno\u015b\u0107 odpowiedzia\u0142a \u015bmiechem i brawami, a s\u0142owa o wecie natychmiast zacz\u0119\u0142y \u017cy\u0107 w\u0142asnym \u017cyciem.<\/p>\n","protected":false},"excerpt":{"rendered":"Cezary \u017bak za\u017cartowa\u0142 ze sceny o prezydenckim wecie. Publiczno\u015b\u0107 od razu zareagowa\u0142a Prezentacja jesiennej ram\u00f3wki Telewizji Polskiej mia\u0142a by\u0107 przede wszystkim zapowiedzi\u0105 nowych \n<a class=\"moretag\" href=\"https:\/\/time24.pl.ua\/?p=18480\"> [...]<\/a>","protected":false},"author":1,"featured_media":18481,"comment_status":"open","ping_status":"open","sticky":false,"template":"","format":"standard","meta":{"footnotes":""},"categories":[1],"tags":[],"class_list":["post-18480","post","type-post","status-publish","format-standard","has-post-thumbnail","hentry","category-blog"],"_links":{"self":[{"href":"https:\/\/time24.pl.ua\/index.php?rest_route=\/wp\/v2\/posts\/18480","targetHints":{"allow":["GET"]}}],"collection":[{"href":"https:\/\/time24.pl.ua\/index.php?rest_route=\/wp\/v2\/posts"}],"about":[{"href":"https:\/\/time24.pl.ua\/index.php?rest_route=\/wp\/v2\/types\/post"}],"author":[{"embeddable":true,"href":"https:\/\/time24.pl.ua\/index.php?rest_route=\/wp\/v2\/users\/1"}],"replies":[{"embeddable":true,"href":"https:\/\/time24.pl.ua\/index.php?rest_route=%2Fwp%2Fv2%2Fcomments&post=18480"}],"version-history":[{"count":1,"href":"https:\/\/time24.pl.ua\/index.php?rest_route=\/wp\/v2\/posts\/18480\/revisions"}],"predecessor-version":[{"id":18482,"href":"https:\/\/time24.pl.ua\/index.php?rest_route=\/wp\/v2\/posts\/18480\/revisions\/18482"}],"wp:featuredmedia":[{"embeddable":true,"href":"https:\/\/time24.pl.ua\/index.php?rest_route=\/wp\/v2\/media\/18481"}],"wp:attachment":[{"href":"https:\/\/time24.pl.ua\/index.php?rest_route=%2Fwp%2Fv2%2Fmedia&parent=18480"}],"wp:term":[{"taxonomy":"category","embeddable":true,"href":"https:\/\/time24.pl.ua\/index.php?rest_route=%2Fwp%2Fv2%2Fcategories&post=18480"},{"taxonomy":"post_tag","embeddable":true,"href":"https:\/\/time24.pl.ua\/index.php?rest_route=%2Fwp%2Fv2%2Ftags&post=18480"}],"curies":[{"name":"wp","href":"https:\/\/api.w.org\/{rel}","templated":true}]}}