{"id":18478,"date":"2026-09-05T20:52:44","date_gmt":"2026-09-05T20:52:44","guid":{"rendered":"https:\/\/time24.pl.ua\/?p=18478"},"modified":"2026-09-05T20:52:45","modified_gmt":"2026-09-05T20:52:45","slug":"kolejne-zatrzymanie-ws-afery-zondacrypto-zurek-potwierdza","status":"publish","type":"post","link":"https:\/\/time24.pl.ua\/?p=18478","title":{"rendered":"Kolejne zatrzymanie ws. afery Zondacrypto. \u017burek potwierdza"},"content":{"rendered":"\n<p class=\"wp-block-paragraph\"><strong>Kolejne zatrzymanie w \u015bledztwie dotycz\u0105cym Zondacrypto. Chodzi o wieloletniego wsp\u00f3lnika za\u0142o\u017cyciela gie\u0142dy<\/strong><\/p>\n\n\n\n<p class=\"wp-block-paragraph\">W \u015bledztwie dotycz\u0105cym gie\u0142dy kryptowalut Zondacrypto dosz\u0142o do kolejnego zatrzymania.<\/p>\n\n\n\n<p class=\"wp-block-paragraph\">Wed\u0142ug ustale\u0144 dziennikarzy s\u0142u\u017cby mia\u0142y uj\u0105\u0107 Romana \u017b.<\/p>\n\n\n\n<p class=\"wp-block-paragraph\">To wieloletni wsp\u00f3lnik Sylwestra Suszka, za\u0142o\u017cyciela gie\u0142dy, kt\u00f3ry zagin\u0105\u0142 w tajemniczych okoliczno\u015bciach.<\/p>\n\n\n\n<p class=\"wp-block-paragraph\">Sprawa ma zwi\u0105zek z post\u0119powaniem dotycz\u0105cym dzia\u0142alno\u015bci Zondacrypto, wcze\u015bniej funkcjonuj\u0105cej jako BitBay.<\/p>\n\n\n\n<p class=\"wp-block-paragraph\">Informacje o zatrzymaniu przekazali Szymon Jadczak z Wirtualnej Polski oraz Micha\u0142 Fuja z TVN.<\/p>\n\n\n\n<p class=\"wp-block-paragraph\">Wed\u0142ug ich ustale\u0144 zatrzymanie Romana \u017b. jest kolejnym etapem \u015bledztwa dotycz\u0105cego gie\u0142dy kryptowalut.<\/p>\n\n\n\n<p class=\"wp-block-paragraph\">Z akt s\u0105dowych oraz korespondencji, do kt\u00f3rych dotar\u0142a WP, wynika, \u017ce m\u0119\u017cczyzna by\u0142 wa\u017cnym partnerem biznesowym Sylwestra Suszka.<\/p>\n\n\n\n<p class=\"wp-block-paragraph\">Roman \u017b. przez lata mia\u0142 wsp\u00f3\u0142pracowa\u0107 z za\u0142o\u017cycielem BitBay.<\/p>\n\n\n\n<p class=\"wp-block-paragraph\">Prokuratura od 2019 roku oskar\u017ca go o kierowanie zorganizowan\u0105 grup\u0105 przest\u0119pcz\u0105.<\/p>\n\n\n\n<p class=\"wp-block-paragraph\">\u015aledczy zarzucaj\u0105 mu r\u00f3wnie\u017c pranie 28 mln z\u0142 za po\u015brednictwem rachunk\u00f3w BitBay.<\/p>\n\n\n\n<p class=\"wp-block-paragraph\">Jak opisuje Wirtualna Polska, sp\u00f3\u0142ka nale\u017c\u0105ca do zatrzymanego zajmowa\u0142a si\u0119 budow\u0105 siedziby gie\u0142dy w Katowicach.<\/p>\n\n\n\n<p class=\"wp-block-paragraph\">To jeden z w\u0105tk\u00f3w, kt\u00f3ry ma \u0142\u0105czy\u0107 Romana \u017b. z biznesowym zapleczem gie\u0142dy.<\/p>\n\n\n\n<p class=\"wp-block-paragraph\">Relacje Romana \u017b. i Sylwestra Suszka mia\u0142y jednak wykracza\u0107 poza sam\u0105 dzia\u0142alno\u015b\u0107 zwi\u0105zan\u0105 z kryptowalutami.<\/p>\n\n\n\n<p class=\"wp-block-paragraph\">Wed\u0142ug informacji przedstawionych przez WP obaj wsp\u00f3lnie kupili dom w Hiszpanii.<\/p>\n\n\n\n<p class=\"wp-block-paragraph\">Nieruchomo\u015b\u0107 mia\u0142a kosztowa\u0107 760 tys. euro.<\/p>\n\n\n\n<p class=\"wp-block-paragraph\">W\u0105tek wsp\u00f3lnych inwestycji znalaz\u0142 si\u0119 w materia\u0142ach, do kt\u00f3rych dotarli dziennikarze.<\/p>\n\n\n\n<p class=\"wp-block-paragraph\">Sylwester Suszek jest za\u0142o\u017cycielem gie\u0142dy BitBay, kt\u00f3ra p\u00f3\u017aniej dzia\u0142a\u0142a jako Zondacrypto.<\/p>\n\n\n\n<p class=\"wp-block-paragraph\">Przedsi\u0119biorca zagin\u0105\u0142 w tajemniczych okoliczno\u015bciach.<\/p>\n\n\n\n<p class=\"wp-block-paragraph\">Jego sprawa od dawna budzi du\u017ce zainteresowanie, szczeg\u00f3lnie w kontek\u015bcie post\u0119powa\u0144 zwi\u0105zanych z dzia\u0142alno\u015bci\u0105 gie\u0142dy i os\u00f3b z jej otoczenia.<\/p>\n\n\n\n<p class=\"wp-block-paragraph\">Wed\u0142ug Wirtualnej Polski Roman \u017b. by\u0142 jednym z jego wieloletnich wsp\u00f3lnik\u00f3w.<\/p>\n\n\n\n<p class=\"wp-block-paragraph\">Dziennikarze okre\u015blaj\u0105 go jako kluczowego partnera biznesowego Suszka.<\/p>\n\n\n\n<p class=\"wp-block-paragraph\">Zatrzymanie m\u0119\u017cczyzny ma by\u0107 elementem szerszego \u015bledztwa dotycz\u0105cego Zondacrypto.<\/p>\n\n\n\n<p class=\"wp-block-paragraph\">Wed\u0142ug dotychczasowych informacji Roman \u017b. jest podejrzewany o udzia\u0142 w przest\u0119pczym procederze.<\/p>\n\n\n\n<p class=\"wp-block-paragraph\">Chodzi mi\u0119dzy innymi o kierowanie zorganizowan\u0105 grup\u0105 przest\u0119pcz\u0105 oraz pranie pieni\u0119dzy.<\/p>\n\n\n\n<p class=\"wp-block-paragraph\">Na razie nie podano pe\u0142nych oficjalnych szczeg\u00f3\u0142\u00f3w dotycz\u0105cych zatrzymania.<\/p>\n\n\n\n<p class=\"wp-block-paragraph\">Zapowiadany jest komunikat Ministerstwa Sprawiedliwo\u015bci w tej sprawie.<\/p>\n\n\n\n<p class=\"wp-block-paragraph\">Obecnie maj\u0105 trwa\u0107 przeszukania.<\/p>\n\n\n\n<p class=\"wp-block-paragraph\">\u015aledczy b\u0119d\u0105 teraz ustala\u0107 rol\u0119 zatrzymanego w ca\u0142ej sprawie oraz jego powi\u0105zania z dzia\u0142alno\u015bci\u0105 gie\u0142dy.<\/p>\n\n\n\n<p class=\"wp-block-paragraph\">Sprawa Zondacrypto pozostaje jednym z najg\u0142o\u015bniejszych post\u0119powa\u0144 dotycz\u0105cych rynku kryptowalut w Polsce.<\/p>\n\n\n\n<p class=\"wp-block-paragraph\">Kolejne zatrzymanie pokazuje, \u017ce \u015bledztwo obejmuje nie tylko sam\u0105 gie\u0142d\u0119, ale r\u00f3wnie\u017c osoby z biznesowego otoczenia jej za\u0142o\u017cyciela.<\/p>\n\n\n\n<p class=\"wp-block-paragraph\">Na obecnym etapie nale\u017cy jednak pami\u0119ta\u0107, \u017ce o winie zatrzymanego mo\u017ce zdecydowa\u0107 wy\u0142\u0105cznie s\u0105d.<\/p>\n\n\n\n<p class=\"wp-block-paragraph\">Dalsze informacje w sprawie maj\u0105 zosta\u0107 przekazane po oficjalnym komunikacie s\u0142u\u017cb i Ministerstwa Sprawiedliwo\u015bci.<\/p>\n\n\n\n<p class=\"wp-block-paragraph\">Zatrzymanie Romana \u017b. w rozmowie z TVN24 potwierdzi\u0142 minister sprawiedliwo\u015bci Waldemar \u017burek.<\/p>\n","protected":false},"excerpt":{"rendered":"Kolejne zatrzymanie w \u015bledztwie dotycz\u0105cym Zondacrypto. Chodzi o wieloletniego wsp\u00f3lnika za\u0142o\u017cyciela gie\u0142dy W \u015bledztwie dotycz\u0105cym gie\u0142dy kryptowalut Zondacrypto dosz\u0142o do kolejnego zatrzymania. Wed\u0142ug \n<a class=\"moretag\" href=\"https:\/\/time24.pl.ua\/?p=18478\"> [...]<\/a>","protected":false},"author":1,"featured_media":0,"comment_status":"open","ping_status":"open","sticky":false,"template":"","format":"standard","meta":{"footnotes":""},"categories":[1],"tags":[],"class_list":["post-18478","post","type-post","status-publish","format-standard","hentry","category-blog"],"_links":{"self":[{"href":"https:\/\/time24.pl.ua\/index.php?rest_route=\/wp\/v2\/posts\/18478","targetHints":{"allow":["GET"]}}],"collection":[{"href":"https:\/\/time24.pl.ua\/index.php?rest_route=\/wp\/v2\/posts"}],"about":[{"href":"https:\/\/time24.pl.ua\/index.php?rest_route=\/wp\/v2\/types\/post"}],"author":[{"embeddable":true,"href":"https:\/\/time24.pl.ua\/index.php?rest_route=\/wp\/v2\/users\/1"}],"replies":[{"embeddable":true,"href":"https:\/\/time24.pl.ua\/index.php?rest_route=%2Fwp%2Fv2%2Fcomments&post=18478"}],"version-history":[{"count":1,"href":"https:\/\/time24.pl.ua\/index.php?rest_route=\/wp\/v2\/posts\/18478\/revisions"}],"predecessor-version":[{"id":18479,"href":"https:\/\/time24.pl.ua\/index.php?rest_route=\/wp\/v2\/posts\/18478\/revisions\/18479"}],"wp:attachment":[{"href":"https:\/\/time24.pl.ua\/index.php?rest_route=%2Fwp%2Fv2%2Fmedia&parent=18478"}],"wp:term":[{"taxonomy":"category","embeddable":true,"href":"https:\/\/time24.pl.ua\/index.php?rest_route=%2Fwp%2Fv2%2Fcategories&post=18478"},{"taxonomy":"post_tag","embeddable":true,"href":"https:\/\/time24.pl.ua\/index.php?rest_route=%2Fwp%2Fv2%2Ftags&post=18478"}],"curies":[{"name":"wp","href":"https:\/\/api.w.org\/{rel}","templated":true}]}}