{"id":18476,"date":"2026-09-04T21:02:26","date_gmt":"2026-09-04T21:02:26","guid":{"rendered":"https:\/\/time24.pl.ua\/?p=18476"},"modified":"2026-09-04T21:02:28","modified_gmt":"2026-09-04T21:02:28","slug":"wiesci-ze-stanow-ws-piotra-adamczyka-dotarly-znienacka-zapisal-sie-do-organizacji-to-go-czeka","status":"publish","type":"post","link":"https:\/\/time24.pl.ua\/?p=18476","title":{"rendered":"Wie\u015bci ze Stan\u00f3w ws. Piotra Adamczyka dotar\u0142y znienacka. Zapisa\u0142 si\u0119 do organizacji, to go czeka"},"content":{"rendered":"\n<p class=\"wp-block-paragraph\">Piotr Adamczyk niespodziewanie przypomnia\u0142 o sobie w ostatnim czasie. Wszystko z powodu zaskakuj\u0105cych informacji o jego anga\u017cu do \u201cDzie\u0144 Dobry TVN\u201d. Od razu pojawi\u0142y si\u0119 sugestie, \u017ce z jego aktorska karier\u0105 musi nie by\u0107 najlepiej, skoro przyjmuje ofert\u0119 pracy w \u015bniadani\u00f3wce. Ostatecznie okaza\u0142o si\u0119, \u017ce to tygodniowa fucha, za kt\u00f3r\u0105 pono\u0107 nawet nie wzi\u0105\u0142 od TVN pieni\u0119dzy. Pieni\u0105dze i to z dw\u00f3ch \u017ar\u00f3de\u0142 mo\u017ce za to dosta\u0107, gdy przejdzie na emerytur\u0119.<\/p>\n\n\n\n<p class=\"wp-block-paragraph\"><a href=\"https:\/\/www.pomponik.pl\/gwiazdy-i-produkcje-piotr-adamczyk,gsbi,240\">Piotr Adamczyk<\/a>&nbsp;zyska\u0142 w Polsce spor\u0105 popularno\u015b\u0107 dzi\u0119ki komediom romantycznym i wcielaniu si\u0119 w znanych Polak\u00f3w. Od pewnego czasu w kraju by\u0142o o nim jednak nieco ciszej. Okaza\u0142o si\u0119, \u017ce by\u0142y ukochany&nbsp;<a href=\"https:\/\/www.pomponik.pl\/gwiazdy-i-produkcje-weronika-rosati,gsbi,187\">Weroniki Rosati<\/a>&nbsp;pozazdro\u015bci\u0142 jej \u201chollywoodzkiej kariery\u201d i sam postanowi\u0142 zaznaczy\u0107 swoj\u0105 obecno\u015b\u0107 na tamtejszym rynku filmowym.<strong>&nbsp;I okaza\u0142o si\u0119 finalnie, \u017ce odni\u00f3s\u0142 znacznie wi\u0119ksze sukcesy ni\u017c dawna partnerka.&nbsp;<\/strong><\/p>\n\n\n\n<hr class=\"wp-block-separator has-alpha-channel-opacity\"\/>\n\n\n\n<hr class=\"wp-block-separator has-alpha-channel-opacity\"\/>\n\n\n\n<h2 class=\"wp-block-heading\">Adamczyk t\u0142umaczy si\u0119 z pracy w \u201cDzie\u0144 Dobry TVN\u201d<\/h2>\n\n\n\n<hr class=\"wp-block-separator has-alpha-channel-opacity\"\/>\n\n\n\n<p class=\"wp-block-paragraph\">Zagra\u0142 ju\u017c w kilku serialach, w tym produkowanym przez Marvela \u201cHawkeye\u201d. A to przecie\u017c dopiero zapewne pocz\u0105tek.<\/p>\n\n\n\n<p class=\"wp-block-paragraph\">Nic wi\u0119c dziwnego, \u017ce niedawne informacje o jego anga\u017cu do&nbsp;<a href=\"https:\/\/www.pomponik.pl\/gwiazdy-i-produkcje-dzien-dobry-tvn,gsbi,293\">\u201cDzie\u0144 Dobry TVN\u201d<\/a>, wywo\u0142a\u0142y tak du\u017ce poruszenie. Z\u0142o\u015bliwi pisali, \u017ce najwyra\u017aniej z jego ameryka\u0144sk\u0105 karier\u0105 wcale nie jest tak dobrze, skoro musi dorabia\u0107 w \u015bniadani\u00f3wce.<\/p>\n\n\n\n<p class=\"wp-block-paragraph\">W ko\u0144cu sam zainteresowany postanowi\u0142 zabra\u0107 g\u0142os i wszystko wyja\u015bni\u0107:<\/p>\n\n\n\n<p class=\"wp-block-paragraph\">\u201cCzytam o sobie, \u017ce sko\u0144czy\u0142a si\u0119 ju\u017c moja kariera, musz\u0119 dorabia\u0107 w Polsce zarabiaj\u0105c horrendalne pieni\u0105dze jako prowadz\u0105cy DDTVN. Gwoli sprostowania: wci\u0105\u017c pracuj\u0119 jako aktor, a<strong>&nbsp;z propozycji wsp\u00f3\u0142tworzenia ram\u00f3wki DDTVN przez tydzie\u0144, skorzysta\u0142em pro publico bono, bo ucieszy\u0142a mnie szansa opowiedzenia o tematach, kt\u00f3re s\u0105 mi bliskie&nbsp;<\/strong>(\u2026). Po tygodniu funkcj\u0119 tygodniowego naczelnego przejmie kolejna znana Wam osoba\u201d \u2013 wyzna\u0142 na Instagramie aktor.<\/p>\n\n\n\n<h2 class=\"wp-block-heading\">Piotr Adamczyk dostanie dwie emerytury. Kwota jednej wprawia w os\u0142upienie<\/h2>\n\n\n\n<hr class=\"wp-block-separator has-alpha-channel-opacity\"\/>\n\n\n\n<p class=\"wp-block-paragraph\">Okazuje si\u0119, \u017ce za to szans\u0119 na spory zarobek Adamczyk ma dzi\u0119ki w\u0142a\u015bnie zaznaczeniu swej obecno\u015bci w Hollywood. Przynale\u017cno\u015b\u0107 do Ameryka\u0144skiego Zwi\u0105zku Zawodowego SAG-AFTRA, mo\u017ce mu si\u0119 nie\u017ale op\u0142aci\u0107 w przysz\u0142o\u015bci.<\/p>\n\n\n\n<hr class=\"wp-block-separator has-alpha-channel-opacity\"\/>\n\n\n\n<hr class=\"wp-block-separator has-alpha-channel-opacity\"\/>\n\n\n\n<p class=\"wp-block-paragraph\">Jak donosi shownews.pl, po spe\u0142nieniu pewnych warunk\u00f3w i odprowadzaniu sk\u0142adek,&nbsp;<strong>dostanie ameryka\u0144sk\u0105 emerytur\u0119.&nbsp;<\/strong>Musi jednak przepracowa\u0107 w USA dziesi\u0119\u0107 lat, by cieszy\u0107 si\u0119 wszystkimi dobrodziejstwami tego cz\u0142onkostwa.<\/p>\n\n\n\n<p class=\"wp-block-paragraph\"><strong>Gdy ca\u0142y czas polskie gwiazdy utyskuj\u0105 na niskie&nbsp;<a href=\"https:\/\/biznes.interia.pl\/emerytury\/news-zus-zmienia-termin-wyplat-emerytur-oni-dostana-w-pazdziernik,nId,7817749\" target=\"_blank\" rel=\"noopener\">emerytury<\/a>, ta p\u0142yn\u0105ca z USA mo\u017ce solidnie zasili\u0107 konto Adamczyka.<\/strong>&nbsp;Nale\u017c\u0105cy do zwi\u0105zku mog\u0105 bowiem liczy\u0107 na kwot\u0119 si\u0119gaj\u0105c\u0105 nawet ponad 3,5 tysi\u0105ca dolar\u00f3w miesi\u0119cznie, czyli na ponad 14 tysi\u0119cy z\u0142otych.<\/p>\n\n\n\n<p class=\"wp-block-paragraph\">Szans\u0119 na podobne pieni\u0105dze maj\u0105 tak\u017ce m.in.&nbsp;<a href=\"https:\/\/film.interia.pl\/wiadomosci\">Joanna Kulig<\/a>, Weronika Rosati czy&nbsp;<a href=\"https:\/\/www.pomponik.pl\/gwiazdy-i-produkcje-alicja-bachleda-curus,gsbi,216\">Alicja Bachleda-Curu\u015b<\/a>, kt\u00f3rzy te\u017c zapisali si\u0119 do Ameryka\u0144skiego Zwi\u0105zku Zawodowego SAG-AFTRA.<\/p>\n","protected":false},"excerpt":{"rendered":"Piotr Adamczyk niespodziewanie przypomnia\u0142 o sobie w ostatnim czasie. Wszystko z powodu zaskakuj\u0105cych informacji o jego anga\u017cu do \u201cDzie\u0144 Dobry TVN\u201d. Od razu \n<a class=\"moretag\" href=\"https:\/\/time24.pl.ua\/?p=18476\"> [...]<\/a>","protected":false},"author":1,"featured_media":0,"comment_status":"open","ping_status":"open","sticky":false,"template":"","format":"standard","meta":{"footnotes":""},"categories":[1],"tags":[],"class_list":["post-18476","post","type-post","status-publish","format-standard","hentry","category-blog"],"_links":{"self":[{"href":"https:\/\/time24.pl.ua\/index.php?rest_route=\/wp\/v2\/posts\/18476","targetHints":{"allow":["GET"]}}],"collection":[{"href":"https:\/\/time24.pl.ua\/index.php?rest_route=\/wp\/v2\/posts"}],"about":[{"href":"https:\/\/time24.pl.ua\/index.php?rest_route=\/wp\/v2\/types\/post"}],"author":[{"embeddable":true,"href":"https:\/\/time24.pl.ua\/index.php?rest_route=\/wp\/v2\/users\/1"}],"replies":[{"embeddable":true,"href":"https:\/\/time24.pl.ua\/index.php?rest_route=%2Fwp%2Fv2%2Fcomments&post=18476"}],"version-history":[{"count":1,"href":"https:\/\/time24.pl.ua\/index.php?rest_route=\/wp\/v2\/posts\/18476\/revisions"}],"predecessor-version":[{"id":18477,"href":"https:\/\/time24.pl.ua\/index.php?rest_route=\/wp\/v2\/posts\/18476\/revisions\/18477"}],"wp:attachment":[{"href":"https:\/\/time24.pl.ua\/index.php?rest_route=%2Fwp%2Fv2%2Fmedia&parent=18476"}],"wp:term":[{"taxonomy":"category","embeddable":true,"href":"https:\/\/time24.pl.ua\/index.php?rest_route=%2Fwp%2Fv2%2Fcategories&post=18476"},{"taxonomy":"post_tag","embeddable":true,"href":"https:\/\/time24.pl.ua\/index.php?rest_route=%2Fwp%2Fv2%2Ftags&post=18476"}],"curies":[{"name":"wp","href":"https:\/\/api.w.org\/{rel}","templated":true}]}}