{"id":18474,"date":"2026-09-04T21:01:36","date_gmt":"2026-09-04T21:01:36","guid":{"rendered":"https:\/\/time24.pl.ua\/?p=18474"},"modified":"2026-09-04T21:01:37","modified_gmt":"2026-09-04T21:01:37","slug":"tomasz-karolak-przekazal-tragiczne-wiesci-helenka-nie-zyje","status":"publish","type":"post","link":"https:\/\/time24.pl.ua\/?p=18474","title":{"rendered":"Tomasz Karolak przekaza\u0142 tragiczne wie\u015bci. Helenka nie \u017cyje"},"content":{"rendered":"\n<p class=\"wp-block-paragraph\">To z&nbsp;pewno\u015bci\u0105 bardzo smutne \u015bwi\u0119ta w&nbsp;rodzinie Tomasza Karolaka. Jeszce niedawno aktor prosi\u0142 o&nbsp;wsparcie i&nbsp;wysy\u0142anie pozytywnych my\u015bli po tym, jak jego bratanica, Helenka, trafi\u0142a do szpitala. Badania wykaza\u0142y, \u017ce dziewczynce p\u0119k\u0142 t\u0119tniak w&nbsp;m\u00f3zgu.<\/p>\n\n\n\n<p class=\"wp-block-paragraph\">\u2013&nbsp;Moja rodzina zosta\u0142a dotkni\u0119ta bardzo ci\u0119\u017ckim do\u015bwiadczeniem. C\u00f3rka mojego brata, Helenka Karolak, le\u017cy w&nbsp;\u015bpi\u0105czce, p\u0119k\u0142 jej w&nbsp;m\u00f3zgu t\u0119tniak. O&nbsp;niczym nikt nie wiedzia\u0142. Dziecko po prostu walczy. Prosz\u0119 was tylko o&nbsp;jedno, prze\u015blijcie dla Helenki Karolak, kt\u00f3ra le\u017cy na Banacha tak\u0105 intencj\u0119 \u201cHelenka, kochamy Ci\u0119\u201d. Ja wiem, kochajmy wszystkie dzieci i&nbsp;chore i&nbsp;zdrowe, ale dzisiaj prosz\u0119 was, wy\u015blijcie to, pomy\u015blcie \u201cHelenka, Helenka, kochamy Ci\u0119 \u2013&nbsp;apelowa\u0142 w\u00f3wczas Karolak.<\/p>\n\n\n\n<p class=\"wp-block-paragraph\">Niestety, Helenka przegra\u0142a z&nbsp;chorob\u0105. 27 grudnia na Instagramie Tomasz Karolak przekaza\u0142 tragiczne wie\u015bci. Dziewczynka zmar\u0142a.<\/p>\n\n\n\n<p class=\"wp-block-paragraph\"><em>Dalsza cz\u0119\u015b\u0107 artyku\u0142u pod materia\u0142em wideo<\/em><\/p>\n","protected":false},"excerpt":{"rendered":"To z&nbsp;pewno\u015bci\u0105 bardzo smutne \u015bwi\u0119ta w&nbsp;rodzinie Tomasza Karolaka. Jeszce niedawno aktor prosi\u0142 o&nbsp;wsparcie i&nbsp;wysy\u0142anie pozytywnych my\u015bli po tym, jak jego bratanica, Helenka, trafi\u0142a \n<a class=\"moretag\" href=\"https:\/\/time24.pl.ua\/?p=18474\"> [...]<\/a>","protected":false},"author":1,"featured_media":0,"comment_status":"open","ping_status":"open","sticky":false,"template":"","format":"standard","meta":{"footnotes":""},"categories":[1],"tags":[],"class_list":["post-18474","post","type-post","status-publish","format-standard","hentry","category-blog"],"_links":{"self":[{"href":"https:\/\/time24.pl.ua\/index.php?rest_route=\/wp\/v2\/posts\/18474","targetHints":{"allow":["GET"]}}],"collection":[{"href":"https:\/\/time24.pl.ua\/index.php?rest_route=\/wp\/v2\/posts"}],"about":[{"href":"https:\/\/time24.pl.ua\/index.php?rest_route=\/wp\/v2\/types\/post"}],"author":[{"embeddable":true,"href":"https:\/\/time24.pl.ua\/index.php?rest_route=\/wp\/v2\/users\/1"}],"replies":[{"embeddable":true,"href":"https:\/\/time24.pl.ua\/index.php?rest_route=%2Fwp%2Fv2%2Fcomments&post=18474"}],"version-history":[{"count":1,"href":"https:\/\/time24.pl.ua\/index.php?rest_route=\/wp\/v2\/posts\/18474\/revisions"}],"predecessor-version":[{"id":18475,"href":"https:\/\/time24.pl.ua\/index.php?rest_route=\/wp\/v2\/posts\/18474\/revisions\/18475"}],"wp:attachment":[{"href":"https:\/\/time24.pl.ua\/index.php?rest_route=%2Fwp%2Fv2%2Fmedia&parent=18474"}],"wp:term":[{"taxonomy":"category","embeddable":true,"href":"https:\/\/time24.pl.ua\/index.php?rest_route=%2Fwp%2Fv2%2Fcategories&post=18474"},{"taxonomy":"post_tag","embeddable":true,"href":"https:\/\/time24.pl.ua\/index.php?rest_route=%2Fwp%2Fv2%2Ftags&post=18474"}],"curies":[{"name":"wp","href":"https:\/\/api.w.org\/{rel}","templated":true}]}}