{"id":18468,"date":"2026-09-04T20:57:52","date_gmt":"2026-09-04T20:57:52","guid":{"rendered":"https:\/\/time24.pl.ua\/?p=18468"},"modified":"2026-09-04T20:57:53","modified_gmt":"2026-09-04T20:57:53","slug":"nie-zyje-b-poslanka-pis-tragiczna-informacja-obiegla-polska","status":"publish","type":"post","link":"https:\/\/time24.pl.ua\/?p=18468","title":{"rendered":"Nie \u017cyje b. pos\u0142anka PiS. Tragiczna informacja obieg\u0142a Polska"},"content":{"rendered":"\n<p class=\"wp-block-paragraph\">Nie \u017cyje b. pos\u0142anka PiS. Tragiczna informacja obieg\u0142a Polsk\u0119<\/p>\n\n\n\n<p class=\"wp-block-paragraph\">Zmar\u0142a El\u017cbieta Barys, od lat zwi\u0105zana z \u201eSolidarno\u015bci\u0105\u201d, polityk\u0105 i Lesznem. Dzia\u0142a\u0142a w LPR i PiS jako pos\u0142anka i cz\u0142onkini Sejmiku Wojew\u00f3dztwa Wielkopolskiego.<\/p>\n\n\n\n<p class=\"wp-block-paragraph\">Nie \u017cyje dzia\u0142aczka PiS z Wielkopolski<\/p>\n\n\n\n<p class=\"wp-block-paragraph\">Zmar\u0142a dzia\u0142aczka Prawa i Sprawiedliwo\u015bci (PiS) i polityczka El\u017cbieta Barys. Prze\u017cy\u0142a 79 lat. Pochodzi\u0142a z Poznania, mieszka\u0142a w Lesznie i przez cale \u017cycie wi\u0105za\u0142a swoj\u0105 karier\u0119 z Wielkopolsk\u0105. Z zawodu by\u0142a radczyni\u0105 prawn\u0105 i pracowa\u0142a jako nauczycielka akademicka. Dzia\u0142a\u0142a w PiS, LPR i \u201eSolidarno\u015bci\u201d. O jej odej\u015bciu poinformowa\u0142 o poranku 13 sierpnia 2026 roku portal Leszno 24.<\/p>\n\n\n\n<p class=\"wp-block-paragraph\">Kim by\u0142a El\u017cbieta Barys?<\/p>\n\n\n\n<p class=\"wp-block-paragraph\">Od 1980 roku El\u017cbieta Barys dzia\u0142a\u0142a w opozycji antykomunistycznej. Z tego powodu pad\u0142a ofiar\u0105 represji i zatrzymania (w 1983 roku) przez S\u0142u\u017cb\u0119 Bezpiecze\u0144stwa (SB). Wst\u0105pi\u0142a tak\u017ce do NSZZ \u201eSolidarno\u015bci\u201d i pracowa\u0142a w regionalnym zarz\u0105dzie. W 1997 roku zasiad\u0142a w Sejmie jako pos\u0142anka Akcji Wyborczej Solidarno\u015b\u0107.<\/p>\n\n\n\n<p class=\"wp-block-paragraph\">Od 2002 do 2010 roku by\u0142a radn\u0105 Sejmiku Wojew\u00f3dztwa Wielkopolskiego. Reprezentowa\u0142a najpierw Ligi\u0119 Polskich Rodzin (LPR), a p\u00f3\u017aniej PiS. Wielokrotnie startowa\u0142a tak\u017ce w wyborach do senatu, Parlamentu Europejskiego i na stanowisko prezydentki w Lesznie. Wsp\u00f3\u0142pracowa\u0142a tak\u017ce z partiami Polska Razem i Polska Jest Jedna.<\/p>\n\n\n\n<p class=\"wp-block-paragraph\">Prezydent Leszna o dzia\u0142aczce: \u201ePrzez lata by\u0142a zaanga\u017cowana\u201d<\/p>\n\n\n\n<p class=\"wp-block-paragraph\">Dzia\u0142aczk\u0119 po\u017cegna\u0142 tak\u017ce Grzegorz Rusiecki, czyli obecny prezydent Leszna. We wpisie na platformie Facebook wspomnia\u0142 jej zas\u0142ugi i zaanga\u017cowanie w \u017cycie regionu i ca\u0142ego pa\u0144stwa:<\/p>\n\n\n\n<p class=\"wp-block-paragraph\">Przez lata by\u0142a bardzo zaanga\u017cowana w dzia\u0142alno\u015b\u0107 publiczn\u0105 i polityczn\u0105 \u2013 zar\u00f3wno na szczeblu lokalnym, jak i krajowym.<\/p>\n\n\n\n<p class=\"wp-block-paragraph\">Szef lokalnych w\u0142adz zamie\u015bci\u0142 tak\u017ce wyrazy wsp\u00f3\u0142czucia w kierunku rodziny i bliskich El\u017cbiety Barys. Opublikowa\u0142 tak\u017ce \u017cyczenia spoczynku w spokoju, a pod jego wpisem mieszka\u0144cy r\u00f3wnie\u017c \u017cegnali polityczk\u0119.<\/p>\n\n\n\n<p class=\"wp-block-paragraph\">nie \u017cyjepispolitykaprawo i sprawiedliwo\u015b\u0107<\/p>\n\n\n\n<p class=\"wp-block-paragraph\">Nadia Regu\u0142a \u2013 Redaktor<\/p>\n\n\n\n<p class=\"wp-block-paragraph\">Dziennikarka specjalizuj\u0105ca si\u0119 w tematyce biznesowej, spo\u0142ecznej oraz kulturalnej. Przygotowywa\u0142a artyku\u0142y i materia\u0142y audiowizualne dla medi\u00f3w takich jak: Goniec.pl, Krak\u00f3w i \u015awiat, Studenckie Radio \u017bak Politechniki \u0141\u00f3dzkiej.<\/p>\n\n\n\n<p class=\"wp-block-paragraph\">Jest absolwentk\u0105 Programu Matury Mi\u0119dzynarodowej IBDP oraz publikuje swoj\u0105 tw\u00f3rczo\u015b\u0107 muzyczn\u0105 pod pseudonimem NadiaRe.<\/p>\n","protected":false},"excerpt":{"rendered":"Nie \u017cyje b. pos\u0142anka PiS. Tragiczna informacja obieg\u0142a Polsk\u0119 Zmar\u0142a El\u017cbieta Barys, od lat zwi\u0105zana z \u201eSolidarno\u015bci\u0105\u201d, polityk\u0105 i Lesznem. Dzia\u0142a\u0142a w LPR \n<a class=\"moretag\" href=\"https:\/\/time24.pl.ua\/?p=18468\"> [...]<\/a>","protected":false},"author":1,"featured_media":18469,"comment_status":"open","ping_status":"open","sticky":false,"template":"","format":"standard","meta":{"footnotes":""},"categories":[1],"tags":[],"class_list":["post-18468","post","type-post","status-publish","format-standard","has-post-thumbnail","hentry","category-blog"],"_links":{"self":[{"href":"https:\/\/time24.pl.ua\/index.php?rest_route=\/wp\/v2\/posts\/18468","targetHints":{"allow":["GET"]}}],"collection":[{"href":"https:\/\/time24.pl.ua\/index.php?rest_route=\/wp\/v2\/posts"}],"about":[{"href":"https:\/\/time24.pl.ua\/index.php?rest_route=\/wp\/v2\/types\/post"}],"author":[{"embeddable":true,"href":"https:\/\/time24.pl.ua\/index.php?rest_route=\/wp\/v2\/users\/1"}],"replies":[{"embeddable":true,"href":"https:\/\/time24.pl.ua\/index.php?rest_route=%2Fwp%2Fv2%2Fcomments&post=18468"}],"version-history":[{"count":1,"href":"https:\/\/time24.pl.ua\/index.php?rest_route=\/wp\/v2\/posts\/18468\/revisions"}],"predecessor-version":[{"id":18470,"href":"https:\/\/time24.pl.ua\/index.php?rest_route=\/wp\/v2\/posts\/18468\/revisions\/18470"}],"wp:featuredmedia":[{"embeddable":true,"href":"https:\/\/time24.pl.ua\/index.php?rest_route=\/wp\/v2\/media\/18469"}],"wp:attachment":[{"href":"https:\/\/time24.pl.ua\/index.php?rest_route=%2Fwp%2Fv2%2Fmedia&parent=18468"}],"wp:term":[{"taxonomy":"category","embeddable":true,"href":"https:\/\/time24.pl.ua\/index.php?rest_route=%2Fwp%2Fv2%2Fcategories&post=18468"},{"taxonomy":"post_tag","embeddable":true,"href":"https:\/\/time24.pl.ua\/index.php?rest_route=%2Fwp%2Fv2%2Ftags&post=18468"}],"curies":[{"name":"wp","href":"https:\/\/api.w.org\/{rel}","templated":true}]}}