{"id":18459,"date":"2026-09-04T20:50:21","date_gmt":"2026-09-04T20:50:21","guid":{"rendered":"https:\/\/time24.pl.ua\/?p=18459"},"modified":"2026-09-04T20:50:21","modified_gmt":"2026-09-04T20:50:21","slug":"nowe-wiesci-ws-smierci-witolda-plociennika","status":"publish","type":"post","link":"https:\/\/time24.pl.ua\/?p=18459","title":{"rendered":"Nowe wie\u015bci ws. \u015bmierci Witolda P\u0142\u00f3ciennika"},"content":{"rendered":"\n<p class=\"wp-block-paragraph\"><strong>Tragiczny fina\u0142 poszukiwa\u0144 znanego operatora. Cia\u0142o znaleziono w lesie<\/strong><\/p>\n\n\n\n<p class=\"wp-block-paragraph\">W wojew\u00f3dztwie lubuskim odnaleziono cia\u0142o Witolda P\u0142\u00f3ciennika, znanego operatora filmowego.<\/p>\n\n\n\n<p class=\"wp-block-paragraph\">M\u0119\u017cczyzna by\u0142 poszukiwany od 29 sierpnia.<\/p>\n\n\n\n<p class=\"wp-block-paragraph\">Informacj\u0119 o jego \u015bmierci potwierdzi\u0142a Prokuratura Okr\u0119gowa w Gorzowie Wielkopolskim.<\/p>\n\n\n\n<p class=\"wp-block-paragraph\">Na miejscu prowadzone s\u0105 czynno\u015bci procesowe pod nadzorem prokuratora.<\/p>\n\n\n\n<p class=\"wp-block-paragraph\">Tragiczne odkrycie nast\u0105pi\u0142o w czwartek, 3 wrze\u015bnia, w kompleksie le\u015bnym w Lubniewicach.<\/p>\n\n\n\n<p class=\"wp-block-paragraph\">Jak przekaza\u0142a \u201eFaktowi\u201d Mariola Wojciechowska-Grze\u015bkowiak, rzeczniczka Prokuratury Okr\u0119gowej w Gorzowie Wielkopolskim, cia\u0142o znaleziono w pobli\u017cu jeziora Krzywe.<\/p>\n\n\n\n<p class=\"wp-block-paragraph\">Informacj\u0119 o odnalezieniu zw\u0142ok potwierdzi\u0142o r\u00f3wnie\u017c RMF FM.<\/p>\n\n\n\n<p class=\"wp-block-paragraph\">Stacja poda\u0142a, \u017ce przeprowadzona identyfikacja wykaza\u0142a, i\u017c chodzi o poszukiwanego od kilku dni Witolda P\u0142\u00f3ciennika.<\/p>\n\n\n\n<p class=\"wp-block-paragraph\">Jeszcze przed godzin\u0105 20 policja informowa\u0142a o dzia\u0142aniach prowadzonych na miejscu.<\/p>\n\n\n\n<p class=\"wp-block-paragraph\">Sier\u017cant Martyna Litka, oficer prasowy Komendanta Powiatowego Policji w Sul\u0119cinie, przekaza\u0142a RMF FM, \u017ce odnaleziono cia\u0142o m\u0119\u017cczyzny.<\/p>\n\n\n\n<p class=\"wp-block-paragraph\">Doda\u0142a, \u017ce na miejscu trwaj\u0105 czynno\u015bci procesowe pod nadzorem prokuratora.<\/p>\n\n\n\n<p class=\"wp-block-paragraph\">\u015aledczy b\u0119d\u0105 teraz ustala\u0107, co dok\u0142adnie doprowadzi\u0142o do \u015bmierci 56-latka.<\/p>\n\n\n\n<p class=\"wp-block-paragraph\">Na razie nie podano oficjalnych informacji dotycz\u0105cych bezpo\u015bredniej przyczyny zgonu.<\/p>\n\n\n\n<p class=\"wp-block-paragraph\">Poszukiwania Witolda P\u0142\u00f3ciennika rozpocz\u0119\u0142y si\u0119 po jego zagini\u0119ciu 29 sierpnia.<\/p>\n\n\n\n<p class=\"wp-block-paragraph\">Ostatni raz widziano go w Lubniewicach w wojew\u00f3dztwie lubuskim.<\/p>\n\n\n\n<p class=\"wp-block-paragraph\">Operator przyjecha\u0142 tam w celach wypoczynkowych.<\/p>\n\n\n\n<p class=\"wp-block-paragraph\">Jak wynika z przekazanych informacji, chcia\u0142 odpocz\u0105\u0107 i zrelaksowa\u0107 si\u0119 nad wod\u0105.<\/p>\n\n\n\n<p class=\"wp-block-paragraph\">P\u00f3\u017aniej kontakt z nim si\u0119 urwa\u0142.<\/p>\n\n\n\n<p class=\"wp-block-paragraph\">Rozpocz\u0119te poszukiwania zako\u0144czy\u0142y si\u0119 tragicznym odkryciem w lesie.<\/p>\n\n\n\n<p class=\"wp-block-paragraph\">O \u015bmierci Witolda P\u0142\u00f3ciennika poinformowano po zako\u0144czeniu identyfikacji.<\/p>\n\n\n\n<p class=\"wp-block-paragraph\">Prokuratura potwierdzi\u0142a odnalezienie cia\u0142a, a policja przekaza\u0142a, \u017ce na miejscu wykonywane s\u0105 niezb\u0119dne czynno\u015bci.<\/p>\n\n\n\n<p class=\"wp-block-paragraph\">Dopiero dalsze ustalenia \u015bledczych pozwol\u0105 odpowiedzie\u0107 na pytanie, w jakich okoliczno\u015bciach dosz\u0142o do \u015bmierci operatora.<\/p>\n\n\n\n<p class=\"wp-block-paragraph\">Witold P\u0142\u00f3ciennik by\u0142 cenionym operatorem filmowym.<\/p>\n\n\n\n<p class=\"wp-block-paragraph\">Przez lata pracowa\u0142 przy wielu filmach i serialach.<\/p>\n\n\n\n<p class=\"wp-block-paragraph\">Jego zdj\u0119cia by\u0142y nagradzane na wa\u017cnych festiwalach filmowych.<\/p>\n\n\n\n<p class=\"wp-block-paragraph\">W 2019 roku otrzyma\u0142 nagrod\u0119 za zdj\u0119cia do filmu \u201eIkar. Legenda Mietka Kosza\u201d podczas Festiwalu Polskich Film\u00f3w Fabularnych w Gdyni.<\/p>\n\n\n\n<p class=\"wp-block-paragraph\">Rok p\u00f3\u017aniej zdoby\u0142 Nagrod\u0119 G\u0142\u00f3wn\u0105 w Konkursie Film\u00f3w Polskich na Mi\u0119dzynarodowym Festiwalu Sztuki Autor\u00f3w Zdj\u0119\u0107 Filmowych \u201eCamerimage\u201d w Toruniu.<\/p>\n\n\n\n<p class=\"wp-block-paragraph\">Wyr\u00f3\u017cnienie przyznano mu za zdj\u0119cia do filmu \u201eZieja\u201d.<\/p>\n\n\n\n<p class=\"wp-block-paragraph\">By\u0142 r\u00f3wnie\u017c autorem zdj\u0119\u0107 do takich produkcji jak \u201eWymyk\u201d, \u201eCarte Blanche\u201d i \u201eZa niebieskimi drzwiami\u201d.<\/p>\n\n\n\n<p class=\"wp-block-paragraph\">Pracowa\u0142 tak\u017ce przy popularnych serialach \u201eStulecie Winnych\u201d oraz \u201eKlangor\u201d.<\/p>\n\n\n\n<p class=\"wp-block-paragraph\">\u015amier\u0107 Witolda P\u0142\u00f3ciennika to smutna wiadomo\u015b\u0107 dla \u015brodowiska filmowego.<\/p>\n\n\n\n<p class=\"wp-block-paragraph\">Poszukiwania, kt\u00f3re trwa\u0142y od 29 sierpnia, zako\u0144czy\u0142y si\u0119 odnalezieniem jego cia\u0142a w lesie w Lubniewicach.<\/p>\n\n\n\n<p class=\"wp-block-paragraph\">Spraw\u0105 zajmuje si\u0119 prokuratura, a dok\u0142adne okoliczno\u015bci tragedii maj\u0105 zosta\u0107 wyja\u015bnione w toku prowadzonych czynno\u015bci.<\/p>\n","protected":false},"excerpt":{"rendered":"Tragiczny fina\u0142 poszukiwa\u0144 znanego operatora. Cia\u0142o znaleziono w lesie W wojew\u00f3dztwie lubuskim odnaleziono cia\u0142o Witolda P\u0142\u00f3ciennika, znanego operatora filmowego. M\u0119\u017cczyzna by\u0142 poszukiwany od \n<a class=\"moretag\" href=\"https:\/\/time24.pl.ua\/?p=18459\"> [...]<\/a>","protected":false},"author":1,"featured_media":18460,"comment_status":"open","ping_status":"open","sticky":false,"template":"","format":"standard","meta":{"footnotes":""},"categories":[1],"tags":[],"class_list":["post-18459","post","type-post","status-publish","format-standard","has-post-thumbnail","hentry","category-blog"],"_links":{"self":[{"href":"https:\/\/time24.pl.ua\/index.php?rest_route=\/wp\/v2\/posts\/18459","targetHints":{"allow":["GET"]}}],"collection":[{"href":"https:\/\/time24.pl.ua\/index.php?rest_route=\/wp\/v2\/posts"}],"about":[{"href":"https:\/\/time24.pl.ua\/index.php?rest_route=\/wp\/v2\/types\/post"}],"author":[{"embeddable":true,"href":"https:\/\/time24.pl.ua\/index.php?rest_route=\/wp\/v2\/users\/1"}],"replies":[{"embeddable":true,"href":"https:\/\/time24.pl.ua\/index.php?rest_route=%2Fwp%2Fv2%2Fcomments&post=18459"}],"version-history":[{"count":1,"href":"https:\/\/time24.pl.ua\/index.php?rest_route=\/wp\/v2\/posts\/18459\/revisions"}],"predecessor-version":[{"id":18461,"href":"https:\/\/time24.pl.ua\/index.php?rest_route=\/wp\/v2\/posts\/18459\/revisions\/18461"}],"wp:featuredmedia":[{"embeddable":true,"href":"https:\/\/time24.pl.ua\/index.php?rest_route=\/wp\/v2\/media\/18460"}],"wp:attachment":[{"href":"https:\/\/time24.pl.ua\/index.php?rest_route=%2Fwp%2Fv2%2Fmedia&parent=18459"}],"wp:term":[{"taxonomy":"category","embeddable":true,"href":"https:\/\/time24.pl.ua\/index.php?rest_route=%2Fwp%2Fv2%2Fcategories&post=18459"},{"taxonomy":"post_tag","embeddable":true,"href":"https:\/\/time24.pl.ua\/index.php?rest_route=%2Fwp%2Fv2%2Ftags&post=18459"}],"curies":[{"name":"wp","href":"https:\/\/api.w.org\/{rel}","templated":true}]}}