{"id":18456,"date":"2026-09-04T20:44:52","date_gmt":"2026-09-04T20:44:52","guid":{"rendered":"https:\/\/time24.pl.ua\/?p=18456"},"modified":"2026-09-04T20:44:52","modified_gmt":"2026-09-04T20:44:52","slug":"ironiczna-wypowiedz-karola-nawrockiego-o-tvp","status":"publish","type":"post","link":"https:\/\/time24.pl.ua\/?p=18456","title":{"rendered":"Ironiczna wypowied\u017a Karola Nawrockiego o TVP"},"content":{"rendered":"\n<p class=\"wp-block-paragraph\"><strong>TVP Info odpowiedzia\u0142o prezydentowi. Chodzi o jego s\u0142owa o \u201epatyczakach\u201d i czasie antenowym<\/strong><\/p>\n\n\n\n<p class=\"wp-block-paragraph\">Na profilu TVP Info w serwisie X pojawi\u0142a si\u0119 odpowied\u017a na s\u0142owa prezydenta Karola Nawrockiego.<\/p>\n\n\n\n<p class=\"wp-block-paragraph\">Stacja odnios\u0142a si\u0119 do jego uwag dotycz\u0105cych relacjonowania prezydenckich wyst\u0105pie\u0144.<\/p>\n\n\n\n<p class=\"wp-block-paragraph\">Nawrocki zasugerowa\u0142, \u017ce Telewizja Polska cz\u0119\u015bciej wybiera inne tre\u015bci ni\u017c pokazywanie aktywno\u015bci g\u0142owy pa\u0144stwa.<\/p>\n\n\n\n<p class=\"wp-block-paragraph\">TVP Info odpowiedzia\u0142o wpisem i opublikowa\u0142o fragment wyst\u0105pienia prezydenta.<\/p>\n\n\n\n<p class=\"wp-block-paragraph\">Do wymiany zda\u0144 dosz\u0142o po czwartkowym spotkaniu Karola Nawrockiego z dziennikarzami pod Pa\u0142acem Prezydenckim.<\/p>\n\n\n\n<p class=\"wp-block-paragraph\">W trakcie wypowiedzi prezydent nawi\u0105za\u0142 do tego, jak jego aktywno\u015b\u0107 jest pokazywana przez Telewizj\u0119 Polsk\u0105.<\/p>\n\n\n\n<p class=\"wp-block-paragraph\">Zrobi\u0142 to w ironiczny spos\u00f3b.<\/p>\n\n\n\n<p class=\"wp-block-paragraph\">Wspomnia\u0142 mi\u0119dzy innymi o programach przyrodniczych i materia\u0142ach dotycz\u0105cych \u017cycia zwierz\u0105t.<\/p>\n\n\n\n<p class=\"wp-block-paragraph\">Karol Nawrocki m\u00f3wi\u0142, \u017ce ma nadziej\u0119, i\u017c Telewizja Polska transmituje jego wyst\u0105pienie.<\/p>\n\n\n\n<p class=\"wp-block-paragraph\">Jednocze\u015bnie zasugerowa\u0142, \u017ce na antenie mog\u0105 by\u0107 w tym czasie pokazywane inne materia\u0142y.<\/p>\n\n\n\n<p class=\"wp-block-paragraph\">W\u015br\u00f3d przyk\u0142ad\u00f3w wymieni\u0142 \u201e\u017cycie patyczak\u00f3w\u201d na innym kontynencie oraz kwitn\u0105c\u0105 wi\u015bni\u0119 w Kioto.<\/p>\n\n\n\n<p class=\"wp-block-paragraph\">Wypowied\u017a prezydenta by\u0142a komentarzem do tego, czy nadawca publiczny znajduje czas antenowy na jego wyst\u0105pienia.<\/p>\n\n\n\n<p class=\"wp-block-paragraph\">Nawrocki zestawi\u0142 mo\u017cliwo\u015b\u0107 pokazania wypowiedzi prezydenta z emisj\u0105 program\u00f3w przyrodniczych.<\/p>\n\n\n\n<p class=\"wp-block-paragraph\">Jego s\u0142owa szybko doczeka\u0142y si\u0119 reakcji ze strony TVP Info.<\/p>\n\n\n\n<p class=\"wp-block-paragraph\">Profil stacji na platformie X opublikowa\u0142 wpis odnosz\u0105cy si\u0119 bezpo\u015brednio do tej wypowiedzi.<\/p>\n\n\n\n<p class=\"wp-block-paragraph\">TVP Info napisa\u0142o, \u017ce prezydent Karol Nawrocki m\u00f3wi, i\u017c Telewizja Polska woli pokazywa\u0107 filmy przyrodnicze ni\u017c jego wyst\u0105pienia.<\/p>\n\n\n\n<p class=\"wp-block-paragraph\">Stacja doda\u0142a, \u017ce widzowie mogli si\u0119 o tym dowiedzie\u0107, ogl\u0105daj\u0105c transmisj\u0119 jego wypowiedzi w\u0142a\u015bnie w TVP Info.<\/p>\n\n\n\n<p class=\"wp-block-paragraph\">By\u0142a to odpowied\u017a na sugesti\u0119 prezydenta, \u017ce jego wyst\u0105pienie mog\u0142oby nie znale\u017a\u0107 miejsca na antenie.<\/p>\n\n\n\n<p class=\"wp-block-paragraph\">Do wpisu do\u0142\u0105czono r\u00f3wnie\u017c nagranie.<\/p>\n\n\n\n<p class=\"wp-block-paragraph\">Na materiale wideo znalaz\u0142 si\u0119 fragment czwartkowej wypowiedzi Karola Nawrockiego pod Pa\u0142acem Prezydenckim.<\/p>\n\n\n\n<p class=\"wp-block-paragraph\">Wida\u0107 na nim moment, w kt\u00f3rym prezydent ironizuje na temat Telewizji Polskiej.<\/p>\n\n\n\n<p class=\"wp-block-paragraph\">M\u00f3wi o patyczakach, sprawach przyrody i kwitn\u0105cej wi\u015bni w Kioto.<\/p>\n\n\n\n<p class=\"wp-block-paragraph\">TVP Info zestawi\u0142o te s\u0142owa z informacj\u0105, \u017ce wypowied\u017a prezydenta by\u0142a transmitowana przez stacj\u0119.<\/p>\n\n\n\n<p class=\"wp-block-paragraph\">W ten spos\u00f3b nadawca odpowiedzia\u0142 na zarzut dotycz\u0105cy braku czasu antenowego.<\/p>\n\n\n\n<p class=\"wp-block-paragraph\">Reakcja TVP Info mia\u0142a wi\u0119c charakter bezpo\u015bredniego komentarza do s\u0142\u00f3w Nawrockiego.<\/p>\n\n\n\n<p class=\"wp-block-paragraph\">Stacja nie ograniczy\u0142a si\u0119 do samego wpisu, ale pokaza\u0142a r\u00f3wnie\u017c fragment nagrania.<\/p>\n\n\n\n<p class=\"wp-block-paragraph\">Ca\u0142a sytuacja rozpocz\u0119\u0142a si\u0119 podczas spotkania prezydenta z dziennikarzami.<\/p>\n\n\n\n<p class=\"wp-block-paragraph\">Nawrocki odni\u00f3s\u0142 si\u0119 tam do obecno\u015bci swoich wypowiedzi w Telewizji Polskiej i zrobi\u0142 to w \u017cartobliwie uszczypliwy spos\u00f3b.<\/p>\n\n\n\n<p class=\"wp-block-paragraph\">TVP Info odpowiedzia\u0142o, wskazuj\u0105c, \u017ce odbiorcy mogli \u015bledzi\u0107 jego wyst\u0105pienie w\u0142a\u015bnie na antenie tej stacji.<\/p>\n\n\n\n<p class=\"wp-block-paragraph\">Wpis szybko sta\u0142 si\u0119 elementem politycznej dyskusji wok\u00f3\u0142 relacji mi\u0119dzy prezydentem a mediami publicznymi.<\/p>\n\n\n\n<p class=\"wp-block-paragraph\">Na razie sprawa sprowadza si\u0119 do publicznej wymiany uwag i ironicznych komentarzy.<\/p>\n\n\n\n<p class=\"wp-block-paragraph\">Prezydent zasugerowa\u0142, \u017ce Telewizja Polska mo\u017ce niech\u0119tnie pokazywa\u0107 jego wyst\u0105pienia.<\/p>\n\n\n\n<p class=\"wp-block-paragraph\">TVP Info odpowiedzia\u0142o, \u017ce jego s\u0142owa zosta\u0142y pokazane w\u0142a\u015bnie w transmisji tej stacji.<\/p>\n","protected":false},"excerpt":{"rendered":"TVP Info odpowiedzia\u0142o prezydentowi. Chodzi o jego s\u0142owa o \u201epatyczakach\u201d i czasie antenowym Na profilu TVP Info w serwisie X pojawi\u0142a si\u0119 odpowied\u017a \n<a class=\"moretag\" href=\"https:\/\/time24.pl.ua\/?p=18456\"> [...]<\/a>","protected":false},"author":1,"featured_media":18457,"comment_status":"open","ping_status":"open","sticky":false,"template":"","format":"standard","meta":{"footnotes":""},"categories":[1],"tags":[],"class_list":["post-18456","post","type-post","status-publish","format-standard","has-post-thumbnail","hentry","category-blog"],"_links":{"self":[{"href":"https:\/\/time24.pl.ua\/index.php?rest_route=\/wp\/v2\/posts\/18456","targetHints":{"allow":["GET"]}}],"collection":[{"href":"https:\/\/time24.pl.ua\/index.php?rest_route=\/wp\/v2\/posts"}],"about":[{"href":"https:\/\/time24.pl.ua\/index.php?rest_route=\/wp\/v2\/types\/post"}],"author":[{"embeddable":true,"href":"https:\/\/time24.pl.ua\/index.php?rest_route=\/wp\/v2\/users\/1"}],"replies":[{"embeddable":true,"href":"https:\/\/time24.pl.ua\/index.php?rest_route=%2Fwp%2Fv2%2Fcomments&post=18456"}],"version-history":[{"count":1,"href":"https:\/\/time24.pl.ua\/index.php?rest_route=\/wp\/v2\/posts\/18456\/revisions"}],"predecessor-version":[{"id":18458,"href":"https:\/\/time24.pl.ua\/index.php?rest_route=\/wp\/v2\/posts\/18456\/revisions\/18458"}],"wp:featuredmedia":[{"embeddable":true,"href":"https:\/\/time24.pl.ua\/index.php?rest_route=\/wp\/v2\/media\/18457"}],"wp:attachment":[{"href":"https:\/\/time24.pl.ua\/index.php?rest_route=%2Fwp%2Fv2%2Fmedia&parent=18456"}],"wp:term":[{"taxonomy":"category","embeddable":true,"href":"https:\/\/time24.pl.ua\/index.php?rest_route=%2Fwp%2Fv2%2Fcategories&post=18456"},{"taxonomy":"post_tag","embeddable":true,"href":"https:\/\/time24.pl.ua\/index.php?rest_route=%2Fwp%2Fv2%2Ftags&post=18456"}],"curies":[{"name":"wp","href":"https:\/\/api.w.org\/{rel}","templated":true}]}}