{"id":18450,"date":"2026-09-03T18:26:53","date_gmt":"2026-09-03T18:26:53","guid":{"rendered":"https:\/\/time24.pl.ua\/?p=18450"},"modified":"2026-09-03T18:26:54","modified_gmt":"2026-09-03T18:26:54","slug":"michal-wisniewski-w-zalobie-dzis-odszedl","status":"publish","type":"post","link":"https:\/\/time24.pl.ua\/?p=18450","title":{"rendered":"Micha\u0142 Wi\u015bniewski w \u017ca\u0142obie. \u201cDzi\u015b odszed\u0142\u201d"},"content":{"rendered":"\n<p class=\"wp-block-paragraph\">Micha\u0142 Wi\u015bniewski ponownie znalaz\u0142 si\u0119 w centrum zainteresowania, a tym razem powodem nie jest jego dzia\u0142alno\u015b\u0107 artystyczna. Wokalista prze\u017cywa trudne chwile po \u015bmierci ukochanego pupila, kt\u00f3ry towarzyszy\u0142 jego rodzinie przez niemal 18 lat. Artysta opublikowa\u0142 na Instagramie czarno-bia\u0142e zdj\u0119cie zwierz\u0119cia i bardzo osobiste wspomnienie.&nbsp;<\/p>\n\n\n\n<p class=\"wp-block-paragraph\">Opowiedzia\u0142, jak niezwyk\u0142\u0105 drog\u0119 przeszed\u0142 kot, kt\u00f3ry jako jedyny z miotu prze\u017cy\u0142 tragiczn\u0105 histori\u0119. Wi\u015bniewski przyzna\u0142 r\u00f3wnie\u017c, \u017ce pocz\u0105tkowo wcale nie by\u0142 mi\u0142o\u015bnikiem kot\u00f3w, a dodatkowo cierpia\u0142 z powodu alergii. Mimo to Gucio przez lata sta\u0142 si\u0119 wa\u017cn\u0105 cz\u0119\u015bci\u0105 jego \u017cycia i rodziny. Wokalista po\u017cegna\u0142 go s\u0142owami pe\u0142nymi wdzi\u0119czno\u015bci i wzruszenia.&nbsp;<\/p>\n\n\n\n<p class=\"wp-block-paragraph\">Zmiany w \u017cyciu Micha\u0142a Wi\u015bniewskiego<br>Micha\u0142 Wi\u015bniewski od lat nale\u017cy do najbardziej rozpoznawalnych polskich wokalist\u00f3w. Ka\u017cda informacja dotycz\u0105ca jego \u017cycia prywatnego szybko przyci\u0105ga uwag\u0119 fan\u00f3w i medi\u00f3w. Ostatnie miesi\u0105ce r\u00f3wnie\u017c przynios\u0142y sporo emocji.<\/p>\n\n\n\n<p class=\"wp-block-paragraph\">Artysta rozsta\u0142 si\u0119 z pi\u0105t\u0105 \u017con\u0105, Pol\u0105 Wi\u015bniewsk\u0105. W ostatnim czasie g\u0142o\u015bno zrobi\u0142o si\u0119 tak\u017ce o jego relacji z Mart\u0105 \u201eMandaryn\u0105\u201d Wi\u015bniewsk\u0105, czyli by\u0142\u0105 \u017con\u0105 wokalisty. Para, kt\u00f3ra przed laty tworzy\u0142a jedno z najbardziej medialnych ma\u0142\u017ce\u0144stw w polskim show-biznesie, ponownie znalaz\u0142a si\u0119 w centrum zainteresowania.<\/p>\n\n\n\n<p class=\"wp-block-paragraph\">Wi\u015bniewski i Mandaryna maj\u0105 wsp\u00f3lne dzieci, a ich relacja po latach sta\u0142a si\u0119 tematem licznych komentarzy, szczeg\u00f3lnie, \u017ce potwierdzili sw\u00f3j zwi\u0105zek. Wok\u00f3\u0142 by\u0142ych ma\u0142\u017conk\u00f3w pojawi\u0142o si\u0119 wiele pyta\u0144 dotycz\u0105cych ich obecnych relacji i przysz\u0142o\u015bci.<\/p>\n\n\n\n<p class=\"wp-block-paragraph\">Teraz jednak prywatne sprawy zesz\u0142y na dalszy plan. Micha\u0142 Wi\u015bniewski mierzy si\u0119 bowiem z osobist\u0105 strat\u0105, kt\u00f3ra mocno go dotkn\u0119\u0142a.<\/p>\n\n\n\n<p class=\"wp-block-paragraph\">Zobacz tak\u017ce: Wyniki sekcji zw\u0142ok Hayden Panettiere. Ujawniono kulisy \u015bmierci aktorki<\/p>\n\n\n\n<p class=\"wp-block-paragraph\">Micha\u0142 Wi\u015bniewski, fot. KAPiF<\/p>\n\n\n\n<p class=\"wp-block-paragraph\">Micha\u0142 Wi\u015bniewski w \u017ca\u0142obie<br>Wokalista poinformowa\u0142 o \u015bmierci kota za po\u015brednictwem Instagrama. Do czarno-bia\u0142ego zdj\u0119cia Gucia do\u0142\u0105czy\u0142 d\u0142ugi, bardzo osobisty wpis, w kt\u00f3rym opowiedzia\u0142 histori\u0119 zwierz\u0119cia. Okazuje si\u0119, \u017ce pocz\u0105tki \u017cycia kota by\u0142y wyj\u0105tkowo dramatyczne.<\/p>\n\n\n\n<p class=\"wp-block-paragraph\">Gucio zacz\u0105\u0142 \u017cycie od tragedii. Eti przynios\u0142a go ze stadniny koni, gdzie pies zagryz\u0142 ca\u0142y miot razem z jego koci\u0105 mam\u0105. Prze\u017cy\u0142 tylko on \u2014 najmniejszy, a najbardziej uparty. Zaopiekowa\u0142a si\u0119 nim moja mama i tak zosta\u0142 z nami na prawie 18 lat \u2013 napisa\u0142 artysta.<\/p>\n\n\n\n<p class=\"wp-block-paragraph\">Wi\u015bniewski przyzna\u0142, \u017ce sam nigdy nie uwa\u017ca\u0142 si\u0119 za wielkiego fana kot\u00f3w. Co wi\u0119cej, jest na nie uczulony.&nbsp;<\/p>\n\n\n\n<p class=\"wp-block-paragraph\">Nigdy nie przepada\u0142em za kotami. [\u2026]. Los najwyra\u017aniej uzna\u0142, \u017ce to idealny scenariusz na dowcip \u2014 i podrzuci\u0142 mi kota na prawie 18 lat \u2013 wspomina\u0142.<\/p>\n\n\n\n<p class=\"wp-block-paragraph\">Gucio towarzyszy\u0142 rodzinie podczas przeprowadzek, tras koncertowych i wszystkich zmian, jakie przez lata zachodzi\u0142y w \u017cyciu Wi\u015bniewskiego.<br>Micha\u0142 Wi\u015bniewski poruszony \u015bmierci\u0105 pupila<br>Micha\u0142 Wi\u015bniewski podkre\u015bli\u0142, \u017ce mimo alergii nie potrafi\u0142 pozosta\u0107 oboj\u0119tny na Gucia. Kot przetrwa\u0142 niemal 18 lat, cho\u0107 pocz\u0105tkowo niewiele wskazywa\u0142o na to, \u017ce prze\u017cyje nawet pierwszy tydzie\u0144. Na ko\u0144cu artysta przekaza\u0142 najtrudniejsz\u0105 wiadomo\u015b\u0107:&nbsp;<\/p>\n\n\n\n<p class=\"wp-block-paragraph\">Dzi\u015b odszed\u0142.<\/p>\n\n\n\n<p class=\"wp-block-paragraph\">Po\u017cegnanie zako\u0144czy\u0142 s\u0142owami skierowanymi bezpo\u015brednio do swojego czworono\u017cnego przyjaciela:<\/p>\n\n\n\n<p class=\"wp-block-paragraph\">Dzi\u0119kuj\u0119 Ci, Stary. Udowodni\u0142e\u015b mi, \u017ce mo\u017cna pokocha\u0107 wbrew sobie. \u017begnaj, Gucio. Ech.\u201d<\/p>\n\n\n\n<p class=\"wp-block-paragraph\">Czarno-bia\u0142e zdj\u0119cie i szczery wpis szybko zwr\u00f3ci\u0142y uwag\u0119 obserwator\u00f3w. Dla Wi\u015bniewskiego \u015bmier\u0107 Gucia oznacza koniec niemal 18-letniej historii. Cho\u0107 kot pojawi\u0142 si\u0119 w jego \u017cyciu przypadkiem, z czasem sta\u0142 si\u0119 jego nieod\u0142\u0105czn\u0105 cz\u0119\u015bci\u0105. Teraz pozosta\u0142y wspomnienia i zdj\u0119cia, kt\u00f3re b\u0119d\u0105 przypomina\u0142y arty\u015bcie o niezwyk\u0142ym zwierz\u0119ciu, kt\u00f3re nauczy\u0142o go kocha\u0107 wbrew sobie.<\/p>\n","protected":false},"excerpt":{"rendered":"Micha\u0142 Wi\u015bniewski ponownie znalaz\u0142 si\u0119 w centrum zainteresowania, a tym razem powodem nie jest jego dzia\u0142alno\u015b\u0107 artystyczna. Wokalista prze\u017cywa trudne chwile po \u015bmierci \n<a class=\"moretag\" href=\"https:\/\/time24.pl.ua\/?p=18450\"> [...]<\/a>","protected":false},"author":1,"featured_media":0,"comment_status":"open","ping_status":"open","sticky":false,"template":"","format":"standard","meta":{"footnotes":""},"categories":[1],"tags":[],"class_list":["post-18450","post","type-post","status-publish","format-standard","hentry","category-blog"],"_links":{"self":[{"href":"https:\/\/time24.pl.ua\/index.php?rest_route=\/wp\/v2\/posts\/18450","targetHints":{"allow":["GET"]}}],"collection":[{"href":"https:\/\/time24.pl.ua\/index.php?rest_route=\/wp\/v2\/posts"}],"about":[{"href":"https:\/\/time24.pl.ua\/index.php?rest_route=\/wp\/v2\/types\/post"}],"author":[{"embeddable":true,"href":"https:\/\/time24.pl.ua\/index.php?rest_route=\/wp\/v2\/users\/1"}],"replies":[{"embeddable":true,"href":"https:\/\/time24.pl.ua\/index.php?rest_route=%2Fwp%2Fv2%2Fcomments&post=18450"}],"version-history":[{"count":1,"href":"https:\/\/time24.pl.ua\/index.php?rest_route=\/wp\/v2\/posts\/18450\/revisions"}],"predecessor-version":[{"id":18451,"href":"https:\/\/time24.pl.ua\/index.php?rest_route=\/wp\/v2\/posts\/18450\/revisions\/18451"}],"wp:attachment":[{"href":"https:\/\/time24.pl.ua\/index.php?rest_route=%2Fwp%2Fv2%2Fmedia&parent=18450"}],"wp:term":[{"taxonomy":"category","embeddable":true,"href":"https:\/\/time24.pl.ua\/index.php?rest_route=%2Fwp%2Fv2%2Fcategories&post=18450"},{"taxonomy":"post_tag","embeddable":true,"href":"https:\/\/time24.pl.ua\/index.php?rest_route=%2Fwp%2Fv2%2Ftags&post=18450"}],"curies":[{"name":"wp","href":"https:\/\/api.w.org\/{rel}","templated":true}]}}