{"id":18448,"date":"2026-09-03T18:25:24","date_gmt":"2026-09-03T18:25:24","guid":{"rendered":"https:\/\/time24.pl.ua\/?p=18448"},"modified":"2026-09-03T18:25:25","modified_gmt":"2026-09-03T18:25:25","slug":"sikorski-odpowiada-ws-wizyty-prezydenta-skorumpowani-klienci-putina","status":"publish","type":"post","link":"https:\/\/time24.pl.ua\/?p=18448","title":{"rendered":"Sikorski odpowiada ws. wizyty prezydenta. \u201cSkorumpowani klienci Putina\u201d"},"content":{"rendered":"\n<p class=\"wp-block-paragraph\">Szef MSZ Rados\u0142aw Sikorski ostro odni\u00f3s\u0142 si\u0119 do s\u0142\u00f3w szefa prezydenckiego Biura Polityki Mi\u0119dzynarodowej Marcina Przydacza, kt\u00f3re pad\u0142y w programie \u201cGraffiti\u201d. Okre\u015bli\u0142 on jego interpretacj\u0119 oczekiwa\u0144 rz\u0105du wobec prezydenta jako \u201cbzdur\u0119\u201d. To kolejna ods\u0142ona sporu wok\u00f3\u0142 wizyty Karola Nawrockiego na W\u0119grzech.W skr\u00f3cie<\/p>\n\n\n\n<p class=\"wp-block-paragraph\">Rados\u0142aw Sikorski, otwiera si\u0119 w nowym oknie&nbsp;skrytykowa\u0142 interpretacj\u0119 Marcina Przydacza dotycz\u0105c\u0105 oczekiwa\u0144 rz\u0105du wobec prezydenta w kontek\u015bcie polityki zagranicznej.<\/p>\n\n\n\n<p class=\"wp-block-paragraph\">Po wizycie Karola Nawrockiego na W\u0119grzech pojawi\u0142y si\u0119 zarzuty wobec prezydenta o wsparcie premiera Orbana.<\/p>\n\n\n\n<p class=\"wp-block-paragraph\">Marcin Przydacz stwierdzi\u0142, \u017ce w jego ocenie to rz\u0105d otwarcie popiera jednego z kandydat\u00f3w na W\u0119grzech, a wizyta Nawrockiego nie by\u0142a wyrazem przedwyborczego poparcia.<\/p>\n\n\n\n<p class=\"wp-block-paragraph\">Wi\u0119cej wa\u017cnych informacji znajdziesz na&nbsp;stronie g\u0142\u00f3wnej Interii, otwiera si\u0119 w nowym oknie<\/p>\n\n\n\n<p class=\"wp-block-paragraph\">Rados\u0142aw Sikorski&nbsp;napisa\u0142, \u017ce \u201coczekiwaniem MSZ jest nieingerowanie prezydenta RP w wybory w innych krajach na rzecz&nbsp;skorumpowanych klient\u00f3w Putina\u201d, odnosz\u0105c si\u0119 do wcze\u015bniejszych s\u0142\u00f3w&nbsp;Marcina Przydacza&nbsp;w programie \u201cGraffiti\u201d w Polsat News.<\/p>\n\n\n\n<p class=\"wp-block-paragraph\">W wywiadzie Przydacz podkre\u015bla\u0142, \u017ce relacje&nbsp;Polski&nbsp;z W\u0119grami nie powinny by\u0107 zrywane, mimo r\u00f3\u017cnic w podej\u015bciu do&nbsp;Rosji. \u2013 Rozumiem, \u017ce oczekiwaniem obozu liberalnego w Polsce by\u0142oby kompletnie zerwa\u0107 jakiekolwiek relacje z W\u0119grami (\u2026). W temacie rosyjskim \u2013 jasno, twardo. W innych tematach \u2013&nbsp;trzeba szuka\u0107 pola do wsp\u00f3\u0142pracy&nbsp;\u2013 m\u00f3wi\u0142.<\/p>\n\n\n\n<p class=\"wp-block-paragraph\">Nawrocki krytykowany za wizyt\u0119 na W\u0119grzech. Przydacz broni prezydenta, \u201cSikorski i Tusk maj\u0105 problem\u201d<\/p>\n\n\n\n<p class=\"wp-block-paragraph\">Przypomnijmy, \u017ce po poniedzia\u0142kowej wizycie&nbsp;Karola Nawrockiego&nbsp;na&nbsp;W\u0119grzech&nbsp;rz\u0105d zarzuca prezydentowi, \u017ce ten&nbsp;wspar\u0142 Orbana, kt\u00f3ry w kampanii nie stroni od krytycznej wobec&nbsp;Kijowa&nbsp;retoryki, a w \u015brod\u0119 poinformowa\u0142 o wstrzymaniu dostaw gazu do Ukrainy.<\/p>\n\n\n\n<p class=\"wp-block-paragraph\">Przydacz w innych fragmentach wywiadu odni\u00f3s\u0142 si\u0119 te\u017c do podniesionego przez Sikorskiego zarzutu o ingerowanie w wybory. Wed\u0142ug sekretarza stanu to rz\u0105d otwarcie popiera jednego z kandydat\u00f3w, co ma by\u0107 kr\u00f3tkowzroczne.- Pan&nbsp;Donald Tusk&nbsp;bardzo mocno&nbsp;zaingerowa\u0142 w wyborach na W\u0119grzech, wskazuj\u0105c jednego, konkretnego kandydata. A je\u015bli ten kandydat przegra? To jak b\u0119dzie chcia\u0142 uk\u0142ada\u0107 relacje na przysz\u0142o\u015b\u0107? \u2013&nbsp;pyta\u0142 w \u201cGraffiti\u201d szef prezydenckiego Biura Polityki Mi\u0119dzynarodowej.<\/p>\n\n\n\n<p class=\"wp-block-paragraph\">Polityk stwierdzi\u0142, \u017ce wizyta prezydenta&nbsp;Karola Nawrockiego&nbsp;na W\u0119grzech nie by\u0142a wyrazem przedwyborczego poparcia dla Fidesz. \u2013 Prezydent Nawrocki&nbsp;s\u0142owem nie zaj\u0105kn\u0105\u0142 si\u0119 o temacie wyborczym&nbsp;\u2013 powiedzia\u0142 polityk.<\/p>\n\n\n\n<p class=\"wp-block-paragraph\">\u2013&nbsp;To raczej Sikorski i Tusk maj\u0105 problem, bo tak mocno opowiadaj\u0105 si\u0119 po jednej stronie barykady, \u017ce z drug\u0105 nie potrafi\u0105 u\u0142o\u017cy\u0107 relacji. Tak samo z Amerykanami. Tak bardzo krytykowali Trumpa i chwalili ob\u00f3z demokratyczny, \u017ce dzi\u015b nie maj\u0105 wej\u015bcia do&nbsp;Bia\u0142ego Domu&nbsp;\u2013 podsumowa\u0142.<\/p>\n","protected":false},"excerpt":{"rendered":"Szef MSZ Rados\u0142aw Sikorski ostro odni\u00f3s\u0142 si\u0119 do s\u0142\u00f3w szefa prezydenckiego Biura Polityki Mi\u0119dzynarodowej Marcina Przydacza, kt\u00f3re pad\u0142y w programie \u201cGraffiti\u201d. Okre\u015bli\u0142 on \n<a class=\"moretag\" href=\"https:\/\/time24.pl.ua\/?p=18448\"> [...]<\/a>","protected":false},"author":1,"featured_media":0,"comment_status":"open","ping_status":"open","sticky":false,"template":"","format":"standard","meta":{"footnotes":""},"categories":[1],"tags":[],"class_list":["post-18448","post","type-post","status-publish","format-standard","hentry","category-blog"],"_links":{"self":[{"href":"https:\/\/time24.pl.ua\/index.php?rest_route=\/wp\/v2\/posts\/18448","targetHints":{"allow":["GET"]}}],"collection":[{"href":"https:\/\/time24.pl.ua\/index.php?rest_route=\/wp\/v2\/posts"}],"about":[{"href":"https:\/\/time24.pl.ua\/index.php?rest_route=\/wp\/v2\/types\/post"}],"author":[{"embeddable":true,"href":"https:\/\/time24.pl.ua\/index.php?rest_route=\/wp\/v2\/users\/1"}],"replies":[{"embeddable":true,"href":"https:\/\/time24.pl.ua\/index.php?rest_route=%2Fwp%2Fv2%2Fcomments&post=18448"}],"version-history":[{"count":1,"href":"https:\/\/time24.pl.ua\/index.php?rest_route=\/wp\/v2\/posts\/18448\/revisions"}],"predecessor-version":[{"id":18449,"href":"https:\/\/time24.pl.ua\/index.php?rest_route=\/wp\/v2\/posts\/18448\/revisions\/18449"}],"wp:attachment":[{"href":"https:\/\/time24.pl.ua\/index.php?rest_route=%2Fwp%2Fv2%2Fmedia&parent=18448"}],"wp:term":[{"taxonomy":"category","embeddable":true,"href":"https:\/\/time24.pl.ua\/index.php?rest_route=%2Fwp%2Fv2%2Fcategories&post=18448"},{"taxonomy":"post_tag","embeddable":true,"href":"https:\/\/time24.pl.ua\/index.php?rest_route=%2Fwp%2Fv2%2Ftags&post=18448"}],"curies":[{"name":"wp","href":"https:\/\/api.w.org\/{rel}","templated":true}]}}