{"id":18433,"date":"2026-09-03T18:13:14","date_gmt":"2026-09-03T18:13:14","guid":{"rendered":"https:\/\/time24.pl.ua\/?p=18433"},"modified":"2026-09-03T18:13:15","modified_gmt":"2026-09-03T18:13:15","slug":"jest-pilna-decyzja-sejmu-ws-wieku-emerytalnego-przekazano-kluczowe-informacje","status":"publish","type":"post","link":"https:\/\/time24.pl.ua\/?p=18433","title":{"rendered":"Jest pilna decyzja Sejmu ws. wieku emerytalnego. Przekazano kluczowe informacje"},"content":{"rendered":"\n<p class=\"wp-block-paragraph\">Sejmowa Komisja do Spraw Petycji zaj\u0119\u0142a si\u0119 propozycj\u0105 dotycz\u0105c\u0105 zmiany wieku emerytalnego w Polsce. Autor petycji chcia\u0142, aby kobiety i m\u0119\u017cczy\u017ani przechodzili na emerytur\u0119 w tym samym wieku \u2013 po uko\u0144czeniu 62 lat.<\/p>\n\n\n\n<p class=\"wp-block-paragraph\">Komisja zako\u0144czy\u0142a ju\u017c swoje prace nad dokumentem, ale nie oznacza to ko\u0144ca ca\u0142ej sprawy. Petycja zosta\u0142a przekazana do kolejnej komisji, kt\u00f3ra ma dok\u0142adniej przeanalizowa\u0107 przedstawione rozwi\u0105zanie.<\/p>\n\n\n\n<p class=\"wp-block-paragraph\">Autorem petycji o sygnaturze BKSP-155-X-714\/25 jest Robert O\u0142dakowski. Zaproponowa\u0142 on odej\u015bcie od obecnego systemu, w kt\u00f3rym kobiety mog\u0105 przechodzi\u0107 na emerytur\u0119 w wieku 60 lat, a m\u0119\u017cczy\u017ani w wieku 65 lat.<\/p>\n\n\n\n<p class=\"wp-block-paragraph\">W zamian mia\u0142by zosta\u0107 wprowadzony jeden wsp\u00f3lny pr\u00f3g wynosz\u0105cy 62 lata. Zmiana mia\u0142aby nast\u0119powa\u0107 stopniowo.<\/p>\n\n\n\n<p class=\"wp-block-paragraph\">Autor uwzgl\u0119dni\u0142 r\u00f3wnie\u017c rozwi\u0105zania dla os\u00f3b wykonuj\u0105cych prac\u0119 w szczeg\u00f3lnie trudnych lub szkodliwych warunkach. W petycji znalaz\u0142 si\u0119 tak\u017ce postulat uwzgl\u0119dniania okres\u00f3w sprawowania opieki.<\/p>\n\n\n\n<h3 class=\"wp-block-heading\">Sp\u00f3r o wsp\u00f3lny wiek emerytalny<\/h3>\n\n\n\n<p class=\"wp-block-paragraph\">Podczas posiedzenia komisji szybko okaza\u0142o si\u0119, \u017ce propozycja budzi du\u017ce emocje i dzieli pos\u0142\u00f3w.<\/p>\n\n\n\n<p class=\"wp-block-paragraph\">Pose\u0142 sprawozdawca Marcin J\u00f3zefaciuk wskazywa\u0142 mi\u0119dzy innymi na dane dotycz\u0105ce d\u0142ugo\u015bci \u017cycia kobiet i m\u0119\u017cczyzn. Zwraca\u0142 uwag\u0119, \u017ce znacznie wi\u0119kszy odsetek m\u0119\u017cczyzn nie do\u017cywa obecnego wieku emerytalnego.<\/p>\n\n\n\n<p class=\"wp-block-paragraph\">Jak podkre\u015bla\u0142, wed\u0142ug danych GUS oko\u0142o 25 procent m\u0119\u017cczyzn nie do\u017cywa wieku emerytalnego. W\u015br\u00f3d kobiet ma by\u0107 to oko\u0142o 7 procent.<\/p>\n\n\n\n<p class=\"wp-block-paragraph\">Pose\u0142 wskazywa\u0142 r\u00f3wnie\u017c, \u017ce \u015brednia d\u0142ugo\u015b\u0107 \u017cycia kobiet wynosi ponad 82 lata, natomiast m\u0119\u017cczyzn niespe\u0142na 75 lat. Jego zdaniem obecne rozwi\u0105zania powoduj\u0105 wi\u0119c bardzo du\u017ce r\u00f3\u017cnice w d\u0142ugo\u015bci okresu pobierania emerytury.<\/p>\n\n\n\n<p class=\"wp-block-paragraph\">Do propozycji sceptycznie podchodzi\u0142a wiceprzewodnicz\u0105ca komisji Urszula Augustyn. Przypomina\u0142a wcze\u015bniejsze kontrowersje zwi\u0105zane z reform\u0105 wieku emerytalnego i przekonywa\u0142a, \u017ce zamiast odg\u00f3rnie nakazywa\u0107 ludziom d\u0142u\u017csz\u0105 prac\u0119, pa\u0144stwo powinno tworzy\u0107 odpowiednie zach\u0119ty.<\/p>\n\n\n\n<p class=\"wp-block-paragraph\">Jej zdaniem osoby, kt\u00f3rym pozwala na to zdrowie i warunki zawodowe, powinny mie\u0107 mo\u017cliwo\u015b\u0107 dobrowolnego pozostawania d\u0142u\u017cej na rynku pracy.<\/p>\n\n\n\n<h3 class=\"wp-block-heading\">Ministerstwo nie chce zmian<\/h3>\n\n\n\n<p class=\"wp-block-paragraph\">Przeciwko propozycji opowiedzia\u0142o si\u0119 Ministerstwo Rodziny, Pracy i Polityki Spo\u0142ecznej.<\/p>\n\n\n\n<p class=\"wp-block-paragraph\">Przedstawiciel resortu Zbigniew Wasiak przypomnia\u0142 mi\u0119dzy innymi wyrok Trybuna\u0142u Konstytucyjnego z 15 lipca 2010 roku. TK uzna\u0142 w\u00f3wczas obowi\u0105zuj\u0105ce r\u00f3\u017cnice wieku emerytalnego kobiet i m\u0119\u017cczyzn za zgodne z konstytucj\u0105.<\/p>\n\n\n\n<p class=\"wp-block-paragraph\">Ministerstwo zaznaczy\u0142o r\u00f3wnie\u017c, \u017ce obecne polskie przepisy mieszcz\u0105 si\u0119 w ramach regulacji unijnych.<\/p>\n\n\n\n<p class=\"wp-block-paragraph\">Zdaniem resortu nie ma obecnie powod\u00f3w, aby rozpoczyna\u0107 prace nad podwy\u017cszeniem lub zr\u00f3wnaniem wieku emerytalnego.<\/p>\n\n\n\n<p class=\"wp-block-paragraph\">Wasiak odni\u00f3s\u0142 si\u0119 tak\u017ce do propozycji zwi\u0105zanych z opiek\u0105. Jak wyja\u015bni\u0142, okresy sprawowania opieki s\u0105 ju\u017c zaliczane do sta\u017cu ubezpieczeniowego, a odpowiednie sk\u0142adki finansowane s\u0105 z bud\u017cetu pa\u0144stwa.<\/p>\n\n\n\n<h3 class=\"wp-block-heading\">Petycja trafi do kolejnej komisji<\/h3>\n\n\n\n<p class=\"wp-block-paragraph\">O dalszym losie dokumentu przes\u0105dzi\u0142y ostatecznie kwestie proceduralne.<\/p>\n\n\n\n<p class=\"wp-block-paragraph\">Urszula Augustyn podkre\u015bla\u0142a, \u017ce Komisja do Spraw Petycji nie jest organem, kt\u00f3ry mo\u017ce samodzielnie przeprowadzi\u0107 tak du\u017c\u0105 reform\u0119 systemu emerytalnego.<\/p>\n\n\n\n<p class=\"wp-block-paragraph\">Marcin J\u00f3zefaciuk nie chcia\u0142 jednak, aby temat zosta\u0142 ca\u0142kowicie zamkni\u0119ty. Zaproponowa\u0142 wi\u0119c zako\u0144czenie prac komisji i jednoczesne przekazanie dokumentu dalej.<\/p>\n\n\n\n<p class=\"wp-block-paragraph\">Wniosek zosta\u0142 przyj\u0119ty bez sprzeciwu.<\/p>\n\n\n\n<p class=\"wp-block-paragraph\">Petycja trafi teraz do sejmowej Komisji Polityki Spo\u0142ecznej i Rodziny, kt\u00f3ra mo\u017ce dok\u0142adniej zaj\u0105\u0107 si\u0119 propozycj\u0105.<\/p>\n\n\n\n<p class=\"wp-block-paragraph\">Na razie nie oznacza to jednak \u017cadnych zmian dla emeryt\u00f3w ani os\u00f3b zbli\u017caj\u0105cych si\u0119 do wieku emerytalnego.<\/p>\n\n\n\n<p class=\"wp-block-paragraph\">Obowi\u0105zuj\u0105ce przepisy pozostaj\u0105 bez zmian. Kobiety nadal mog\u0105 przechodzi\u0107 na emerytur\u0119 po uko\u0144czeniu 60 lat, a m\u0119\u017cczy\u017ani po uko\u0144czeniu 65 lat.<\/p>\n\n\n\n<p class=\"wp-block-paragraph\">Dalszy los propozycji zale\u017cy teraz od tego, czy Komisja Polityki Spo\u0142ecznej i Rodziny zdecyduje si\u0119 kontynuowa\u0107 nad ni\u0105 prace.<\/p>\n","protected":false},"excerpt":{"rendered":"Sejmowa Komisja do Spraw Petycji zaj\u0119\u0142a si\u0119 propozycj\u0105 dotycz\u0105c\u0105 zmiany wieku emerytalnego w Polsce. Autor petycji chcia\u0142, aby kobiety i m\u0119\u017cczy\u017ani przechodzili na \n<a class=\"moretag\" href=\"https:\/\/time24.pl.ua\/?p=18433\"> [...]<\/a>","protected":false},"author":1,"featured_media":18434,"comment_status":"open","ping_status":"open","sticky":false,"template":"","format":"standard","meta":{"footnotes":""},"categories":[1],"tags":[],"class_list":["post-18433","post","type-post","status-publish","format-standard","has-post-thumbnail","hentry","category-blog"],"_links":{"self":[{"href":"https:\/\/time24.pl.ua\/index.php?rest_route=\/wp\/v2\/posts\/18433","targetHints":{"allow":["GET"]}}],"collection":[{"href":"https:\/\/time24.pl.ua\/index.php?rest_route=\/wp\/v2\/posts"}],"about":[{"href":"https:\/\/time24.pl.ua\/index.php?rest_route=\/wp\/v2\/types\/post"}],"author":[{"embeddable":true,"href":"https:\/\/time24.pl.ua\/index.php?rest_route=\/wp\/v2\/users\/1"}],"replies":[{"embeddable":true,"href":"https:\/\/time24.pl.ua\/index.php?rest_route=%2Fwp%2Fv2%2Fcomments&post=18433"}],"version-history":[{"count":1,"href":"https:\/\/time24.pl.ua\/index.php?rest_route=\/wp\/v2\/posts\/18433\/revisions"}],"predecessor-version":[{"id":18435,"href":"https:\/\/time24.pl.ua\/index.php?rest_route=\/wp\/v2\/posts\/18433\/revisions\/18435"}],"wp:featuredmedia":[{"embeddable":true,"href":"https:\/\/time24.pl.ua\/index.php?rest_route=\/wp\/v2\/media\/18434"}],"wp:attachment":[{"href":"https:\/\/time24.pl.ua\/index.php?rest_route=%2Fwp%2Fv2%2Fmedia&parent=18433"}],"wp:term":[{"taxonomy":"category","embeddable":true,"href":"https:\/\/time24.pl.ua\/index.php?rest_route=%2Fwp%2Fv2%2Fcategories&post=18433"},{"taxonomy":"post_tag","embeddable":true,"href":"https:\/\/time24.pl.ua\/index.php?rest_route=%2Fwp%2Fv2%2Ftags&post=18433"}],"curies":[{"name":"wp","href":"https:\/\/api.w.org\/{rel}","templated":true}]}}