{"id":18421,"date":"2026-09-02T20:32:42","date_gmt":"2026-09-02T20:32:42","guid":{"rendered":"https:\/\/time24.pl.ua\/?p=18421"},"modified":"2026-09-02T20:32:42","modified_gmt":"2026-09-02T20:32:42","slug":"zamieniono-wyniki-nawrockiego-i-trzaskowskiego-zapadla-kluczowa-decyzja","status":"publish","type":"post","link":"https:\/\/time24.pl.ua\/?p=18421","title":{"rendered":"Zamieniono wyniki Nawrockiego i Trzaskowskiego. Zapad\u0142a kluczowa decyzja"},"content":{"rendered":"\n<p class=\"wp-block-paragraph\"><strong>Prokuratura umorzy\u0142a \u015bledztwo po zamianie g\u0142os\u00f3w w komisji. Chodzi o wyniki Nawrockiego i Trzaskowskiego<\/strong><\/p>\n\n\n\n<p class=\"wp-block-paragraph\">Prokuratura Okr\u0119gowa w Katowicach umorzy\u0142a \u015bledztwo dotycz\u0105ce komisji wyborczej nr 35 w Tychach.<\/p>\n\n\n\n<p class=\"wp-block-paragraph\">To w\u0142a\u015bnie tam podczas II tury wybor\u00f3w prezydenckich dosz\u0142o do zamiany wynik\u00f3w Karola Nawrockiego i Rafa\u0142a Trzaskowskiego.<\/p>\n\n\n\n<p class=\"wp-block-paragraph\">\u015aledczy uznali, \u017ce nie znaleziono dowod\u00f3w na celowe dzia\u0142anie cz\u0142onk\u00f3w komisji.<\/p>\n\n\n\n<p class=\"wp-block-paragraph\">Decyzja o umorzeniu jest ju\u017c prawomocna.<\/p>\n\n\n\n<p class=\"wp-block-paragraph\">Sprawa dotyczy\u0142a wynik\u00f3w g\u0142osowania w komisji mieszcz\u0105cej si\u0119 przy ulicy Lwa To\u0142stoja w Tychach.<\/p>\n\n\n\n<p class=\"wp-block-paragraph\">Wed\u0142ug oficjalnych danych przekazanych po II turze wybor\u00f3w Karol Nawrocki mia\u0142 tam otrzyma\u0107 581 g\u0142os\u00f3w.<\/p>\n\n\n\n<p class=\"wp-block-paragraph\">Rafa\u0142owi Trzaskowskiemu wpisano natomiast 347 g\u0142os\u00f3w.<\/p>\n\n\n\n<p class=\"wp-block-paragraph\">Rezultat od pocz\u0105tku zwraca\u0142 uwag\u0119, poniewa\u017c wyra\u017anie odbiega\u0142 od wynik\u00f3w uzyskanych przez kandydat\u00f3w w ca\u0142ym mie\u015bcie.<\/p>\n\n\n\n<p class=\"wp-block-paragraph\">W Tychach Rafa\u0142 Trzaskowski zdoby\u0142 ponad 35,7 tys. g\u0142os\u00f3w.<\/p>\n\n\n\n<p class=\"wp-block-paragraph\">Karol Nawrocki otrzyma\u0142 ich blisko 29,9 tys.<\/p>\n\n\n\n<p class=\"wp-block-paragraph\">W po\u0142owie czerwca S\u0105d Rejonowy w Tychach ponownie przeliczy\u0142 g\u0142osy oddane w komisji nr 35.<\/p>\n\n\n\n<p class=\"wp-block-paragraph\">Wtedy potwierdzi\u0142o si\u0119, \u017ce dosz\u0142o do b\u0142\u0119du przy sporz\u0105dzaniu protoko\u0142u.<\/p>\n\n\n\n<p class=\"wp-block-paragraph\">Wyniki obu kandydat\u00f3w zosta\u0142y zamienione.<\/p>\n\n\n\n<p class=\"wp-block-paragraph\">W rzeczywisto\u015bci to Rafa\u0142 Trzaskowski uzyska\u0142 w tej komisji wi\u0119cej g\u0142os\u00f3w ni\u017c Karol Nawrocki.<\/p>\n\n\n\n<p class=\"wp-block-paragraph\">Po ujawnieniu nieprawid\u0142owo\u015bci spraw\u0105 zaj\u0119\u0142a si\u0119 Prokuratura Okr\u0119gowa w Katowicach.<\/p>\n\n\n\n<p class=\"wp-block-paragraph\">\u015aledztwo by\u0142o prowadzone od ko\u0144ca czerwca 2025 roku.<\/p>\n\n\n\n<p class=\"wp-block-paragraph\">W jego toku przes\u0142uchano wszystkich cz\u0142onk\u00f3w komisji.<\/p>\n\n\n\n<p class=\"wp-block-paragraph\">Ich relacje mia\u0142y wskazywa\u0107, \u017ce nieprawid\u0142owe wpisanie wynik\u00f3w by\u0142o skutkiem nieumy\u015blnej pomy\u0142ki.<\/p>\n\n\n\n<p class=\"wp-block-paragraph\">\u015awiadkowie t\u0142umaczyli b\u0142\u0105d zm\u0119czeniem po ca\u0142ym dniu pracy oraz trudnymi warunkami atmosferycznymi.<\/p>\n\n\n\n<p class=\"wp-block-paragraph\">W postanowieniu cytowanym przez Gazeta.pl wskazano, \u017ce chodzi\u0142o mi\u0119dzy innymi o wysok\u0105 temperatur\u0119.<\/p>\n\n\n\n<p class=\"wp-block-paragraph\">Prokuratura ustali\u0142a r\u00f3wnie\u017c mechanizm, kt\u00f3ry m\u00f3g\u0142 doprowadzi\u0107 do zamiany g\u0142os\u00f3w.<\/p>\n\n\n\n<p class=\"wp-block-paragraph\">Podczas sporz\u0105dzania protoko\u0142u cz\u0142onkowie komisji przekazywali wyniki informatykowi.<\/p>\n\n\n\n<p class=\"wp-block-paragraph\">Pos\u0142ugiwali si\u0119 przy tym okre\u015bleniami \u201ekandydat pierwszy\u201d i \u201ekandydat drugi\u201d.<\/p>\n\n\n\n<p class=\"wp-block-paragraph\">Problem polega\u0142 na tym, \u017ce nie wszyscy rozumieli te okre\u015blenia w taki sam spos\u00f3b.<\/p>\n\n\n\n<p class=\"wp-block-paragraph\">Osoba przekazuj\u0105ca wyniki mia\u0142a traktowa\u0107 Rafa\u0142a Trzaskowskiego jako \u201ekandydata pierwszego\u201d, a Karola Nawrockiego jako \u201ekandydata drugiego\u201d.<\/p>\n\n\n\n<p class=\"wp-block-paragraph\">Tymczasem w formularzach wyborczych kolejno\u015b\u0107 kandydat\u00f3w by\u0142a ustalona alfabetycznie.<\/p>\n\n\n\n<p class=\"wp-block-paragraph\">To w\u0142a\u015bnie ta rozbie\u017cno\u015b\u0107 mog\u0142a doprowadzi\u0107 do b\u0142\u0119dnego przypisania g\u0142os\u00f3w w protokole.<\/p>\n\n\n\n<p class=\"wp-block-paragraph\">B\u0142\u0105d nie zosta\u0142 p\u00f3\u017aniej zauwa\u017cony podczas sprawdzania i podpisywania dokumentu.<\/p>\n\n\n\n<p class=\"wp-block-paragraph\">Wed\u0142ug relacji \u015bwiadk\u00f3w wp\u0142yw na to mog\u0142o mie\u0107 zm\u0119czenie po wielogodzinnej pracy komisji.<\/p>\n\n\n\n<p class=\"wp-block-paragraph\">Gdy cz\u0142onkowie komisji zorientowali si\u0119, \u017ce w protokole znalaz\u0142a si\u0119 nieprawid\u0142owo\u015b\u0107, sporz\u0105dzili pismo w tej sprawie.<\/p>\n\n\n\n<p class=\"wp-block-paragraph\">Dokument zosta\u0142 przekazany do delegatury Krajowego Biura Wyborczego w Katowicach.<\/p>\n\n\n\n<p class=\"wp-block-paragraph\">Ten element r\u00f3wnie\u017c znalaz\u0142 si\u0119 w ustaleniach prokuratury.<\/p>\n\n\n\n<p class=\"wp-block-paragraph\">\u015aledczy nie dopatrzyli si\u0119 dowod\u00f3w na to, \u017ce zamiana wynik\u00f3w by\u0142a efektem celowego dzia\u0142ania.<\/p>\n\n\n\n<p class=\"wp-block-paragraph\">W toku post\u0119powania przes\u0142uchano osoby pracuj\u0105ce przy liczeniu g\u0142os\u00f3w.<\/p>\n\n\n\n<p class=\"wp-block-paragraph\">Ich zeznania nie wskazywa\u0142y na zachowanie, kt\u00f3re mog\u0142oby sugerowa\u0107 \u015bwiadom\u0105 pr\u00f3b\u0119 zafa\u0142szowania wyniku wybor\u00f3w.<\/p>\n\n\n\n<p class=\"wp-block-paragraph\">Prokuratura podkre\u015bli\u0142a, \u017ce nie pozyskano \u017cadnego dowodu, kt\u00f3ry cho\u0107by w minimalnym stopniu uprawdopodobnia\u0142by zamiar nierzetelnego dzia\u0142ania cz\u0142onk\u00f3w komisji.<\/p>\n\n\n\n<p class=\"wp-block-paragraph\">Wed\u0142ug \u015bledczych nie by\u0142o podstaw do przyj\u0119cia, \u017ce ich celem by\u0142o wyrz\u0105dzenie szkody przez zafa\u0142szowanie rzeczywistych wynik\u00f3w g\u0142osowania.<\/p>\n\n\n\n<p class=\"wp-block-paragraph\">Prokuratorzy zwr\u00f3cili te\u017c uwag\u0119 na sk\u0142ad komisji.<\/p>\n\n\n\n<p class=\"wp-block-paragraph\">Jej cz\u0142onkowie zostali zg\u0142oszeni przez r\u00f3\u017cne komitety wyborcze.<\/p>\n\n\n\n<p class=\"wp-block-paragraph\">Zdaniem prokuratury ta okoliczno\u015b\u0107 dodatkowo os\u0142abia\u0142a tez\u0119, \u017ce mog\u0142o doj\u015b\u0107 do porozumienia maj\u0105cego na celu \u015bwiadome odwr\u00f3cenie wynik\u00f3w.<\/p>\n\n\n\n<p class=\"wp-block-paragraph\">W postanowieniu oceniono r\u00f3wnie\u017c, \u017ce cz\u0142onkowie komisji podeszli do powierzonych im obowi\u0105zk\u00f3w z nale\u017cyt\u0105 powag\u0105 i szacunkiem.<\/p>\n\n\n\n<p class=\"wp-block-paragraph\">Ostatecznie \u015bledztwo zosta\u0142o umorzone.<\/p>\n\n\n\n<p class=\"wp-block-paragraph\">Decyzj\u0119 wydano na pocz\u0105tku maja, a postanowienie o umorzeniu jest prawomocne.<\/p>\n\n\n\n<p class=\"wp-block-paragraph\">Sprawa komisji nr 35 w Tychach by\u0142a jednym z przypadk\u00f3w nieprawid\u0142owo\u015bci ujawnionych po wyborach prezydenckich.<\/p>\n\n\n\n<p class=\"wp-block-paragraph\">Jak przypomina Gazeta.pl, Prokuratura Krajowa informowa\u0142a wcze\u015bniej o analizie wynik\u00f3w z 250 obwodowych komisji w ca\u0142ej Polsce.<\/p>\n\n\n\n<p class=\"wp-block-paragraph\">W 84 przypadkach stwierdzono rozbie\u017cno\u015bci.<\/p>\n\n\n\n<p class=\"wp-block-paragraph\">W 16 komisjach g\u0142osy zosta\u0142y odwrotnie przypisane kandydatom.<\/p>\n\n\n\n<p class=\"wp-block-paragraph\">W przypadku komisji w Tychach \u015bledczy uznali jednak, \u017ce dosz\u0142o do b\u0142\u0119du, a nie do celowego fa\u0142szowania wynik\u00f3w.<\/p>\n\n\n\n<p class=\"wp-block-paragraph\">Prawomocne umorzenie oznacza, \u017ce post\u0119powanie w tej sprawie zosta\u0142o zako\u0144czone.<\/p>\n","protected":false},"excerpt":{"rendered":"Prokuratura umorzy\u0142a \u015bledztwo po zamianie g\u0142os\u00f3w w komisji. Chodzi o wyniki Nawrockiego i Trzaskowskiego Prokuratura Okr\u0119gowa w Katowicach umorzy\u0142a \u015bledztwo dotycz\u0105ce komisji wyborczej \n<a class=\"moretag\" href=\"https:\/\/time24.pl.ua\/?p=18421\"> [...]<\/a>","protected":false},"author":1,"featured_media":18422,"comment_status":"open","ping_status":"open","sticky":false,"template":"","format":"standard","meta":{"footnotes":""},"categories":[1],"tags":[],"class_list":["post-18421","post","type-post","status-publish","format-standard","has-post-thumbnail","hentry","category-blog"],"_links":{"self":[{"href":"https:\/\/time24.pl.ua\/index.php?rest_route=\/wp\/v2\/posts\/18421","targetHints":{"allow":["GET"]}}],"collection":[{"href":"https:\/\/time24.pl.ua\/index.php?rest_route=\/wp\/v2\/posts"}],"about":[{"href":"https:\/\/time24.pl.ua\/index.php?rest_route=\/wp\/v2\/types\/post"}],"author":[{"embeddable":true,"href":"https:\/\/time24.pl.ua\/index.php?rest_route=\/wp\/v2\/users\/1"}],"replies":[{"embeddable":true,"href":"https:\/\/time24.pl.ua\/index.php?rest_route=%2Fwp%2Fv2%2Fcomments&post=18421"}],"version-history":[{"count":1,"href":"https:\/\/time24.pl.ua\/index.php?rest_route=\/wp\/v2\/posts\/18421\/revisions"}],"predecessor-version":[{"id":18423,"href":"https:\/\/time24.pl.ua\/index.php?rest_route=\/wp\/v2\/posts\/18421\/revisions\/18423"}],"wp:featuredmedia":[{"embeddable":true,"href":"https:\/\/time24.pl.ua\/index.php?rest_route=\/wp\/v2\/media\/18422"}],"wp:attachment":[{"href":"https:\/\/time24.pl.ua\/index.php?rest_route=%2Fwp%2Fv2%2Fmedia&parent=18421"}],"wp:term":[{"taxonomy":"category","embeddable":true,"href":"https:\/\/time24.pl.ua\/index.php?rest_route=%2Fwp%2Fv2%2Fcategories&post=18421"},{"taxonomy":"post_tag","embeddable":true,"href":"https:\/\/time24.pl.ua\/index.php?rest_route=%2Fwp%2Fv2%2Ftags&post=18421"}],"curies":[{"name":"wp","href":"https:\/\/api.w.org\/{rel}","templated":true}]}}