{"id":18412,"date":"2026-09-02T20:27:11","date_gmt":"2026-09-02T20:27:11","guid":{"rendered":"https:\/\/time24.pl.ua\/?p=18412"},"modified":"2026-09-02T20:27:11","modified_gmt":"2026-09-02T20:27:11","slug":"zamieszki-w-polskim-miescie-tlum-wyszedl-na-ulice-doszlo-do-starcia-z-policja","status":"publish","type":"post","link":"https:\/\/time24.pl.ua\/?p=18412","title":{"rendered":"Zamieszki w polskim mie\u015bcie. T\u0142um wyszed\u0142 na ulic\u0119. Dosz\u0142o do starcia z policj\u0105"},"content":{"rendered":"\n<p class=\"wp-block-paragraph\"><strong>Eksmisja na Osiedlu Malta\u0144skim w Poznaniu. Dosz\u0142o do przepychanek z policj\u0105<\/strong><\/p>\n\n\n\n<p class=\"wp-block-paragraph\">Na pozna\u0144skim Osiedlu Malta\u0144skim trwa eksmisja pani Sandry.<\/p>\n\n\n\n<p class=\"wp-block-paragraph\">Przed domem kobiety zebra\u0142o si\u0119 kilkadziesi\u0105t os\u00f3b sprzeciwiaj\u0105cych si\u0119 dzia\u0142aniom komornika.<\/p>\n\n\n\n<p class=\"wp-block-paragraph\">Na miejscu pojawi\u0142a si\u0119 policja, kt\u00f3ra zabezpiecza teren i pr\u00f3buje opanowa\u0107 napi\u0119t\u0105 sytuacj\u0119.<\/p>\n\n\n\n<p class=\"wp-block-paragraph\">Mi\u0119dzy funkcjonariuszami a uczestnikami protestu dosz\u0142o do przepychanek.<\/p>\n\n\n\n<p class=\"wp-block-paragraph\">Pani Sandra przekaza\u0142a wcze\u015bniej portalowi ePozna\u0144, \u017ce mieszka na Osiedlu Malta\u0144skim od 33 lat.<\/p>\n\n\n\n<p class=\"wp-block-paragraph\">Twierdzi, \u017ce nie wykorzysta\u0142a jeszcze wszystkich mo\u017cliwo\u015bci prawnych zwi\u0105zanych z obron\u0105 swojego miejsca zamieszkania.<\/p>\n\n\n\n<p class=\"wp-block-paragraph\">Wed\u0142ug jej o\u015bwiadczenia post\u0119powanie eksmisyjne zosta\u0142o podj\u0119te z inicjatywy Parafii Jana Jerozolimskiego za Murami.<\/p>\n\n\n\n<p class=\"wp-block-paragraph\">Sprawa wywo\u0142a\u0142a protest mieszka\u0144c\u00f3w i aktywist\u00f3w.<\/p>\n\n\n\n<p class=\"wp-block-paragraph\">G\u0142os w tej sprawie zabra\u0142a r\u00f3wnie\u017c w Sejmie pos\u0142anka Razem Marcelina Zawisza.<\/p>\n\n\n\n<p class=\"wp-block-paragraph\">Jak relacjonowa\u0142 reporter Polsat News obecny na miejscu, przed domem pani Sandry zebra\u0142 si\u0119 t\u0142um przeciwnik\u00f3w eksmisji.<\/p>\n\n\n\n<p class=\"wp-block-paragraph\">Protestuj\u0105cy przynie\u015bli banery i skandowali has\u0142a.<\/p>\n\n\n\n<p class=\"wp-block-paragraph\">Cz\u0119\u015b\u0107 z nich by\u0142a wymierzona w komornika prowadz\u0105cego czynno\u015bci.<\/p>\n\n\n\n<p class=\"wp-block-paragraph\">Atmosfera szybko sta\u0142a si\u0119 napi\u0119ta.<\/p>\n\n\n\n<p class=\"wp-block-paragraph\">Policjanci ustawili przed zgromadzonymi kordon.<\/p>\n\n\n\n<p class=\"wp-block-paragraph\">Funkcjonariusze pr\u00f3bowali uspokoi\u0107 sytuacj\u0119 i kierowali do protestuj\u0105cych komunikaty przez megafon.<\/p>\n\n\n\n<p class=\"wp-block-paragraph\">Wed\u0142ug relacji z miejsca ich s\u0142owa by\u0142y jednak zag\u0142uszane przez krzyki uczestnik\u00f3w zgromadzenia.<\/p>\n\n\n\n<p class=\"wp-block-paragraph\">W pewnym momencie dosz\u0142o do przepychanek mi\u0119dzy policj\u0105 a protestuj\u0105cymi.<\/p>\n\n\n\n<p class=\"wp-block-paragraph\">R\u00f3wnolegle trwa\u0142y rozmowy dotycz\u0105ce samej eksmisji.<\/p>\n\n\n\n<p class=\"wp-block-paragraph\">Reporter Polsat News informowa\u0142, \u017ce negocjacje mi\u0119dzy komornikiem a pani\u0105 Sandr\u0105 prowadzone by\u0142y ju\u017c od oko\u0142o godziny.<\/p>\n\n\n\n<p class=\"wp-block-paragraph\">S\u0142u\u017cbom zale\u017cy na tym, aby czynno\u015bci zosta\u0142y przeprowadzone pokojowo.<\/p>\n\n\n\n<p class=\"wp-block-paragraph\">Obecno\u015b\u0107 kilkudziesi\u0119ciu os\u00f3b przed domem znacz\u0105co utrudnia jednak przebieg interwencji.<\/p>\n\n\n\n<p class=\"wp-block-paragraph\">Policja pr\u00f3buje rozproszy\u0107 protestuj\u0105cych i zabezpieczy\u0107 teren.<\/p>\n\n\n\n<p class=\"wp-block-paragraph\">Z relacji Polsat News wynika, \u017ce to w\u0142a\u015bnie zgromadzenie sta\u0142o si\u0119 jednym z g\u0142\u00f3wnych problem\u00f3w podczas wykonywania czynno\u015bci przez komornika.<\/p>\n\n\n\n<p class=\"wp-block-paragraph\">Uczestnicy protestu nie chc\u0105 dopu\u015bci\u0107 do eksmisji kobiety, kt\u00f3ra \u2014 jak sama podkre\u015bla \u2014 mieszka tam od ponad trzech dekad.<\/p>\n\n\n\n<p class=\"wp-block-paragraph\">Pani Sandra przedstawi\u0142a wcze\u015bniej swoj\u0105 sytuacj\u0119 w o\u015bwiadczeniu przekazanym portalowi ePozna\u0144.<\/p>\n\n\n\n<p class=\"wp-block-paragraph\">Napisa\u0142a w nim, \u017ce z Osiedlem Malta\u0144skim jest zwi\u0105zana od 33 lat.<\/p>\n\n\n\n<p class=\"wp-block-paragraph\">Zaznaczy\u0142a te\u017c, \u017ce jej zdaniem sprawa nie zosta\u0142a jeszcze prawnie zako\u0144czona.<\/p>\n\n\n\n<p class=\"wp-block-paragraph\">Wed\u0142ug kobiety nadal istniej\u0105 mo\u017cliwo\u015bci obrony jej miejsca zamieszkania.<\/p>\n\n\n\n<p class=\"wp-block-paragraph\">W o\u015bwiadczeniu wskaza\u0142a, \u017ce Parafia Jana Jerozolimskiego za Murami zdecydowa\u0142a si\u0119 na wezwanie komornika i rozpocz\u0119cie eksmisji.<\/p>\n\n\n\n<p class=\"wp-block-paragraph\">To w\u0142a\u015bnie te s\u0142owa wywo\u0142a\u0142y dodatkowe emocje w\u015br\u00f3d os\u00f3b sprzeciwiaj\u0105cych si\u0119 dzia\u0142aniom na osiedlu.<\/p>\n\n\n\n<p class=\"wp-block-paragraph\">Dla pani Sandry sprawa ma wymiar nie tylko prawny, ale r\u00f3wnie\u017c osobisty.<\/p>\n\n\n\n<p class=\"wp-block-paragraph\">Podkre\u015bla, \u017ce przez ponad trzy dekady mieszka\u0142a w tym miejscu i nie zgadza si\u0119 z przebiegiem dzia\u0142a\u0144 prowadz\u0105cych do eksmisji.<\/p>\n\n\n\n<p class=\"wp-block-paragraph\">Na miejscu sytuacja koncentruje si\u0119 jednak przede wszystkim wok\u00f3\u0142 trwaj\u0105cych czynno\u015bci komorniczych i protestu.<\/p>\n\n\n\n<p class=\"wp-block-paragraph\">Kilkudziesi\u0119ciu zgromadzonych pr\u00f3buje zatrzyma\u0107 eksmisj\u0119.<\/p>\n\n\n\n<p class=\"wp-block-paragraph\">Policja zabezpiecza teren i podejmuje dzia\u0142ania wobec uczestnik\u00f3w zgromadzenia.<\/p>\n\n\n\n<p class=\"wp-block-paragraph\">Do sprawy odnios\u0142a si\u0119 r\u00f3wnie\u017c pos\u0142anka Razem Marcelina Zawisza.<\/p>\n\n\n\n<p class=\"wp-block-paragraph\">Polityczka m\u00f3wi\u0142a o wydarzeniach na Osiedlu Malta\u0144skim podczas wyst\u0105pienia w Sejmie.<\/p>\n\n\n\n<p class=\"wp-block-paragraph\">Przedstawi\u0142a w\u0142asn\u0105 ocen\u0119 sytuacji i odpowiedzialno\u015bci za to, co dzieje si\u0119 w Poznaniu.<\/p>\n\n\n\n<p class=\"wp-block-paragraph\">Zawisza stwierdzi\u0142a, \u017ce trwa druga eksmisja na zlecenie Ko\u015bcio\u0142a.<\/p>\n\n\n\n<p class=\"wp-block-paragraph\">Jej zdaniem w Poznaniu kuria dzia\u0142a \u201erami\u0119 w rami\u0119 z deweloperem\u201d i przy przyzwoleniu miasta.<\/p>\n\n\n\n<p class=\"wp-block-paragraph\">Polityczka oceni\u0142a, \u017ce z dom\u00f3w wyrzucani s\u0105 ludzie, kt\u00f3rzy sami te domy budowali.<\/p>\n\n\n\n<p class=\"wp-block-paragraph\">Wypowied\u017a pos\u0142anki odnosi\u0142a si\u0119 nie tylko do obecnej eksmisji pani Sandry.<\/p>\n\n\n\n<p class=\"wp-block-paragraph\">Dotyczy\u0142a r\u00f3wnie\u017c szerszego sporu o przysz\u0142o\u015b\u0107 Osiedla Malta\u0144skiego.<\/p>\n\n\n\n<p class=\"wp-block-paragraph\">To miejsce od lat budzi emocje, a kolejne dzia\u0142ania eksmisyjne wywo\u0142uj\u0105 protesty mieszka\u0144c\u00f3w i aktywist\u00f3w.<\/p>\n\n\n\n<p class=\"wp-block-paragraph\">Na razie kluczowe pozostaj\u0105 rozmowy prowadzone przez komornika z pani\u0105 Sandr\u0105.<\/p>\n\n\n\n<p class=\"wp-block-paragraph\">Jednocze\u015bnie policja nadal zabezpiecza teren przed domem kobiety.<\/p>\n\n\n\n<p class=\"wp-block-paragraph\">Napi\u0119cie na miejscu doprowadzi\u0142o ju\u017c do przepychanek, a protestuj\u0105cy nie zamierzaj\u0105 ust\u0119powa\u0107.<\/p>\n\n\n\n<p class=\"wp-block-paragraph\">Dalszy przebieg eksmisji zale\u017cy od decyzji komornika, dzia\u0142a\u0144 s\u0142u\u017cb oraz tego, czy uda si\u0119 uspokoi\u0107 sytuacj\u0119 na Osiedlu Malta\u0144skim.<\/p>\n","protected":false},"excerpt":{"rendered":"Eksmisja na Osiedlu Malta\u0144skim w Poznaniu. Dosz\u0142o do przepychanek z policj\u0105 Na pozna\u0144skim Osiedlu Malta\u0144skim trwa eksmisja pani Sandry. Przed domem kobiety zebra\u0142o \n<a class=\"moretag\" href=\"https:\/\/time24.pl.ua\/?p=18412\"> [...]<\/a>","protected":false},"author":1,"featured_media":18413,"comment_status":"open","ping_status":"open","sticky":false,"template":"","format":"standard","meta":{"footnotes":""},"categories":[1],"tags":[],"class_list":["post-18412","post","type-post","status-publish","format-standard","has-post-thumbnail","hentry","category-blog"],"_links":{"self":[{"href":"https:\/\/time24.pl.ua\/index.php?rest_route=\/wp\/v2\/posts\/18412","targetHints":{"allow":["GET"]}}],"collection":[{"href":"https:\/\/time24.pl.ua\/index.php?rest_route=\/wp\/v2\/posts"}],"about":[{"href":"https:\/\/time24.pl.ua\/index.php?rest_route=\/wp\/v2\/types\/post"}],"author":[{"embeddable":true,"href":"https:\/\/time24.pl.ua\/index.php?rest_route=\/wp\/v2\/users\/1"}],"replies":[{"embeddable":true,"href":"https:\/\/time24.pl.ua\/index.php?rest_route=%2Fwp%2Fv2%2Fcomments&post=18412"}],"version-history":[{"count":1,"href":"https:\/\/time24.pl.ua\/index.php?rest_route=\/wp\/v2\/posts\/18412\/revisions"}],"predecessor-version":[{"id":18414,"href":"https:\/\/time24.pl.ua\/index.php?rest_route=\/wp\/v2\/posts\/18412\/revisions\/18414"}],"wp:featuredmedia":[{"embeddable":true,"href":"https:\/\/time24.pl.ua\/index.php?rest_route=\/wp\/v2\/media\/18413"}],"wp:attachment":[{"href":"https:\/\/time24.pl.ua\/index.php?rest_route=%2Fwp%2Fv2%2Fmedia&parent=18412"}],"wp:term":[{"taxonomy":"category","embeddable":true,"href":"https:\/\/time24.pl.ua\/index.php?rest_route=%2Fwp%2Fv2%2Fcategories&post=18412"},{"taxonomy":"post_tag","embeddable":true,"href":"https:\/\/time24.pl.ua\/index.php?rest_route=%2Fwp%2Fv2%2Ftags&post=18412"}],"curies":[{"name":"wp","href":"https:\/\/api.w.org\/{rel}","templated":true}]}}