{"id":18406,"date":"2026-09-02T20:23:40","date_gmt":"2026-09-02T20:23:40","guid":{"rendered":"https:\/\/time24.pl.ua\/?p=18406"},"modified":"2026-09-02T20:23:40","modified_gmt":"2026-09-02T20:23:40","slug":"tragiczny-wypadek-na-a1-wlasnie-przekazano-najnowsze-wiesci","status":"publish","type":"post","link":"https:\/\/time24.pl.ua\/?p=18406","title":{"rendered":"Tragiczny wypadek na A1. W\u0142a\u015bnie przekazano najnowsze wie\u015bci"},"content":{"rendered":"\n<p class=\"wp-block-paragraph\"><strong>Tragiczny wypadek na A1.<\/strong><\/p>\n\n\n\n<p class=\"wp-block-paragraph\">Cztery osoby zgin\u0119\u0142y, a cztery kolejne zosta\u0142y ci\u0119\u017cko ranne po tragicznym wypadku na autostradzie A1 w Mykanowie.<\/p>\n\n\n\n<p class=\"wp-block-paragraph\">Do dramatu dosz\u0142o na odcinku trasy, na kt\u00f3rym prowadzone by\u0142y prace drogowe.<\/p>\n\n\n\n<p class=\"wp-block-paragraph\">\u201eFakt\u201d dotar\u0142 do nowych informacji dotycz\u0105cych ofiar.<\/p>\n\n\n\n<p class=\"wp-block-paragraph\">Wiadomo ju\u017c, \u017ce najm\u0142odsza z nich mia\u0142a zaledwie 20 lat.<\/p>\n\n\n\n<p class=\"wp-block-paragraph\">Tragedia rozegra\u0142a si\u0119 w rejonie Mykanowa, przed zjazdem z autostrady, w wojew\u00f3dztwie \u015bl\u0105skim.<\/p>\n\n\n\n<p class=\"wp-block-paragraph\">Z dotychczasowych ustale\u0144 wynika, \u017ce ci\u0119\u017carowa Scania wjecha\u0142a w grup\u0119 pojazd\u00f3w nale\u017c\u0105cych do ekipy wykonuj\u0105cej prace drogowe.<\/p>\n\n\n\n<p class=\"wp-block-paragraph\">Do zdarzenia dosz\u0142o na prawym pasie ruchu.<\/p>\n\n\n\n<p class=\"wp-block-paragraph\">W rejonie prowadzonych rob\u00f3t znajdowali si\u0119 pracownicy, dla kt\u00f3rych zderzenie mia\u0142o tragiczne skutki.<\/p>\n\n\n\n<p class=\"wp-block-paragraph\">W wyniku wypadku cztery osoby ponios\u0142y \u015bmier\u0107.<\/p>\n\n\n\n<p class=\"wp-block-paragraph\">Cztery kolejne zosta\u0142y ci\u0119\u017cko ranne i trafi\u0142y do szpitala.<\/p>\n\n\n\n<p class=\"wp-block-paragraph\">Na miejscu od razu rozpocz\u0119\u0142a si\u0119 szeroko zakrojona akcja ratunkowa.<\/p>\n\n\n\n<p class=\"wp-block-paragraph\">Pracowa\u0142y tam liczne s\u0142u\u017cby, w tym stra\u017cacy, ratownicy medyczni oraz policjanci.<\/p>\n\n\n\n<p class=\"wp-block-paragraph\">Ze wzgl\u0119du na skal\u0119 zniszcze\u0144 konieczne by\u0142o u\u017cycie ci\u0119\u017ckiego sprz\u0119tu oraz narz\u0119dzi hydraulicznych.<\/p>\n\n\n\n<p class=\"wp-block-paragraph\">Ratownicy musieli uwalnia\u0107 cz\u0119\u015b\u0107 poszkodowanych z rozbitych pojazd\u00f3w.<\/p>\n\n\n\n<p class=\"wp-block-paragraph\">W dzia\u0142aniach bra\u0142o udzia\u0142 \u0142\u0105cznie 13 zast\u0119p\u00f3w stra\u017cy po\u017carnej.<\/p>\n\n\n\n<p class=\"wp-block-paragraph\">Po \u015bmiertelnym wypadku \u015bl\u0105ska policja og\u0142osi\u0142a symboliczny \u201eCzarny Alert Drogowy\u201d.<\/p>\n\n\n\n<p class=\"wp-block-paragraph\">Funkcjonariusze stosuj\u0105 go w przypadku najtragiczniejszych zdarze\u0144, w kt\u00f3rych gin\u0105 ludzie.<\/p>\n\n\n\n<p class=\"wp-block-paragraph\">Przy tej okazji policja ponownie zaapelowa\u0142a do kierowc\u00f3w o szczeg\u00f3ln\u0105 ostro\u017cno\u015b\u0107.<\/p>\n\n\n\n<p class=\"wp-block-paragraph\">Dotyczy to zw\u0142aszcza jazdy autostradami, drogami szybkiego ruchu oraz odcinkami, na kt\u00f3rych prowadzone s\u0105 prace.<\/p>\n\n\n\n<p class=\"wp-block-paragraph\">Nowe informacje o ofiarach przekaza\u0142 \u201eFakt\u201d.<\/p>\n\n\n\n<p class=\"wp-block-paragraph\">Jak ustali\u0142a redakcja, najm\u0142odszy z m\u0119\u017cczyzn, kt\u00f3ry zgin\u0105\u0142 w wypadku, mia\u0142 20 lat.<\/p>\n\n\n\n<p class=\"wp-block-paragraph\">Dw\u00f3ch kolejnych mia\u0142o po 44 lata.<\/p>\n\n\n\n<p class=\"wp-block-paragraph\">Najstarsza ofiara mia\u0142a 62 lata.<\/p>\n\n\n\n<p class=\"wp-block-paragraph\">Wiadomo wi\u0119c, \u017ce ofiarami byli doro\u015bli m\u0119\u017cczy\u017ani w r\u00f3\u017cnym wieku, pracuj\u0105cy przy obs\u0142udze rob\u00f3t drogowych na autostradzie.<\/p>\n\n\n\n<p class=\"wp-block-paragraph\">O tragedii m\u00f3wi\u0142a \u201eFaktowi\u201d podkomisarz Barbara Pozna\u0144ska z cz\u0119stochowskiej policji.<\/p>\n\n\n\n<p class=\"wp-block-paragraph\">Podkre\u015bli\u0142a, \u017ce to dramat wielu rodzin.<\/p>\n\n\n\n<p class=\"wp-block-paragraph\">Jej s\u0142owa pokazuj\u0105, \u017ce skutki wypadku dotkn\u0119\u0142y nie tylko osoby znajduj\u0105ce si\u0119 na miejscu zdarzenia, ale r\u00f3wnie\u017c ich bliskich, wsp\u00f3\u0142pracownik\u00f3w i ca\u0142e otoczenie ofiar.<\/p>\n\n\n\n<p class=\"wp-block-paragraph\">Za kierownic\u0105 ci\u0119\u017carowej Scanii siedzia\u0142 32-letni m\u0119\u017cczyzna z powiatu kutnowskiego w wojew\u00f3dztwie \u0142\u00f3dzkim.<\/p>\n\n\n\n<p class=\"wp-block-paragraph\">Kierowca nie odni\u00f3s\u0142 obra\u017ce\u0144 w wyniku zderzenia.<\/p>\n\n\n\n<p class=\"wp-block-paragraph\">Po wypadku zosta\u0142 zatrzymany do wyja\u015bnienia.<\/p>\n\n\n\n<p class=\"wp-block-paragraph\">Pozostaje do dyspozycji policji.<\/p>\n\n\n\n<p class=\"wp-block-paragraph\">Funkcjonariusze sprawdzili r\u00f3wnie\u017c jego trze\u017awo\u015b\u0107.<\/p>\n\n\n\n<p class=\"wp-block-paragraph\">Badanie wykaza\u0142o, \u017ce m\u0119\u017cczyzna by\u0142 trze\u017awy.<\/p>\n\n\n\n<p class=\"wp-block-paragraph\">Na obecnym etapie \u015bledczy nie przes\u0105dzaj\u0105 jednak o przyczynach tragedii.<\/p>\n\n\n\n<p class=\"wp-block-paragraph\">Policjanci nadal prowadz\u0105 czynno\u015bci pod nadzorem prokuratora.<\/p>\n\n\n\n<p class=\"wp-block-paragraph\">Zabezpieczane s\u0105 \u015blady, dokumentacja oraz informacje potrzebne do dok\u0142adnego odtworzenia przebiegu wypadku.<\/p>\n\n\n\n<p class=\"wp-block-paragraph\">Podkomisarz Barbara Pozna\u0144ska podkre\u015bli\u0142a, \u017ce jest zdecydowanie za wcze\u015bnie, aby wyci\u0105ga\u0107 wnioski i ferowa\u0107 wyroki.<\/p>\n\n\n\n<p class=\"wp-block-paragraph\">Jak zaznaczy\u0142a, potrzeba czasu, aby wszystko dok\u0142adnie wyja\u015bni\u0107.<\/p>\n\n\n\n<p class=\"wp-block-paragraph\">\u015aledczy b\u0119d\u0105 ustala\u0107 mi\u0119dzy innymi, dlaczego ci\u0119\u017car\u00f3wka wjecha\u0142a w rejon prac drogowych i co dzia\u0142o si\u0119 tu\u017c przed zderzeniem.<\/p>\n\n\n\n<p class=\"wp-block-paragraph\">Znaczenie mog\u0105 mie\u0107 tak\u017ce warunki panuj\u0105ce na trasie, oznakowanie rob\u00f3t, ustawienie pojazd\u00f3w obs\u0142ugi oraz zachowanie uczestnik\u00f3w ruchu.<\/p>\n\n\n\n<p class=\"wp-block-paragraph\">Na miejscu nadal pracuj\u0105 s\u0142u\u017cby.<\/p>\n\n\n\n<p class=\"wp-block-paragraph\">Funkcjonariusze zabezpieczaj\u0105 materia\u0142y, kt\u00f3re mog\u0105 mie\u0107 kluczowe znaczenie dla dalszego post\u0119powania.<\/p>\n\n\n\n<p class=\"wp-block-paragraph\">Dopiero po zako\u0144czeniu czynno\u015bci b\u0119dzie mo\u017cna m\u00f3wi\u0107 o dok\u0142adnym przebiegu wypadku i ewentualnej odpowiedzialno\u015bci.<\/p>\n\n\n\n<p class=\"wp-block-paragraph\">Tragedia na A1 w Mykanowie wstrz\u0105sn\u0119\u0142a regionem.<\/p>\n\n\n\n<p class=\"wp-block-paragraph\">Cztery osoby straci\u0142y \u017cycie podczas wykonywania pracy na drodze.<\/p>\n\n\n\n<p class=\"wp-block-paragraph\">Cztery kolejne walcz\u0105 o powr\u00f3t do zdrowia po ci\u0119\u017ckich obra\u017ceniach.<\/p>\n\n\n\n<p class=\"wp-block-paragraph\">Najm\u0142odsza ofiara mia\u0142a tylko 20 lat.<\/p>\n\n\n\n<p class=\"wp-block-paragraph\">To kolejny dramatyczny przyk\u0142ad tego, jak niebezpieczne mog\u0105 by\u0107 zdarzenia na autostradach, szczeg\u00f3lnie w rejonach prowadzonych prac drogowych.<\/p>\n","protected":false},"excerpt":{"rendered":"Tragiczny wypadek na A1. Cztery osoby zgin\u0119\u0142y, a cztery kolejne zosta\u0142y ci\u0119\u017cko ranne po tragicznym wypadku na autostradzie A1 w Mykanowie. Do dramatu \n<a class=\"moretag\" href=\"https:\/\/time24.pl.ua\/?p=18406\"> [...]<\/a>","protected":false},"author":1,"featured_media":18407,"comment_status":"open","ping_status":"open","sticky":false,"template":"","format":"standard","meta":{"footnotes":""},"categories":[1],"tags":[],"class_list":["post-18406","post","type-post","status-publish","format-standard","has-post-thumbnail","hentry","category-blog"],"_links":{"self":[{"href":"https:\/\/time24.pl.ua\/index.php?rest_route=\/wp\/v2\/posts\/18406","targetHints":{"allow":["GET"]}}],"collection":[{"href":"https:\/\/time24.pl.ua\/index.php?rest_route=\/wp\/v2\/posts"}],"about":[{"href":"https:\/\/time24.pl.ua\/index.php?rest_route=\/wp\/v2\/types\/post"}],"author":[{"embeddable":true,"href":"https:\/\/time24.pl.ua\/index.php?rest_route=\/wp\/v2\/users\/1"}],"replies":[{"embeddable":true,"href":"https:\/\/time24.pl.ua\/index.php?rest_route=%2Fwp%2Fv2%2Fcomments&post=18406"}],"version-history":[{"count":1,"href":"https:\/\/time24.pl.ua\/index.php?rest_route=\/wp\/v2\/posts\/18406\/revisions"}],"predecessor-version":[{"id":18408,"href":"https:\/\/time24.pl.ua\/index.php?rest_route=\/wp\/v2\/posts\/18406\/revisions\/18408"}],"wp:featuredmedia":[{"embeddable":true,"href":"https:\/\/time24.pl.ua\/index.php?rest_route=\/wp\/v2\/media\/18407"}],"wp:attachment":[{"href":"https:\/\/time24.pl.ua\/index.php?rest_route=%2Fwp%2Fv2%2Fmedia&parent=18406"}],"wp:term":[{"taxonomy":"category","embeddable":true,"href":"https:\/\/time24.pl.ua\/index.php?rest_route=%2Fwp%2Fv2%2Fcategories&post=18406"},{"taxonomy":"post_tag","embeddable":true,"href":"https:\/\/time24.pl.ua\/index.php?rest_route=%2Fwp%2Fv2%2Ftags&post=18406"}],"curies":[{"name":"wp","href":"https:\/\/api.w.org\/{rel}","templated":true}]}}