{"id":18400,"date":"2026-09-01T20:02:01","date_gmt":"2026-09-01T20:02:01","guid":{"rendered":"https:\/\/time24.pl.ua\/?p=18400"},"modified":"2026-09-01T20:02:01","modified_gmt":"2026-09-01T20:02:01","slug":"my-juz-wykonalismy-swoje-trzaskowski-jasno-o-pakcie-migracyjnym","status":"publish","type":"post","link":"https:\/\/time24.pl.ua\/?p=18400","title":{"rendered":"\u201cMy ju\u017c wykonali\u015bmy swoje\u201d. Trzaskowski jasno o pakcie migracyjnym"},"content":{"rendered":"\n<p class=\"wp-block-paragraph\">Niech nikomu w Europie si\u0119 nie wydaje, \u017ce b\u0119dzie nas do czegokolwiek zmusza\u0142 \u2013 powiedzia\u0142 Rafa\u0142 Trzaskowski o pakcie migracyjnym. Kandydat na prezydenta przypomnia\u0142, \u017ce \u201cmy ju\u017c wykonali\u015bmy swoje\u201d, bo pomogli\u015bmy milionom Ukrai\u0144c\u00f3w uciekaj\u0105cych przed wojn\u0105. \u2013 Je\u017celi wystawiliby\u015bmy rachunek za wszystkich Ukrai\u0144c\u00f3w, kt\u00f3rych przyj\u0119li\u015bmy, to UE musia\u0142aby nam przela\u0107 miliardy \u2013 doda\u0142.<\/p>\n\n\n\n<figure class=\"wp-block-image\"><img decoding=\"async\" src=\"https:\/\/i.iplsc.com\/000KJSB94GXE6MPM-C323-F4.webp\" alt=\"Rafa\u0142 Trzaskowski\" title=\"Rafa\u0142 Trzaskowski\"\/><\/figure>\n\n\n\n<p class=\"wp-block-paragraph\">Rafa\u0142 TrzaskowskiPolsat News<\/p>\n\n\n\n<hr class=\"wp-block-separator has-alpha-channel-opacity\"\/>\n\n\n\n<hr class=\"wp-block-separator has-alpha-channel-opacity\"\/>\n\n\n\n<hr class=\"wp-block-separator has-alpha-channel-opacity\"\/>\n\n\n\n<p class=\"wp-block-paragraph\">Forsowany przez&nbsp;Uni\u0119 Europejsk\u0105&nbsp;pakt migracyjny&nbsp;budzi skrajne emocje. By\u0142y premier&nbsp;Mateusz Morawiecki&nbsp;oceni\u0142, \u017ce premier&nbsp;Donald Tusk&nbsp;k\u0142ama\u0142 w \u017cywe oczy deklaruj\u0105c, \u017ce&nbsp;Polska&nbsp;b\u0119dzie zwolniona z mechanizmu przymusowej relokacji. Do sprawy odni\u00f3s\u0142 si\u0119 w Polsat News&nbsp;kandydat&nbsp;prezydenta&nbsp;Rafa\u0142 Trzaskowski.<\/p>\n\n\n\n<h2 class=\"wp-block-heading\">Pakt migracyjny. Rafa\u0142 Trzaskowski: My ju\u017c zrobili\u015bmy wystarczaj\u0105co wiele<\/h2>\n\n\n\n<hr class=\"wp-block-separator has-alpha-channel-opacity\"\/>\n\n\n\n<p class=\"wp-block-paragraph\">\u2013&nbsp;Bezczelno\u015b\u0107 premiera Morawieckiego jest po prostu nieprawdopodobna.&nbsp;On&nbsp;nie ma \u017cadnego poj\u0119cia o polityce europejskiej. Niczego dla Polski nie wynegocjowa\u0142, \u017cadnej rzeczy nie zablokowa\u0142. Wszystko podpisywa\u0142 w ciemno i nie by\u0142 w stanie uzyska\u0107 od Unii Europejskiej jakiejkolwiek pomocy \u2013 oceni\u0142 Trzaskowski w&nbsp;programie \u201cGo\u015b\u0107 Wydarze\u0144\u201d.<\/p>\n\n\n\n<hr class=\"wp-block-separator has-alpha-channel-opacity\"\/>\n\n\n\n<hr class=\"wp-block-separator has-alpha-channel-opacity\"\/>\n\n\n\n<p class=\"wp-block-paragraph\">Prezydent stolicy przypomnia\u0142, \u017ce&nbsp;<strong>politycy KO g\u0142osowali przeciw paktowi migracyjnemu<\/strong>, a premier Tusk zapowiedzia\u0142, \u017ce Polska nie&nbsp;nie b\u0119dzie go implementowa\u0142a.<\/p>\n\n\n\n<p class=\"wp-block-paragraph\">\u2013 Ja od wielu miesi\u0119cy, o ile nie od lat m\u00f3wi\u0119, \u017ce&nbsp;<strong>my ju\u017c wykonali\u015bmy swoje, je\u015bli chodzi o europejsk\u0105 polityk\u0119 migracyjna<\/strong>, bo pomogli\u015bmy milionom Ukrai\u0144c\u00f3w \u2013 stwierdzi\u0142.<\/p>\n\n\n\n<p class=\"wp-block-paragraph\">\u2013&nbsp;<strong>Niech nikomu w&nbsp;<a href=\"https:\/\/wydarzenia.interia.pl\/tematy-europa,gsbi,4992\">Europie<\/a>&nbsp;si\u0119 nie wydaje, \u017ce b\u0119dzie nas do czegokolwiek zmusza\u0142<\/strong>. Nie ma zgody na to, \u017ceby wciela\u0107 w \u017cycie jakiekolwiek postanowienia z tego paktu, kt\u00f3re dotycz\u0105c relokacji \u2013 podkre\u015bli\u0142. \u2013&nbsp;<strong>My ju\u017c zrobili\u015bmy wystarczaj\u0105co wiele<\/strong>&nbsp;\u2013 doda\u0142.<\/p>\n\n\n\n<h2 class=\"wp-block-heading\">Rafa\u0142 Trzaskowski o \u201cwystawieniu rachunku\u201d UE<\/h2>\n\n\n\n<hr class=\"wp-block-separator has-alpha-channel-opacity\"\/>\n\n\n\n<p class=\"wp-block-paragraph\">Prowadz\u0105cy program Bogdan Rymanowski przypomnia\u0142 jednak wypowied\u017a&nbsp;<strong>unijnego komisarza ds. migracji Magnusa Brunnera<\/strong>, kt\u00f3ry stwierdzi\u0142, \u017ce&nbsp;<strong>Polska nie b\u0119dzie wy\u0142\u0105czona z paktu migracyjnego<\/strong>&nbsp;i albo przyjmie 30 tys. migrant\u00f3w, albo b\u0119dzie musia\u0142a zap\u0142aci\u0107 20 tys. euro kary za jednego nieprzyj\u0119tego.<\/p>\n\n\n\n<p class=\"wp-block-paragraph\">\u2013 Komisarz Brunner musi wzi\u0105\u0107 pod uwag\u0119, \u017ce<strong>&nbsp;je\u017celi my wystawiliby\u015bmy rachunek za wszystkich Ukrai\u0144c\u00f3w, kt\u00f3rych przyj\u0119li\u015bmy, to UE musia\u0142aby nam przela\u0107 miliardy<\/strong>&nbsp;\u2013 oceni\u0142 Trzaskowski.<\/p>\n","protected":false},"excerpt":{"rendered":"Niech nikomu w Europie si\u0119 nie wydaje, \u017ce b\u0119dzie nas do czegokolwiek zmusza\u0142 \u2013 powiedzia\u0142 Rafa\u0142 Trzaskowski o pakcie migracyjnym. Kandydat na prezydenta \n<a class=\"moretag\" href=\"https:\/\/time24.pl.ua\/?p=18400\"> [...]<\/a>","protected":false},"author":1,"featured_media":0,"comment_status":"open","ping_status":"open","sticky":false,"template":"","format":"standard","meta":{"footnotes":""},"categories":[1],"tags":[],"class_list":["post-18400","post","type-post","status-publish","format-standard","hentry","category-blog"],"_links":{"self":[{"href":"https:\/\/time24.pl.ua\/index.php?rest_route=\/wp\/v2\/posts\/18400","targetHints":{"allow":["GET"]}}],"collection":[{"href":"https:\/\/time24.pl.ua\/index.php?rest_route=\/wp\/v2\/posts"}],"about":[{"href":"https:\/\/time24.pl.ua\/index.php?rest_route=\/wp\/v2\/types\/post"}],"author":[{"embeddable":true,"href":"https:\/\/time24.pl.ua\/index.php?rest_route=\/wp\/v2\/users\/1"}],"replies":[{"embeddable":true,"href":"https:\/\/time24.pl.ua\/index.php?rest_route=%2Fwp%2Fv2%2Fcomments&post=18400"}],"version-history":[{"count":1,"href":"https:\/\/time24.pl.ua\/index.php?rest_route=\/wp\/v2\/posts\/18400\/revisions"}],"predecessor-version":[{"id":18401,"href":"https:\/\/time24.pl.ua\/index.php?rest_route=\/wp\/v2\/posts\/18400\/revisions\/18401"}],"wp:attachment":[{"href":"https:\/\/time24.pl.ua\/index.php?rest_route=%2Fwp%2Fv2%2Fmedia&parent=18400"}],"wp:term":[{"taxonomy":"category","embeddable":true,"href":"https:\/\/time24.pl.ua\/index.php?rest_route=%2Fwp%2Fv2%2Fcategories&post=18400"},{"taxonomy":"post_tag","embeddable":true,"href":"https:\/\/time24.pl.ua\/index.php?rest_route=%2Fwp%2Fv2%2Ftags&post=18400"}],"curies":[{"name":"wp","href":"https:\/\/api.w.org\/{rel}","templated":true}]}}