{"id":18388,"date":"2026-09-01T19:46:10","date_gmt":"2026-09-01T19:46:10","guid":{"rendered":"https:\/\/time24.pl.ua\/?p=18388"},"modified":"2026-09-01T19:46:10","modified_gmt":"2026-09-01T19:46:10","slug":"czarne-chmury-nad-szymonem-holownia-i-piecioma-innymi-poslami-moga-stracic-immunitet","status":"publish","type":"post","link":"https:\/\/time24.pl.ua\/?p=18388","title":{"rendered":"Czarne chmury nad Szymonem Ho\u0142owni\u0105 i pi\u0119cioma innymi pos\u0142ami. Mog\u0105 straci\u0107 immunitet"},"content":{"rendered":"\n<p class=\"wp-block-paragraph\"><strong>Ho\u0142ownia mo\u017ce straci\u0107 immunitet. Chodzi o \u015bledztwo w sprawie Collegium Humanum<\/strong><\/p>\n\n\n\n<p class=\"wp-block-paragraph\">By\u0142y marsza\u0142ek Sejmu Szymon Ho\u0142ownia mo\u017ce straci\u0107 immunitet w zwi\u0105zku ze \u015bledztwem dotycz\u0105cym Collegium Humanum.<\/p>\n\n\n\n<p class=\"wp-block-paragraph\">Jak ustali\u0142 TVN24, prokuratorzy uznali, \u017ce zgromadzony materia\u0142 pozwala na przedstawienie mu zarzut\u00f3w.<\/p>\n\n\n\n<p class=\"wp-block-paragraph\">Projekt wniosku o uchylenie immunitetu polityka trafi\u0142 ju\u017c do Prokuratury Krajowej.<\/p>\n\n\n\n<p class=\"wp-block-paragraph\">Ho\u0142ownia konsekwentnie zaprzecza jednak, by dopu\u015bci\u0142 si\u0119 jakiegokolwiek przest\u0119pstwa.<\/p>\n\n\n\n<p class=\"wp-block-paragraph\">Sprawa jest na razie na wczesnym etapie.<\/p>\n\n\n\n<p class=\"wp-block-paragraph\">Samo przygotowanie projektu wniosku nie oznacza jeszcze, \u017ce dokument trafi\u0142 do Sejmu.<\/p>\n\n\n\n<p class=\"wp-block-paragraph\">Ostateczna decyzja w tej sprawie ma nale\u017ce\u0107 do Prokuratora Generalnego.<\/p>\n\n\n\n<p class=\"wp-block-paragraph\">Wed\u0142ug nieoficjalnych ustale\u0144 \u201eRzeczpospolitej\u201d prokurator prowadz\u0105cy \u015bledztwo przygotowa\u0142 wnioski o uchylenie immunitetu pi\u0119ciu politykom.<\/p>\n\n\n\n<p class=\"wp-block-paragraph\">Chodzi o czterech pos\u0142\u00f3w i jednego europos\u0142a.<\/p>\n\n\n\n<p class=\"wp-block-paragraph\">Poza Szymonem Ho\u0142owni\u0105 media wymieniaj\u0105 tak\u017ce by\u0142ego wiceministra rolnictwa Micha\u0142a Ko\u0142odziejczaka, pos\u0142ank\u0119 PiS Ew\u0119 Leniart oraz europos\u0142a Micha\u0142a Kobosk\u0119.<\/p>\n\n\n\n<p class=\"wp-block-paragraph\">To\u017csamo\u015b\u0107 pi\u0105tej osoby nie zosta\u0142a na razie ujawniona.<\/p>\n\n\n\n<p class=\"wp-block-paragraph\">Rzeczniczka Prokuratora Generalnego prok. Anna Adamiak zaznaczy\u0142a, \u017ce na tym etapie prokuratura zachowuje pow\u015bci\u0105gliwo\u015b\u0107.<\/p>\n\n\n\n<p class=\"wp-block-paragraph\">Przekaza\u0142a, \u017ce prokuratura nie informuje o potencjalnych wnioskach o uchylenie immunitetu przed ich oficjalnym skierowaniem do Marsza\u0142ka Sejmu RP.<\/p>\n\n\n\n<p class=\"wp-block-paragraph\">W przypadku Ho\u0142owni sprawa ma dotyczy\u0107 okoliczno\u015bci jego niedosz\u0142ych studi\u00f3w w Collegium Humanum.<\/p>\n\n\n\n<p class=\"wp-block-paragraph\">Wed\u0142ug ustale\u0144 TVN24 prokuratorzy uznali, \u017ce zgromadzony materia\u0142 dowodowy pozwala postawi\u0107 zarzuty zar\u00f3wno jemu, jak i europos\u0142owi Micha\u0142owi Kobosce.<\/p>\n\n\n\n<p class=\"wp-block-paragraph\">Projekty wniosk\u00f3w o uchylenie ich immunitet\u00f3w trafi\u0142y ju\u017c do Prokuratury Krajowej.<\/p>\n\n\n\n<p class=\"wp-block-paragraph\">Nie oznacza to jednak, \u017ce parlamentarzy\u015bci strac\u0105 immunitet automatycznie.<\/p>\n\n\n\n<p class=\"wp-block-paragraph\">Najpierw konieczna jest decyzja o skierowaniu wniosk\u00f3w do odpowiednich instytucji.<\/p>\n\n\n\n<p class=\"wp-block-paragraph\">W przypadku pos\u0142\u00f3w chodzi o Sejm, a w przypadku europos\u0142a o Parlament Europejski.<\/p>\n\n\n\n<p class=\"wp-block-paragraph\">Szymon Ho\u0142ownia od miesi\u0119cy odpiera zarzuty i podkre\u015bla, \u017ce nie z\u0142ama\u0142 prawa.<\/p>\n\n\n\n<p class=\"wp-block-paragraph\">Twierdzi, \u017ce nigdy nie uko\u0144czy\u0142 studi\u00f3w na Collegium Humanum.<\/p>\n\n\n\n<p class=\"wp-block-paragraph\">Zapewnia tak\u017ce, \u017ce za nie nie p\u0142aci\u0142 i nie uczestniczy\u0142 w \u017cadnych zaj\u0119ciach.<\/p>\n\n\n\n<p class=\"wp-block-paragraph\">Polityk konsekwentnie utrzymuje wi\u0119c, \u017ce nie dopu\u015bci\u0142 si\u0119 \u017cadnego przest\u0119pstwa.<\/p>\n\n\n\n<p class=\"wp-block-paragraph\">Doniesienia o projekcie wniosku pojawiaj\u0105 si\u0119 w szczeg\u00f3lnym momencie dla by\u0142ego marsza\u0142ka Sejmu.<\/p>\n\n\n\n<p class=\"wp-block-paragraph\">W przestrzeni publicznej m\u00f3wi si\u0119 o jego mo\u017cliwym politycznym powrocie.<\/p>\n\n\n\n<p class=\"wp-block-paragraph\">Jednym z rozwa\u017canych scenariuszy ma by\u0107 obj\u0119cie przez niego kierownictwa klubu Polski 2050.<\/p>\n\n\n\n<p class=\"wp-block-paragraph\">Wed\u0142ug RadioZET.pl pojawia si\u0119 tak\u017ce wariant wej\u015bcia Ho\u0142owni do rz\u0105du jako ministra bez teki odpowiedzialnego za \u201ebezpiecze\u0144stwo informacyjne\u201d.<\/p>\n\n\n\n<p class=\"wp-block-paragraph\">Taki pomys\u0142 nie budzi jednak entuzjazmu w Koalicji Obywatelskiej.<\/p>\n\n\n\n<p class=\"wp-block-paragraph\">Jeden z parlamentarzyst\u00f3w KO powiedzia\u0142 Radiu ZET, \u017ce Ho\u0142ownia \u201enie ma wielu fan\u00f3w\u201d, ujmuj\u0105c to dyplomatycznie.<\/p>\n\n\n\n<p class=\"wp-block-paragraph\">W jego ocenie zar\u00f3wno Magdalena Biejat, jak i Szymon Ho\u0142ownia mocno pracowali politycznie w spos\u00f3b, kt\u00f3ry mia\u0142 pom\u00f3c Karolowi Nawrockiemu.<\/p>\n\n\n\n<p class=\"wp-block-paragraph\">Polityk KO stwierdzi\u0142 r\u00f3wnie\u017c, \u017ce wewn\u0105trz partii nie ma entuzjazmu wobec pomys\u0142u wzmocnienia pozycji Ho\u0142owni.<\/p>\n\n\n\n<p class=\"wp-block-paragraph\">Inny przedstawiciel Koalicji Obywatelskiej oceni\u0142, \u017ce by\u0142y marsza\u0142ek powinien przede wszystkim zdecydowa\u0107, czego chce w polityce.<\/p>\n\n\n\n<p class=\"wp-block-paragraph\">\u015aledztwo w sprawie Collegium Humanum toczy si\u0119 od 2024 roku.<\/p>\n\n\n\n<p class=\"wp-block-paragraph\">Jest uznawane za jedno z najszerszych post\u0119powa\u0144 korupcyjnych dotycz\u0105cych polskiego \u015brodowiska akademickiego.<\/p>\n\n\n\n<p class=\"wp-block-paragraph\">Dotychczas prokuratorzy przedstawili 407 zarzut\u00f3w 84 podejrzanym.<\/p>\n\n\n\n<p class=\"wp-block-paragraph\">Warto\u015b\u0107 zabezpieczonego mienia przekroczy\u0142a 176 mln z\u0142.<\/p>\n\n\n\n<p class=\"wp-block-paragraph\">Do s\u0105d\u00f3w trafi\u0142y ju\u017c dwa akty oskar\u017cenia.<\/p>\n\n\n\n<p class=\"wp-block-paragraph\">G\u0142\u00f3wny w\u0105tek post\u0119powania dotyczy procederu odp\u0142atnego wydawania dyplom\u00f3w, w tym dyplom\u00f3w studi\u00f3w podyplomowych MBA.<\/p>\n\n\n\n<p class=\"wp-block-paragraph\">Wed\u0142ug \u015bledczych dokumenty mia\u0142y by\u0107 wydawane bez spe\u0142nienia wymaganych warunk\u00f3w.<\/p>\n\n\n\n<p class=\"wp-block-paragraph\">Takie dyplomy mog\u0142y p\u00f3\u017aniej pomaga\u0107 osobom ze \u015bwiata polityki, biznesu i administracji w obejmowaniu dobrze p\u0142atnych stanowisk.<\/p>\n\n\n\n<p class=\"wp-block-paragraph\">Na razie w sprawie Szymona Ho\u0142owni nie ma jeszcze oficjalnego wniosku skierowanego do Sejmu.<\/p>\n\n\n\n<p class=\"wp-block-paragraph\">Jest projekt, kt\u00f3ry trafi\u0142 do Prokuratury Krajowej.<\/p>\n\n\n\n<p class=\"wp-block-paragraph\">Dopiero kolejne decyzje prokuratury poka\u017c\u0105, czy sprawa przejdzie do etapu formalnego procedowania immunitetu.<\/p>\n\n\n\n<p class=\"wp-block-paragraph\">Do tego czasu by\u0142y marsza\u0142ek pozostaje osob\u0105, kt\u00f3ra zaprzecza zarzutom i podkre\u015bla, \u017ce nie z\u0142ama\u0142a prawa.<\/p>\n","protected":false},"excerpt":{"rendered":"Ho\u0142ownia mo\u017ce straci\u0107 immunitet. Chodzi o \u015bledztwo w sprawie Collegium Humanum By\u0142y marsza\u0142ek Sejmu Szymon Ho\u0142ownia mo\u017ce straci\u0107 immunitet w zwi\u0105zku ze \u015bledztwem \n<a class=\"moretag\" href=\"https:\/\/time24.pl.ua\/?p=18388\"> [...]<\/a>","protected":false},"author":1,"featured_media":18389,"comment_status":"open","ping_status":"open","sticky":false,"template":"","format":"standard","meta":{"footnotes":""},"categories":[1],"tags":[],"class_list":["post-18388","post","type-post","status-publish","format-standard","has-post-thumbnail","hentry","category-blog"],"_links":{"self":[{"href":"https:\/\/time24.pl.ua\/index.php?rest_route=\/wp\/v2\/posts\/18388","targetHints":{"allow":["GET"]}}],"collection":[{"href":"https:\/\/time24.pl.ua\/index.php?rest_route=\/wp\/v2\/posts"}],"about":[{"href":"https:\/\/time24.pl.ua\/index.php?rest_route=\/wp\/v2\/types\/post"}],"author":[{"embeddable":true,"href":"https:\/\/time24.pl.ua\/index.php?rest_route=\/wp\/v2\/users\/1"}],"replies":[{"embeddable":true,"href":"https:\/\/time24.pl.ua\/index.php?rest_route=%2Fwp%2Fv2%2Fcomments&post=18388"}],"version-history":[{"count":1,"href":"https:\/\/time24.pl.ua\/index.php?rest_route=\/wp\/v2\/posts\/18388\/revisions"}],"predecessor-version":[{"id":18390,"href":"https:\/\/time24.pl.ua\/index.php?rest_route=\/wp\/v2\/posts\/18388\/revisions\/18390"}],"wp:featuredmedia":[{"embeddable":true,"href":"https:\/\/time24.pl.ua\/index.php?rest_route=\/wp\/v2\/media\/18389"}],"wp:attachment":[{"href":"https:\/\/time24.pl.ua\/index.php?rest_route=%2Fwp%2Fv2%2Fmedia&parent=18388"}],"wp:term":[{"taxonomy":"category","embeddable":true,"href":"https:\/\/time24.pl.ua\/index.php?rest_route=%2Fwp%2Fv2%2Fcategories&post=18388"},{"taxonomy":"post_tag","embeddable":true,"href":"https:\/\/time24.pl.ua\/index.php?rest_route=%2Fwp%2Fv2%2Ftags&post=18388"}],"curies":[{"name":"wp","href":"https:\/\/api.w.org\/{rel}","templated":true}]}}