{"id":18386,"date":"2026-09-01T19:44:36","date_gmt":"2026-09-01T19:44:36","guid":{"rendered":"https:\/\/time24.pl.ua\/?p=18386"},"modified":"2026-09-01T19:44:36","modified_gmt":"2026-09-01T19:44:36","slug":"rafal-trzaskowski-przekazal-tragiczne-wiesci-nie-zyje-jerzy-lakomski","status":"publish","type":"post","link":"https:\/\/time24.pl.ua\/?p=18386","title":{"rendered":"Rafa\u0142 Trzaskowski przekaza\u0142 tragiczne wie\u015bci. Nie \u017cyje Jerzy \u0141akomski"},"content":{"rendered":"\n<figure class=\"wp-block-image is-resized\"><img decoding=\"async\" src=\"https:\/\/newspol.pl\/wp-content\/uploads\/2026\/03\/posel.png.webp\" alt=\"posel\" style=\"aspect-ratio:1.955078125;width:1001px;height:auto\"\/><\/figure>\n\n\n\n<p class=\"wp-block-paragraph\"><strong>Nie \u017cyje Jerzy \u0141akomski ps. \u201eKajtek\u201d. W Powstaniu Warszawskim mia\u0142 zaledwie 12 lat<\/strong><\/p>\n\n\n\n<p class=\"wp-block-paragraph\">W wieku 94 lat zmar\u0142 Jerzy \u0141akomski ps. \u201eKajtek\u201d, uczestnik Powstania Warszawskiego.<\/p>\n\n\n\n<p class=\"wp-block-paragraph\">Gdy 1 sierpnia 1944 roku rozpocz\u0119\u0142a si\u0119 walka o Warszaw\u0119, mia\u0142 zaledwie 12 lat.<\/p>\n\n\n\n<p class=\"wp-block-paragraph\">Mimo tak m\u0142odego wieku pomaga\u0142 powsta\u0144com w ramach s\u0142u\u017cby pomocniczej pu\u0142ku \u201eBaszta\u201d.<\/p>\n\n\n\n<p class=\"wp-block-paragraph\">Dostarcza\u0142 walcz\u0105cym \u017cywno\u015b\u0107, granaty oraz butelki zapalaj\u0105ce.<\/p>\n\n\n\n<p class=\"wp-block-paragraph\">O \u015bmierci Jerzego \u0141akomskiego poinformowa\u0142 prezydent Warszawy Rafa\u0142 Trzaskowski.<\/p>\n\n\n\n<p class=\"wp-block-paragraph\">Komunikat przekaza\u0142o r\u00f3wnie\u017c Muzeum Powstania Warszawskiego, z kt\u00f3rym powstaniec przez lata pozostawa\u0142 blisko zwi\u0105zany.<\/p>\n\n\n\n<p class=\"wp-block-paragraph\">\u201eKajtek\u201d bra\u0142 udzia\u0142 w obchodach kolejnych rocznic Powstania Warszawskiego.<\/p>\n\n\n\n<p class=\"wp-block-paragraph\">Spotyka\u0142 si\u0119 tak\u017ce z m\u0142odymi lud\u017ami i opowiada\u0142 im o wojennych do\u015bwiadczeniach.<\/p>\n\n\n\n<p class=\"wp-block-paragraph\">Pogrzeb Jerzego \u0141akomskiego odb\u0119dzie si\u0119 7 wrze\u015bnia na Cmentarzu P\u00f3\u0142nocnym w Warszawie.<\/p>\n\n\n\n<p class=\"wp-block-paragraph\">Jerzy \u0141akomski urodzi\u0142 si\u0119 31 marca 1932 roku.<\/p>\n\n\n\n<p class=\"wp-block-paragraph\">W czasie niemieckiej okupacji by\u0142 uczniem szko\u0142y powszechnej przy ulicy Grottgera w Warszawie.<\/p>\n\n\n\n<p class=\"wp-block-paragraph\">W tamtym okresie pos\u0142ugiwa\u0142 si\u0119 nazwiskiem Jerzy W\u0142adys\u0142aw Baraban.<\/p>\n\n\n\n<p class=\"wp-block-paragraph\">Kiedy wybuch\u0142o Powstanie Warszawskie, by\u0142 jeszcze dzieckiem.<\/p>\n\n\n\n<p class=\"wp-block-paragraph\">Mimo to zdecydowa\u0142 si\u0119 pomaga\u0107 tym, kt\u00f3rzy walczyli o miasto.<\/p>\n\n\n\n<p class=\"wp-block-paragraph\">Trafi\u0142 do s\u0142u\u017cby pomocniczej w pu\u0142ku \u201eBaszta\u201d Komendy G\u0142\u00f3wnej Armii Krajowej.<\/p>\n\n\n\n<p class=\"wp-block-paragraph\">Jego zadania by\u0142y dostosowane do wieku i mo\u017cliwo\u015bci.<\/p>\n\n\n\n<p class=\"wp-block-paragraph\">Przenosi\u0142 \u017cywno\u015b\u0107 dla powsta\u0144c\u00f3w.<\/p>\n\n\n\n<p class=\"wp-block-paragraph\">Dostarcza\u0142 tak\u017ce granaty \u201esidol\u00f3wki\u201d oraz butelki zapalaj\u0105ce na miejsca walk.<\/p>\n\n\n\n<p class=\"wp-block-paragraph\">Bra\u0142 udzia\u0142 mi\u0119dzy innymi w przygotowaniach do natarcia na niemiecki w\u00f3z opancerzony przy ulicy Belwederskiej.<\/p>\n\n\n\n<p class=\"wp-block-paragraph\">Udzia\u0142 w Powstaniu bardzo szybko pokaza\u0142 mu, jak niebezpieczna jest wojna.<\/p>\n\n\n\n<p class=\"wp-block-paragraph\">Podczas walk zosta\u0142 ranny w g\u0142ow\u0119 w ogrodach przy pa\u0142acyku Szustra.<\/p>\n\n\n\n<p class=\"wp-block-paragraph\">Po opatrzeniu rany nie pozosta\u0142 jednak d\u0142ugo poza s\u0142u\u017cb\u0105.<\/p>\n\n\n\n<p class=\"wp-block-paragraph\">Ju\u017c po dw\u00f3ch dniach wr\u00f3ci\u0142 do pomagania powsta\u0144com.<\/p>\n\n\n\n<p class=\"wp-block-paragraph\">Po latach Jerzy \u0141akomski wspomina\u0142, \u017ce do zaanga\u017cowania zach\u0119cili go rodzice.<\/p>\n\n\n\n<p class=\"wp-block-paragraph\">W rozmowie dla Archiwum Historii M\u00f3wionej Muzeum Powstania Warszawskiego opowiada\u0142, \u017ce pocz\u0105tkowo chodzi\u0142o o proste zadania.<\/p>\n\n\n\n<p class=\"wp-block-paragraph\">Mia\u0142 donosi\u0107 butelki z benzyn\u0105 oraz granaty.<\/p>\n\n\n\n<p class=\"wp-block-paragraph\">Z czasem ta pomoc sta\u0142a si\u0119 jego codziennym udzia\u0142em w powsta\u0144czej rzeczywisto\u015bci.<\/p>\n\n\n\n<p class=\"wp-block-paragraph\">Wspomina\u0142, \u017ce rodzice widzieli w nim sprytnego ch\u0142opaka, kt\u00f3ry mo\u017ce wykona\u0107 takie zadania.<\/p>\n\n\n\n<p class=\"wp-block-paragraph\">Sam m\u00f3wi\u0142 po latach, \u017ce by\u0142o to dla niego normalne.<\/p>\n\n\n\n<p class=\"wp-block-paragraph\">Dodawa\u0142, \u017ce nie czu\u0142 wtedy strachu, a raczej satysfakcj\u0119 z tego, \u017ce mo\u017ce pomaga\u0107.<\/p>\n\n\n\n<p class=\"wp-block-paragraph\">Po kapitulacji Powstania Warszawskiego Jerzy \u0141akomski zosta\u0142 wysiedlony wraz z rodzin\u0105.<\/p>\n\n\n\n<p class=\"wp-block-paragraph\">Trafi\u0142 do obozu przej\u015bciowego w Pruszkowie.<\/p>\n\n\n\n<p class=\"wp-block-paragraph\">Po oko\u0142o dziesi\u0119ciu dniach przewieziono go transportem do Krakowa.<\/p>\n\n\n\n<p class=\"wp-block-paragraph\">Nast\u0119pnie zosta\u0142 umieszczony u polskiego gospodarza we wsi Kaczkowice pod Krakowem.<\/p>\n\n\n\n<p class=\"wp-block-paragraph\">Do Warszawy wr\u00f3ci\u0142 w marcu 1945 roku.<\/p>\n\n\n\n<p class=\"wp-block-paragraph\">W ostatnich latach \u017cycia aktywnie uczestniczy\u0142 w piel\u0119gnowaniu pami\u0119ci o Powstaniu Warszawskim.<\/p>\n\n\n\n<p class=\"wp-block-paragraph\">By\u0142 obecny podczas uroczysto\u015bci rocznicowych.<\/p>\n\n\n\n<p class=\"wp-block-paragraph\">Ch\u0119tnie spotyka\u0142 si\u0119 z m\u0142odzie\u017c\u0105 i opowiada\u0142 o tym, czego do\u015bwiadczy\u0142 jako dziecko w czasie wojny.<\/p>\n\n\n\n<p class=\"wp-block-paragraph\">Dla wielu os\u00f3b by\u0142 \u017cywym \u015bwiadkiem historii i symbolem pokolenia, kt\u00f3re musia\u0142o dorasta\u0107 w najtrudniejszych mo\u017cliwych warunkach.<\/p>\n\n\n\n<p class=\"wp-block-paragraph\">Rafa\u0142 Trzaskowski po\u017cegna\u0142 go w mediach spo\u0142eczno\u015bciowych jako bohatera i niezwykle serdecznego cz\u0142owieka.<\/p>\n\n\n\n<p class=\"wp-block-paragraph\">Przypomnia\u0142, \u017ce Jerzy \u0141akomski poszed\u0142 do Powstania jako 12-letni ch\u0142opak i s\u0142u\u017cy\u0142 w pu\u0142ku \u201eBaszta\u201d na Mokotowie.<\/p>\n\n\n\n<p class=\"wp-block-paragraph\">Prezydent Warszawy podkre\u015bli\u0142, \u017ce w ostatnich latach cz\u0119sto spotyka\u0142 go w Domu Powsta\u0144c\u00f3w Warszawskich.<\/p>\n\n\n\n<p class=\"wp-block-paragraph\">Zaznaczy\u0142 r\u00f3wnie\u017c, \u017ce \u201eKajtek\u201d zawsze ch\u0119tnie dzieli\u0142 si\u0119 swoj\u0105 wiedz\u0105 z m\u0142odymi lud\u017ami.<\/p>\n\n\n\n<p class=\"wp-block-paragraph\">\u015amier\u0107 Jerzego \u0141akomskiego to kolejna strata dla \u015brodowiska powsta\u0144c\u00f3w warszawskich.<\/p>\n\n\n\n<p class=\"wp-block-paragraph\">Odszed\u0142 cz\u0142owiek, kt\u00f3ry jako dziecko wszed\u0142 w sam \u015brodek wojennej historii Warszawy.<\/p>\n\n\n\n<p class=\"wp-block-paragraph\">Jego wspomnienia, \u015bwiadectwo i obecno\u015b\u0107 przez lata pomaga\u0142y kolejnym pokoleniom lepiej zrozumie\u0107, czym by\u0142o Powstanie Warszawskie.<\/p>\n\n\n\n<p class=\"wp-block-paragraph\">Warszawa \u017cegna jednego ze swoich \u015bwiadk\u00f3w historii.<\/p>\n","protected":false},"excerpt":{"rendered":"Nie \u017cyje Jerzy \u0141akomski ps. \u201eKajtek\u201d. W Powstaniu Warszawskim mia\u0142 zaledwie 12 lat W wieku 94 lat zmar\u0142 Jerzy \u0141akomski ps. \u201eKajtek\u201d, uczestnik \n<a class=\"moretag\" href=\"https:\/\/time24.pl.ua\/?p=18386\"> [...]<\/a>","protected":false},"author":1,"featured_media":0,"comment_status":"open","ping_status":"open","sticky":false,"template":"","format":"standard","meta":{"footnotes":""},"categories":[1],"tags":[],"class_list":["post-18386","post","type-post","status-publish","format-standard","hentry","category-blog"],"_links":{"self":[{"href":"https:\/\/time24.pl.ua\/index.php?rest_route=\/wp\/v2\/posts\/18386","targetHints":{"allow":["GET"]}}],"collection":[{"href":"https:\/\/time24.pl.ua\/index.php?rest_route=\/wp\/v2\/posts"}],"about":[{"href":"https:\/\/time24.pl.ua\/index.php?rest_route=\/wp\/v2\/types\/post"}],"author":[{"embeddable":true,"href":"https:\/\/time24.pl.ua\/index.php?rest_route=\/wp\/v2\/users\/1"}],"replies":[{"embeddable":true,"href":"https:\/\/time24.pl.ua\/index.php?rest_route=%2Fwp%2Fv2%2Fcomments&post=18386"}],"version-history":[{"count":1,"href":"https:\/\/time24.pl.ua\/index.php?rest_route=\/wp\/v2\/posts\/18386\/revisions"}],"predecessor-version":[{"id":18387,"href":"https:\/\/time24.pl.ua\/index.php?rest_route=\/wp\/v2\/posts\/18386\/revisions\/18387"}],"wp:attachment":[{"href":"https:\/\/time24.pl.ua\/index.php?rest_route=%2Fwp%2Fv2%2Fmedia&parent=18386"}],"wp:term":[{"taxonomy":"category","embeddable":true,"href":"https:\/\/time24.pl.ua\/index.php?rest_route=%2Fwp%2Fv2%2Fcategories&post=18386"},{"taxonomy":"post_tag","embeddable":true,"href":"https:\/\/time24.pl.ua\/index.php?rest_route=%2Fwp%2Fv2%2Ftags&post=18386"}],"curies":[{"name":"wp","href":"https:\/\/api.w.org\/{rel}","templated":true}]}}