{"id":18383,"date":"2026-09-01T19:43:02","date_gmt":"2026-09-01T19:43:02","guid":{"rendered":"https:\/\/time24.pl.ua\/?p=18383"},"modified":"2026-09-01T19:43:02","modified_gmt":"2026-09-01T19:43:02","slug":"koszmarny-wypadek-przed-rozpoczeciem-roku-szkolnego-nastolatkowie-wjechali-pod-rozpedzony-pociag","status":"publish","type":"post","link":"https:\/\/time24.pl.ua\/?p=18383","title":{"rendered":"Koszmarny wypadek przed rozpocz\u0119ciem roku szkolnego. Nastolatkowie wjechali pod rozp\u0119dzony poci\u0105g"},"content":{"rendered":"\n<p class=\"wp-block-paragraph\"><strong>Tragiczny wypadek na przeje\u017adzie kolejowym. Nie \u017cyje 14-latek, 13-latka walczy o \u017cycie<\/strong><\/p>\n\n\n\n<p class=\"wp-block-paragraph\">W Jastrz\u0119biej \u0141\u0105ce pod Wo\u0142ominem dosz\u0142o do tragicznego wypadku na niestrze\u017conym przeje\u017adzie kolejowym.<\/p>\n\n\n\n<p class=\"wp-block-paragraph\">Dwoje nastolatk\u00f3w wjecha\u0142o skuterem pod poci\u0105g relacji Ostro\u0142\u0119ka-T\u0142uszcz.<\/p>\n\n\n\n<p class=\"wp-block-paragraph\">W wyniku zderzenia \u015bmier\u0107 na miejscu poni\u00f3s\u0142 14-letni ch\u0142opiec.<\/p>\n\n\n\n<p class=\"wp-block-paragraph\">13-letnia dziewczynka trafi\u0142a do szpitala w ci\u0119\u017ckim stanie.<\/p>\n\n\n\n<p class=\"wp-block-paragraph\">Do tragedii dosz\u0142o w niedziel\u0119 30 sierpnia, przed godzin\u0105 18:00, w miejscowo\u015bci Jastrz\u0119bia \u0141\u0105ka w powiecie wo\u0142omi\u0144skim na Mazowszu.<\/p>\n\n\n\n<p class=\"wp-block-paragraph\">Skuterem jechali Sebastian i Wiktoria.<\/p>\n\n\n\n<p class=\"wp-block-paragraph\">Wed\u0142ug wst\u0119pnych ustale\u0144 jedno\u015bladem kierowa\u0142 14-letni ch\u0142opiec, a 13-latka by\u0142a pasa\u017cerk\u0105.<\/p>\n\n\n\n<p class=\"wp-block-paragraph\">Nastolatkowie mieli wjecha\u0107 na niestrze\u017cony przejazd kolejowy wprost pod nadje\u017cd\u017caj\u0105cy poci\u0105g.<\/p>\n\n\n\n<p class=\"wp-block-paragraph\">Jak podaje Miejski Reporter, oboje mieli porusza\u0107 si\u0119 bez kask\u00f3w ochronnych.<\/p>\n\n\n\n<p class=\"wp-block-paragraph\">Na miejscu bardzo szybko pojawi\u0142y si\u0119 s\u0142u\u017cby ratunkowe.<\/p>\n\n\n\n<p class=\"wp-block-paragraph\">Niestety, mimo podj\u0119tych dzia\u0142a\u0144 \u017cycia 14-letniego Sebastiana nie uda\u0142o si\u0119 uratowa\u0107.<\/p>\n\n\n\n<p class=\"wp-block-paragraph\">Ch\u0142opiec zgin\u0105\u0142 na miejscu.<\/p>\n\n\n\n<p class=\"wp-block-paragraph\">13-letnia Wiktoria zosta\u0142a przewieziona do szpitala.<\/p>\n\n\n\n<p class=\"wp-block-paragraph\">Jej stan okre\u015blany jest jako ci\u0119\u017cki.<\/p>\n\n\n\n<p class=\"wp-block-paragraph\">O tragedii w rozmowie z \u201eFaktem\u201d opowiedzieli dziadkowie dzieci.<\/p>\n\n\n\n<p class=\"wp-block-paragraph\">Pani Ewa, babcia nastolatk\u00f3w, w chwili wypadku by\u0142a w domu.<\/p>\n\n\n\n<p class=\"wp-block-paragraph\">Sebastian i Wiktoria mieli niepostrze\u017cenie wsi\u0105\u015b\u0107 na skuter i oddali\u0107 si\u0119 z podw\u00f3rka.<\/p>\n\n\n\n<p class=\"wp-block-paragraph\">Kobieta dowiedzia\u0142a si\u0119 o zdarzeniu dopiero po telefonie od s\u0105siadki.<\/p>\n\n\n\n<p class=\"wp-block-paragraph\">Natychmiast pobieg\u0142a na miejsce.<\/p>\n\n\n\n<p class=\"wp-block-paragraph\">Dopiero tam okaza\u0142o si\u0119, \u017ce poszkodowani to jej wnuki.<\/p>\n\n\n\n<p class=\"wp-block-paragraph\">Dla rodziny by\u0142 to ogromny wstrz\u0105s.<\/p>\n\n\n\n<p class=\"wp-block-paragraph\">Pani Ewa m\u00f3wi\u0142a, \u017ce od lat bra\u0142a na siebie du\u017c\u0105 cz\u0119\u015b\u0107 opieki nad dzie\u0107mi, gdy ich mamy pracowa\u0142y.<\/p>\n\n\n\n<p class=\"wp-block-paragraph\">Wspomina\u0142a Sebastiana jako ch\u0142opca, kt\u00f3ry pomaga\u0142 dziadkowi i szybko si\u0119 uczy\u0142.<\/p>\n\n\n\n<p class=\"wp-block-paragraph\">O Wiktorii opowiada\u0142a, \u017ce du\u017co trenuje i zdobywa medale w r\u00f3\u017cnych dyscyplinach.<\/p>\n\n\n\n<p class=\"wp-block-paragraph\">Teraz dziewczynka walczy o \u017cycie.<\/p>\n\n\n\n<p class=\"wp-block-paragraph\">Wed\u0142ug relacji babci obra\u017cenia 13-latki s\u0105 bardzo powa\u017cne.<\/p>\n\n\n\n<p class=\"wp-block-paragraph\">Wiktoria ma mie\u0107 mi\u0119dzy innymi p\u0119kni\u0119t\u0105 miednic\u0119 i z\u0142aman\u0105 nog\u0119.<\/p>\n\n\n\n<p class=\"wp-block-paragraph\">Rodzina prze\u017cywa dramat po \u015bmierci Sebastiana i jednocze\u015bnie czeka na informacje ze szpitala o stanie dziewczynki.<\/p>\n\n\n\n<p class=\"wp-block-paragraph\">Pani Ewa przyzna\u0142a w rozmowie z \u201eFaktem\u201d, \u017ce bliscy s\u0105 w bardzo z\u0142ym stanie psychicznym.<\/p>\n\n\n\n<p class=\"wp-block-paragraph\">M\u00f3wi\u0142a, \u017ce ca\u0142y czas musz\u0105 przyjmowa\u0107 leki uspokajaj\u0105ce, bo inaczej nie byliby w stanie funkcjonowa\u0107.<\/p>\n\n\n\n<p class=\"wp-block-paragraph\">Babcia nastolatk\u00f3w wskazuje r\u00f3wnie\u017c na miejsce, w kt\u00f3rym dosz\u0142o do tragedii.<\/p>\n\n\n\n<p class=\"wp-block-paragraph\">Wed\u0142ug niej przejazd od dawna budzi\u0142 niepok\u00f3j.<\/p>\n\n\n\n<p class=\"wp-block-paragraph\">Jest niestrze\u017cony, ma ograniczon\u0105 widoczno\u015b\u0107 i nie ma tam ani rogatek, ani sygnalizacji \u015bwietlnej.<\/p>\n\n\n\n<p class=\"wp-block-paragraph\">Kobieta uwa\u017ca, \u017ce gdyby przejazd by\u0142 strze\u017cony, do tragedii mog\u0142oby nie doj\u015b\u0107.<\/p>\n\n\n\n<p class=\"wp-block-paragraph\">Na razie dok\u0142adne okoliczno\u015bci wypadku b\u0119d\u0105 wyja\u015bniane przez s\u0142u\u017cby.<\/p>\n\n\n\n<p class=\"wp-block-paragraph\">\u015aledczy musz\u0105 ustali\u0107, jak dosz\u0142o do wjazdu skutera na przejazd oraz czy nastolatkowie mieli mo\u017cliwo\u015b\u0107 zauwa\u017cenia nadje\u017cd\u017caj\u0105cego poci\u0105gu.<\/p>\n\n\n\n<p class=\"wp-block-paragraph\">Sprawdzane b\u0119d\u0105 tak\u017ce warunki widoczno\u015bci i oznakowanie przejazdu.<\/p>\n\n\n\n<p class=\"wp-block-paragraph\">Tragiczny wypadek wstrz\u0105sn\u0105\u0142 rodzin\u0105 i mieszka\u0144cami okolicy.<\/p>\n\n\n\n<p class=\"wp-block-paragraph\">Nie \u017cyje 14-letni Sebastian, a 13-letnia Wiktoria pozostaje pod opiek\u0105 lekarzy.<\/p>\n\n\n\n<p class=\"wp-block-paragraph\">Dla bliskich dzieci najbli\u017csze dni b\u0119d\u0105 czasem \u017ca\u0142oby, niepewno\u015bci i oczekiwania na ustalenia \u015bledczych.<\/p>\n","protected":false},"excerpt":{"rendered":"Tragiczny wypadek na przeje\u017adzie kolejowym. Nie \u017cyje 14-latek, 13-latka walczy o \u017cycie W Jastrz\u0119biej \u0141\u0105ce pod Wo\u0142ominem dosz\u0142o do tragicznego wypadku na niestrze\u017conym \n<a class=\"moretag\" href=\"https:\/\/time24.pl.ua\/?p=18383\"> [...]<\/a>","protected":false},"author":1,"featured_media":18384,"comment_status":"open","ping_status":"open","sticky":false,"template":"","format":"standard","meta":{"footnotes":""},"categories":[1],"tags":[],"class_list":["post-18383","post","type-post","status-publish","format-standard","has-post-thumbnail","hentry","category-blog"],"_links":{"self":[{"href":"https:\/\/time24.pl.ua\/index.php?rest_route=\/wp\/v2\/posts\/18383","targetHints":{"allow":["GET"]}}],"collection":[{"href":"https:\/\/time24.pl.ua\/index.php?rest_route=\/wp\/v2\/posts"}],"about":[{"href":"https:\/\/time24.pl.ua\/index.php?rest_route=\/wp\/v2\/types\/post"}],"author":[{"embeddable":true,"href":"https:\/\/time24.pl.ua\/index.php?rest_route=\/wp\/v2\/users\/1"}],"replies":[{"embeddable":true,"href":"https:\/\/time24.pl.ua\/index.php?rest_route=%2Fwp%2Fv2%2Fcomments&post=18383"}],"version-history":[{"count":1,"href":"https:\/\/time24.pl.ua\/index.php?rest_route=\/wp\/v2\/posts\/18383\/revisions"}],"predecessor-version":[{"id":18385,"href":"https:\/\/time24.pl.ua\/index.php?rest_route=\/wp\/v2\/posts\/18383\/revisions\/18385"}],"wp:featuredmedia":[{"embeddable":true,"href":"https:\/\/time24.pl.ua\/index.php?rest_route=\/wp\/v2\/media\/18384"}],"wp:attachment":[{"href":"https:\/\/time24.pl.ua\/index.php?rest_route=%2Fwp%2Fv2%2Fmedia&parent=18383"}],"wp:term":[{"taxonomy":"category","embeddable":true,"href":"https:\/\/time24.pl.ua\/index.php?rest_route=%2Fwp%2Fv2%2Fcategories&post=18383"},{"taxonomy":"post_tag","embeddable":true,"href":"https:\/\/time24.pl.ua\/index.php?rest_route=%2Fwp%2Fv2%2Ftags&post=18383"}],"curies":[{"name":"wp","href":"https:\/\/api.w.org\/{rel}","templated":true}]}}