{"id":18356,"date":"2026-08-31T18:47:51","date_gmt":"2026-08-31T18:47:51","guid":{"rendered":"https:\/\/time24.pl.ua\/?p=18356"},"modified":"2026-08-31T18:47:51","modified_gmt":"2026-08-31T18:47:51","slug":"krzysztof-wyszkowski-otrzymal-order-orla-bialego-odznaczenie-wreczyl-prezydent","status":"publish","type":"post","link":"https:\/\/time24.pl.ua\/?p=18356","title":{"rendered":"Krzysztof Wyszkowski otrzyma\u0142 Order Or\u0142a Bia\u0142ego. Odznaczenie wr\u0119czy\u0142 prezydent"},"content":{"rendered":"\n<p class=\"wp-block-paragraph\">Krzysztof Wyszkowski zosta\u0142 odznaczony Orderem Or\u0142a Bia\u0142ego. Najwy\u017csze polskie odznaczenie pa\u0144stwowe wr\u0119czy\u0142 mu w poniedzia\u0142ek 31 sierpnia prezydent Karol Nawrocki. Uroczysto\u015b\u0107 odby\u0142a si\u0119 w 46. rocznic\u0119 podpisania Porozumie\u0144 Sierpniowych i powstania NSZZ &#8220;Solidarno\u015b\u0107\u201d.<\/p>\n\n\n\n<p class=\"wp-block-paragraph\">Order Or\u0142a Bia\u0142ego przyznano Wyszkowskiemu \u201cw uznaniu znamienitych zas\u0142ug dla Rzeczypospolitej Polskiej, w szczeg\u00f3lno\u015bci dla przemian demokratycznych i wolnej Polski\u201d oraz za \u201dosi\u0105gni\u0119cia w dzia\u0142alno\u015bci pa\u0144stwowej i publicznej\u201d.<\/p>\n\n\n\n<p class=\"wp-block-paragraph\">Karol Nawrocki o Krzysztofie Wyszkowskim. &#8220;Wojownik z ca\u0142\u0105 pewno\u015bci\u0105 wierny swoim idea\u0142om\u201d<br>Prezydent Karol Nawrocki podczas uroczysto\u015bci m\u00f3wi\u0142 o dzia\u0142alno\u015bci Wyszkowskiego w czasach PRL. Zwr\u00f3ci\u0142 uwag\u0119 na represje, z jakimi mia\u0142 si\u0119 mierzy\u0107 dzia\u0142acz opozycji antykomunistycznej, oraz na jego postaw\u0119 wobec S\u0142u\u017cby Bezpiecze\u0144stwa. Jak podkre\u015bli\u0142, Wyszkowski mimo inwigilacji, gr\u00f3\u017ab, aresztowania i internowania przez lata pozostawa\u0142 wierny swojej dzia\u0142alno\u015bci.<\/p>\n\n\n\n<p class=\"wp-block-paragraph\">Mimo \u017ce by\u0142 inwigilowany, straszony, aresztowany, internowany przez 14-15 lat swojej s\u0142u\u017cby wolno\u015bci i &#8220;Solidarno\u015bci\u201d \u2014 s\u0142u\u017cy\u0142 tylko jednemu panu i nie wsp\u00f3\u0142pracowa\u0142 ze S\u0142u\u017cb\u0105 Bezpiecze\u0144stwa. Za t\u0119 niez\u0142omno\u015b\u0107, Krzysztof, z g\u0142\u0119bi serca Ci dzi\u0119kuj\u0119 \u2014 powiedzia\u0142 Nawrocki.<\/p>\n\n\n\n<p class=\"wp-block-paragraph\">G\u0142owa pa\u0144stwa okre\u015bli\u0142a r\u00f3wnie\u017c Wyszkowskiego mianem &#8220;wojownika\u201d, kt\u00f3ry pos\u0142uguje si\u0119 ostrym i zdecydowanym j\u0119zykiem.&nbsp;<\/p>\n\n\n\n<p class=\"wp-block-paragraph\">To wojownik z ca\u0142\u0105 pewno\u015bci\u0105 wierny swoim idea\u0142om, tym, kt\u00f3re niesie od lat siedemdziesi\u0105tych \u2014 powiedzia\u0142 prezydent.&nbsp;<\/p>\n\n\n\n<p class=\"wp-block-paragraph\">Nawrocki podkre\u015bli\u0142 r\u00f3wnie\u017c dzia\u0142alno\u015b\u0107 Wyszkowskiego po 1989 r.&nbsp;<\/p>\n\n\n\n<p class=\"wp-block-paragraph\">Zas\u0142u\u017cony dla Polski, tak\u017ce po 1989 r. jako doradca wspania\u0142ego premiera Jana Olszewskiego \u2014 m\u00f3wi\u0142 prezydent.&nbsp;<\/p>\n\n\n\n<p class=\"wp-block-paragraph\">Kancelaria prezydenta opublikowa\u0142a w mediach spo\u0142eczno\u015bciowych oficjalny komunikat z wydarzenia:<\/p>\n\n\n\n<p class=\"wp-block-paragraph\">W 46. rocznic\u0119 podpisania Porozumie\u0144 Sierpniowych oraz powstania NSZZ \u201eSolidarno\u015b\u0107\u201d, Prezydent RP Karol Nawrocki nada\u0142 Order Or\u0142a Bia\u0142ego \u2013 najwy\u017csze polskie odznaczenie pa\u0144stwowe \u2013 Krzysztofowi Wyszkowskiemu. To uhonorowanie legendy podziemia antykomunistycznego, dzia\u0142acza i cz\u0142owieka, kt\u00f3ry na sta\u0142e wpisa\u0142 si\u0119 w histori\u0119 walki o woln\u0105 Polsk\u0119.<br><\/p>\n\n\n\n<blockquote class=\"twitter-tweet\" data-media-max-width=\"560\"><p lang=\"pl\" dir=\"ltr\">W 46. rocznic\u0119 podpisania Porozumie\u0144 Sierpniowych oraz powstania NSZZ \u201eSolidarno\u015b\u0107\u201d, Prezydent RP Karol Nawrocki nada\u0142 Order Or\u0142a Bia\u0142ego \u2013 najwy\u017csze polskie odznaczenie pa\u0144stwowe \u2013 Krzysztofowi Wyszkowskiemu.<br><br>To uhonorowanie legendy podziemia antykomunistycznego, dzia\u0142acza i\u2026 <a href=\"https:\/\/t.co\/JNckT1EK28\">pic.twitter.com\/JNckT1EK28<\/a><\/p>&mdash; Kancelaria Prezydenta RP (@prezydentpl) <a href=\"https:\/\/x.com\/prezydentpl\/status\/2094405296084992485?ref_src=twsrc%5Etfw\">August 31, 2026<\/a><\/blockquote> <script async src=\"https:\/\/platform.x.com\/widgets.js\" charset=\"utf-8\"><\/script>\n\n\n\n<p class=\"wp-block-paragraph\">Dzia\u0142alno\u015b\u0107 Krzysztofa Wyszkowskiego w opozycji antykomunistycznej<br>Podczas uroczysto\u015bci sylwetk\u0119 odznaczonego przedstawi\u0142 dyrektor Biura Odznacze\u0144 i Nominacji w Kancelarii Prezydenta Piotr Ole\u0144czak. Jak przekaza\u0142, Wyszkowski by\u0142 antykomunistycznym dzia\u0142aczem niepodleg\u0142o\u015bciowym w czasach PRL. S\u0142u\u017cba Bezpiecze\u0144stwa rozpracowywa\u0142a go od 1975 r.<\/p>\n\n\n\n<p class=\"wp-block-paragraph\">Wyszkowski by\u0142 wsp\u00f3\u0142pracownikiem Komitetu Samoobrony Spo\u0142ecznej KOR, a tak\u017ce wsp\u00f3\u0142za\u0142o\u017cycielem Wolnych Zwi\u0105zk\u00f3w Zawodowych Wybrze\u017ca. Uczestniczy\u0142 r\u00f3wnie\u017c w strajku w Stoczni Gda\u0144skiej. P\u00f3\u017aniej anga\u017cowa\u0142 si\u0119 w dzia\u0142alno\u015b\u0107 publiczn\u0105 i pa\u0144stwow\u0105. By\u0142 doradc\u0105 premier\u00f3w Jana Krzysztofa Bieleckiego oraz Jana Olszewskiego.<\/p>\n\n\n\n<p class=\"wp-block-paragraph\">Od 2016 r. Wyszkowski jest cz\u0142onkiem Kolegium Instytutu Pami\u0119ci Narodowej. W 2025 r. wszed\u0142 natomiast w sk\u0142ad komitetu wspieraj\u0105cego kandydatur\u0119 Karola Nawrockiego na prezydenta.<\/p>\n\n\n\n<p class=\"wp-block-paragraph\">Kancelaria Prezydenta, informuj\u0105c o przyznaniu Orderu Or\u0142a Bia\u0142ego, okre\u015bli\u0142a Wyszkowskiego jako &#8220;legend\u0119 podziemia antykomunistycznego, dzia\u0142acza i cz\u0142owieka, kt\u00f3ry na sta\u0142e wpisa\u0142 si\u0119 w histori\u0119 walki o woln\u0105 Polsk\u0119\u201d. Odznaczenie zosta\u0142o wr\u0119czone podczas uroczysto\u015bci zwi\u0105zanych z rocznic\u0105 wydarze\u0144 z 1980 r.<br><\/p>\n\n\n\n<p class=\"wp-block-paragraph\">Krzysztof Wyszkowski oskar\u017ca\u0142 Lecha Wa\u0142\u0119s\u0119 o wsp\u00f3\u0142prac\u0119 z SB<br>Nazwisko Krzysztofa Wyszkowskiego przez lata pojawia\u0142o si\u0119 r\u00f3wnie\u017c w zwi\u0105zku ze sporami s\u0105dowymi z Lechem Wa\u0142\u0119s\u0105. Wyszkowski oskar\u017ca\u0142 by\u0142ego prezydenta o wsp\u00f3\u0142prac\u0119 ze S\u0142u\u017cb\u0105 Bezpiecze\u0144stwa. W tej sprawie toczy\u0142y si\u0119 post\u0119powania przed s\u0105dem.<\/p>\n\n\n\n<p class=\"wp-block-paragraph\">Wyszkowski by\u0142 tak\u017ce autorem kontrowersyjnego wpisu dotycz\u0105cego Wandy Traczyk-Stawskiej i Anny Przedpe\u0142skiej. Obie weteranki Powstania Warszawskiego wzi\u0119\u0142y udzia\u0142 w proeuropejskiej manifestacji. Wyszkowski zarzuci\u0142 im w\u00f3wczas, \u017ce &#8220;staj\u0105 po stronie Dirlevangera\u201d, odnosz\u0105c si\u0119 do niemieckiego zbrodniarza wojennego. Wpis wywo\u0142a\u0142 reakcj\u0119 przedstawicieli IPN, kt\u00f3rzy pot\u0119pili t\u0119 wypowied\u017a. Ostatecznie zosta\u0142 on usuni\u0119ty.<\/p>\n\n\n\n<p class=\"wp-block-paragraph\">Odznaczenie Wyszkowskiego przypad\u0142o w 46. rocznic\u0119 podpisania Porozumie\u0144 Sierpniowych. 31 sierpnia 1980 r. w Gda\u0144sku zawarto porozumienie mi\u0119dzy komisj\u0105 rz\u0105dow\u0105 a komitetem strajkowym.<br><\/p>\n","protected":false},"excerpt":{"rendered":"Krzysztof Wyszkowski zosta\u0142 odznaczony Orderem Or\u0142a Bia\u0142ego. Najwy\u017csze polskie odznaczenie pa\u0144stwowe wr\u0119czy\u0142 mu w poniedzia\u0142ek 31 sierpnia prezydent Karol Nawrocki. Uroczysto\u015b\u0107 odby\u0142a si\u0119 \n<a class=\"moretag\" href=\"https:\/\/time24.pl.ua\/?p=18356\"> [...]<\/a>","protected":false},"author":1,"featured_media":18357,"comment_status":"open","ping_status":"open","sticky":false,"template":"","format":"standard","meta":{"footnotes":""},"categories":[1],"tags":[],"class_list":["post-18356","post","type-post","status-publish","format-standard","has-post-thumbnail","hentry","category-blog"],"_links":{"self":[{"href":"https:\/\/time24.pl.ua\/index.php?rest_route=\/wp\/v2\/posts\/18356","targetHints":{"allow":["GET"]}}],"collection":[{"href":"https:\/\/time24.pl.ua\/index.php?rest_route=\/wp\/v2\/posts"}],"about":[{"href":"https:\/\/time24.pl.ua\/index.php?rest_route=\/wp\/v2\/types\/post"}],"author":[{"embeddable":true,"href":"https:\/\/time24.pl.ua\/index.php?rest_route=\/wp\/v2\/users\/1"}],"replies":[{"embeddable":true,"href":"https:\/\/time24.pl.ua\/index.php?rest_route=%2Fwp%2Fv2%2Fcomments&post=18356"}],"version-history":[{"count":1,"href":"https:\/\/time24.pl.ua\/index.php?rest_route=\/wp\/v2\/posts\/18356\/revisions"}],"predecessor-version":[{"id":18358,"href":"https:\/\/time24.pl.ua\/index.php?rest_route=\/wp\/v2\/posts\/18356\/revisions\/18358"}],"wp:featuredmedia":[{"embeddable":true,"href":"https:\/\/time24.pl.ua\/index.php?rest_route=\/wp\/v2\/media\/18357"}],"wp:attachment":[{"href":"https:\/\/time24.pl.ua\/index.php?rest_route=%2Fwp%2Fv2%2Fmedia&parent=18356"}],"wp:term":[{"taxonomy":"category","embeddable":true,"href":"https:\/\/time24.pl.ua\/index.php?rest_route=%2Fwp%2Fv2%2Fcategories&post=18356"},{"taxonomy":"post_tag","embeddable":true,"href":"https:\/\/time24.pl.ua\/index.php?rest_route=%2Fwp%2Fv2%2Ftags&post=18356"}],"curies":[{"name":"wp","href":"https:\/\/api.w.org\/{rel}","templated":true}]}}