{"id":18344,"date":"2026-08-31T13:04:04","date_gmt":"2026-08-31T13:04:04","guid":{"rendered":"https:\/\/time24.pl.ua\/?p=18344"},"modified":"2026-08-31T13:04:04","modified_gmt":"2026-08-31T13:04:04","slug":"nowe-doniesienia-ws-radoslawa-p-wydano-komunikat","status":"publish","type":"post","link":"https:\/\/time24.pl.ua\/?p=18344","title":{"rendered":"Nowe doniesienia ws. Rados\u0142awa P. Wydano komunikat"},"content":{"rendered":"\n<p class=\"wp-block-paragraph\"><strong>Areszt dla prezesa PKOl w sprawie Zondacrypto. Obrona m\u00f3wi o proceduralnym impasie<\/strong><\/p>\n\n\n\n<p class=\"wp-block-paragraph\">S\u0105d Rejonowy Katowice-Wsch\u00f3d zdecydowa\u0142 o trzymiesi\u0119cznym areszcie dla Rados\u0142awa P. w \u015bledztwie dotycz\u0105cym Zondacrypto.<\/p>\n\n\n\n<p class=\"wp-block-paragraph\">Prezes Polskiego Komitetu Olimpijskiego us\u0142ysza\u0142 zarzuty gospodarcze i korupcyjne, ale nie przyznaje si\u0119 do winy.<\/p>\n\n\n\n<p class=\"wp-block-paragraph\">Jego obro\u0144cy chc\u0105 zaskar\u017cy\u0107 decyzj\u0119 s\u0105du, jednak na razie nie mog\u0105 tego formalnie zrobi\u0107.<\/p>\n\n\n\n<p class=\"wp-block-paragraph\">Powodem jest proceduralna decyzja dotycz\u0105ca sporz\u0105dzenia pisemnego uzasadnienia postanowienia o areszcie.<\/p>\n\n\n\n<p class=\"wp-block-paragraph\">O sytuacji poinformowa\u0142 Polsk\u0105 Agencj\u0119 Prasow\u0105 mec. J\u0119drzej Kupczy\u0144ski, obro\u0144ca podejrzanego.<\/p>\n\n\n\n<p class=\"wp-block-paragraph\">Decyzja o zastosowaniu tymczasowego aresztowania zapad\u0142a w sobot\u0119 nad ranem.<\/p>\n\n\n\n<p class=\"wp-block-paragraph\">S\u0105d przychyli\u0142 si\u0119 do wniosku Prokuratury Krajowej.<\/p>\n\n\n\n<p class=\"wp-block-paragraph\">Uzna\u0142, \u017ce na obecnym etapie \u015bledztwa Rados\u0142aw P. powinien zosta\u0107 odizolowany.<\/p>\n\n\n\n<p class=\"wp-block-paragraph\">Obrona nie zgadza si\u0119 z tym rozstrzygni\u0119ciem i zapowiada z\u0142o\u017cenie za\u017calenia do s\u0105du wy\u017cszej instancji.<\/p>\n\n\n\n<p class=\"wp-block-paragraph\">Problem polega jednak na tym, \u017ce prawnicy musz\u0105 najpierw otrzyma\u0107 pisemne uzasadnienie decyzji.<\/p>\n\n\n\n<p class=\"wp-block-paragraph\">S\u0105d Rejonowy Katowice-Wsch\u00f3d odroczy\u0142 sporz\u0105dzenie uzasadnienia postanowienia o siedem dni.<\/p>\n\n\n\n<p class=\"wp-block-paragraph\">Mec. J\u0119drzej Kupczy\u0144ski przekaza\u0142 PAP, \u017ce od strony technicznej obrona jest obecnie \u201enieco zablokowana\u201d.<\/p>\n\n\n\n<p class=\"wp-block-paragraph\">Dopiero po dor\u0119czeniu stronom odpisu postanowienia wraz z uzasadnieniem zacznie biec termin na wniesienie za\u017calenia.<\/p>\n\n\n\n<p class=\"wp-block-paragraph\">Oznacza to, \u017ce adwokaci nie mog\u0105 jeszcze uruchomi\u0107 formalnej \u015bcie\u017cki odwo\u0142awczej.<\/p>\n\n\n\n<p class=\"wp-block-paragraph\">Po otrzymaniu dokument\u00f3w b\u0119d\u0105 mieli siedem dni na z\u0142o\u017cenie za\u017calenia do S\u0105du Okr\u0119gowego w Katowicach.<\/p>\n\n\n\n<p class=\"wp-block-paragraph\">Rados\u0142aw P. zosta\u0142 zatrzymany w czwartek w Warszawie.<\/p>\n\n\n\n<p class=\"wp-block-paragraph\">Nast\u0119pnie przewieziono go do \u015bl\u0105skiego wydzia\u0142u Prokuratury Krajowej w Katowicach.<\/p>\n\n\n\n<p class=\"wp-block-paragraph\">Jeszcze tego samego dnia us\u0142ysza\u0142 zarzuty zwi\u0105zane ze spraw\u0105 Zondacrypto.<\/p>\n\n\n\n<p class=\"wp-block-paragraph\">Wed\u0142ug przekazanych informacji chodzi o p\u0142atn\u0105 protekcj\u0119 oraz zaspokojenie cz\u0119\u015bci wierzycieli Zondacrypto z pokrzywdzeniem pozosta\u0142ych.<\/p>\n\n\n\n<p class=\"wp-block-paragraph\">Ten drugi zarzut dotyczy sytuacji gro\u017c\u0105cej niewyp\u0142acalno\u015bci.<\/p>\n\n\n\n<p class=\"wp-block-paragraph\">Przes\u0142uchanie podejrzanego kontynuowano w pi\u0105tek.<\/p>\n\n\n\n<p class=\"wp-block-paragraph\">Po zako\u0144czeniu czynno\u015bci prokuratura skierowa\u0142a do s\u0105du wniosek o trzymiesi\u0119czny areszt.<\/p>\n\n\n\n<p class=\"wp-block-paragraph\">Rados\u0142aw P. konsekwentnie nie przyznaje si\u0119 do zarzucanych mu czyn\u00f3w.<\/p>\n\n\n\n<p class=\"wp-block-paragraph\">W sobot\u0119 nad ranem s\u0105d w ca\u0142o\u015bci uwzgl\u0119dni\u0142 wniosek prokuratora.<\/p>\n\n\n\n<p class=\"wp-block-paragraph\">Tym samym prezes PKOl trafi\u0142 do aresztu \u015bledczego.<\/p>\n\n\n\n<p class=\"wp-block-paragraph\">Jego obro\u0144cy zapowiadaj\u0105, \u017ce b\u0119d\u0105 dzia\u0142a\u0107 w najlepszym interesie klienta.<\/p>\n\n\n\n<p class=\"wp-block-paragraph\">Mec. J\u0119drzej Kupczy\u0144ski zaznaczy\u0142, \u017ce nie mo\u017ce ujawnia\u0107 szczeg\u00f3\u0142\u00f3w strategii obrony.<\/p>\n\n\n\n<p class=\"wp-block-paragraph\">Podkre\u015bli\u0142 jednak, \u017ce adwokaci zamierzaj\u0105 korzysta\u0107 ze wszystkich \u015brodk\u00f3w odwo\u0142awczych, kt\u00f3re mog\u0105 s\u0142u\u017cy\u0107 zakwestionowaniu decyzji o areszcie.<\/p>\n\n\n\n<p class=\"wp-block-paragraph\">Na razie musz\u0105 czeka\u0107 na pisemne uzasadnienie postanowienia s\u0105du.<\/p>\n\n\n\n<p class=\"wp-block-paragraph\">Dopiero wtedy b\u0119d\u0105 mogli formalnie z\u0142o\u017cy\u0107 za\u017calenie.<\/p>\n\n\n\n<p class=\"wp-block-paragraph\">Do czasu rozpoznania sprawy przez s\u0105d drugiej instancji Rados\u0142aw P. pozostanie w areszcie.<\/p>\n\n\n\n<p class=\"wp-block-paragraph\">Sprawa Zondacrypto ma coraz wi\u0119kszy ci\u0119\u017car prawny i polityczny.<\/p>\n\n\n\n<p class=\"wp-block-paragraph\">Zatrzymanie prezesa Polskiego Komitetu Olimpijskiego oraz decyzja o trzymiesi\u0119cznym areszcie s\u0105 jednym z najwa\u017cniejszych element\u00f3w prowadzonego \u015bledztwa.<\/p>\n\n\n\n<p class=\"wp-block-paragraph\">Na obecnym etapie o dalszym przebiegu sprawy zdecyduj\u0105 kolejne czynno\u015bci prokuratury oraz rozstrzygni\u0119cie s\u0105du odwo\u0142awczego, je\u015bli obrona z\u0142o\u017cy zapowiadane za\u017calenie.<\/p>\n","protected":false},"excerpt":{"rendered":"Areszt dla prezesa PKOl w sprawie Zondacrypto. Obrona m\u00f3wi o proceduralnym impasie S\u0105d Rejonowy Katowice-Wsch\u00f3d zdecydowa\u0142 o trzymiesi\u0119cznym areszcie dla Rados\u0142awa P. w \n<a class=\"moretag\" href=\"https:\/\/time24.pl.ua\/?p=18344\"> [...]<\/a>","protected":false},"author":1,"featured_media":18345,"comment_status":"open","ping_status":"open","sticky":false,"template":"","format":"standard","meta":{"footnotes":""},"categories":[1],"tags":[],"class_list":["post-18344","post","type-post","status-publish","format-standard","has-post-thumbnail","hentry","category-blog"],"_links":{"self":[{"href":"https:\/\/time24.pl.ua\/index.php?rest_route=\/wp\/v2\/posts\/18344","targetHints":{"allow":["GET"]}}],"collection":[{"href":"https:\/\/time24.pl.ua\/index.php?rest_route=\/wp\/v2\/posts"}],"about":[{"href":"https:\/\/time24.pl.ua\/index.php?rest_route=\/wp\/v2\/types\/post"}],"author":[{"embeddable":true,"href":"https:\/\/time24.pl.ua\/index.php?rest_route=\/wp\/v2\/users\/1"}],"replies":[{"embeddable":true,"href":"https:\/\/time24.pl.ua\/index.php?rest_route=%2Fwp%2Fv2%2Fcomments&post=18344"}],"version-history":[{"count":1,"href":"https:\/\/time24.pl.ua\/index.php?rest_route=\/wp\/v2\/posts\/18344\/revisions"}],"predecessor-version":[{"id":18346,"href":"https:\/\/time24.pl.ua\/index.php?rest_route=\/wp\/v2\/posts\/18344\/revisions\/18346"}],"wp:featuredmedia":[{"embeddable":true,"href":"https:\/\/time24.pl.ua\/index.php?rest_route=\/wp\/v2\/media\/18345"}],"wp:attachment":[{"href":"https:\/\/time24.pl.ua\/index.php?rest_route=%2Fwp%2Fv2%2Fmedia&parent=18344"}],"wp:term":[{"taxonomy":"category","embeddable":true,"href":"https:\/\/time24.pl.ua\/index.php?rest_route=%2Fwp%2Fv2%2Fcategories&post=18344"},{"taxonomy":"post_tag","embeddable":true,"href":"https:\/\/time24.pl.ua\/index.php?rest_route=%2Fwp%2Fv2%2Ftags&post=18344"}],"curies":[{"name":"wp","href":"https:\/\/api.w.org\/{rel}","templated":true}]}}