{"id":11534,"date":"2026-04-28T10:57:41","date_gmt":"2026-04-28T10:57:41","guid":{"rendered":"https:\/\/time24.pl.ua\/?p=11534"},"modified":"2026-04-28T10:57:41","modified_gmt":"2026-04-28T10:57:41","slug":"rok-po-smierci-papieza-franciszka-wierni-wracaja-do-jego-ostatnich-gestow-i-slow","status":"publish","type":"post","link":"https:\/\/time24.pl.ua\/?p=11534","title":{"rendered":"Rok po \u015bmierci papie\u017ca Franciszka. Wierni wracaj\u0105 do jego ostatnich gest\u00f3w i s\u0142\u00f3w"},"content":{"rendered":"\n<p><strong>Ta sprawa natychmiast przyci\u0105ga uwag\u0119, bo za spokojnym nag\u0142\u00f3wkiem kryje si\u0119 konflikt z wyra\u017anymi konsekwencjami. Rok po \u015bmierci papie\u017ca franciszka przypomniano jego apel o pok\u00f3j i w\u0142a\u015bnie ten element najmocniej ustawia ca\u0142y temat. Czytelnik dostaje histori\u0119, w kt\u00f3rej jedno zdanie uruchamia lawin\u0119 pyta\u0144.<\/strong><\/p>\n\n\n\n<p><strong>Dalej robi si\u0119 jeszcze ciekawiej, bo kolejne fakty pokazuj\u0105 skal\u0119 napi\u0119cia i mo\u017cliwe skutki. Warto doczyta\u0107 do ko\u0144ca, \u017ceby zobaczy\u0107, gdzie w tej sprawie ko\u0144czy si\u0119 polityczna gra, a zaczyna realna stawka.<\/strong><\/p>\n\n\n\n<h2 class=\"wp-block-heading\">Pierwszy sygna\u0142 by\u0142 mocniejszy, ni\u017c wielu mog\u0142o si\u0119 spodziewa\u0107<\/h2>\n\n\n\n<p>Rok po \u015bmierci papie\u017ca franciszka przypomniano jego apel o pok\u00f3j sta\u0142o si\u0119 punktem wyj\u015bcia do historii, kt\u00f3ra nie wygl\u0105da ju\u017c na zwyk\u0142\u0105 informacj\u0119 dnia. W takich sprawach liczy si\u0119 nie tylko sam fakt, ale te\u017c moment, w kt\u00f3rym trafia on do opinii publicznej. Dlatego temat od razu zacz\u0105\u0142 pracowa\u0107 na emocjach i politycznych albo spo\u0142ecznych skojarzeniach.<\/p>\n\n\n\n<p>Pobyt w szpitalu gemelli dok\u0142ada do tego drugi poziom napi\u0119cia. Odbiorcy widz\u0105, \u017ce sprawa nie ko\u0144czy si\u0119 na jednym zdaniu ani na jednym nazwisku. Ka\u017cdy kolejny szczeg\u00f3\u0142 mo\u017ce zmieni\u0107 spos\u00f3b, w jaki ca\u0142o\u015b\u0107 zostanie odebrana.<\/p>\n\n\n\n<p>Ostatnie b\u0142ogos\u0142awie\u0144stwa sprawia, \u017ce temat wychodzi poza prost\u0105 ciekawostk\u0119. Tu pojawia si\u0119 stawka, kt\u00f3ra mo\u017ce dotkn\u0105\u0107 wizerunku, pieni\u0119dzy, bezpiecze\u0144stwa albo zaufania publicznego. W\u0142a\u015bnie dlatego ta historia ma potencja\u0142, by wraca\u0107 w kolejnych komentarzach.<\/p>\n\n\n\n<p>Pogrzeb i duchowe dziedzictwo zamyka t\u0119 cz\u0119\u015b\u0107 sprawy, ale nie zamyka wszystkich pyta\u0144. Im wi\u0119cej emocji wok\u00f3\u0142 tematu, tym wi\u0119ksza potrzeba ostro\u017cnego oddzielania fakt\u00f3w od ocen. To napi\u0119cie prowadzi prosto do kolejnego w\u0105tku.<\/p>\n\n\n\n<h2 class=\"wp-block-heading\">Za kulisami wida\u0107 napi\u0119cie, kt\u00f3re szybko mo\u017ce wr\u00f3ci\u0107<\/h2>\n\n\n\n<p>Pobyt w szpitalu gemelli sta\u0142o si\u0119 punktem wyj\u015bcia do historii, kt\u00f3ra nie wygl\u0105da ju\u017c na zwyk\u0142\u0105 informacj\u0119 dnia. W takich sprawach liczy si\u0119 nie tylko sam fakt, ale te\u017c moment, w kt\u00f3rym trafia on do opinii publicznej. Dlatego temat od razu zacz\u0105\u0142 pracowa\u0107 na emocjach i politycznych albo spo\u0142ecznych skojarzeniach.<\/p>\n\n\n\n<p>Ostatnie b\u0142ogos\u0142awie\u0144stwa dok\u0142ada do tego drugi poziom napi\u0119cia. Odbiorcy widz\u0105, \u017ce sprawa nie ko\u0144czy si\u0119 na jednym zdaniu ani na jednym nazwisku. Ka\u017cdy kolejny szczeg\u00f3\u0142 mo\u017ce zmieni\u0107 spos\u00f3b, w jaki ca\u0142o\u015b\u0107 zostanie odebrana.<\/p>\n\n\n\n<p>Pogrzeb i duchowe dziedzictwo sprawia, \u017ce temat wychodzi poza prost\u0105 ciekawostk\u0119. Tu pojawia si\u0119 stawka, kt\u00f3ra mo\u017ce dotkn\u0105\u0107 wizerunku, pieni\u0119dzy, bezpiecze\u0144stwa albo zaufania publicznego. W\u0142a\u015bnie dlatego ta historia ma potencja\u0142, by wraca\u0107 w kolejnych komentarzach.<\/p>\n\n\n\n<p>Pogrzeb i duchowe dziedzictwo zamyka t\u0119 cz\u0119\u015b\u0107 sprawy, ale nie zamyka wszystkich pyta\u0144. Im wi\u0119cej emocji wok\u00f3\u0142 tematu, tym wi\u0119ksza potrzeba ostro\u017cnego oddzielania fakt\u00f3w od ocen. To napi\u0119cie prowadzi prosto do kolejnego w\u0105tku.<\/p>\n\n\n\n<h2 class=\"wp-block-heading\">Ta sprawa ma konsekwencje wi\u0119ksze ni\u017c jeden komunikat<\/h2>\n\n\n\n<p>Ostatnie b\u0142ogos\u0142awie\u0144stwa sta\u0142o si\u0119 punktem wyj\u015bcia do historii, kt\u00f3ra nie wygl\u0105da ju\u017c na zwyk\u0142\u0105 informacj\u0119 dnia. W takich sprawach liczy si\u0119 nie tylko sam fakt, ale te\u017c moment, w kt\u00f3rym trafia on do opinii publicznej. Dlatego temat od razu zacz\u0105\u0142 pracowa\u0107 na emocjach i politycznych albo spo\u0142ecznych skojarzeniach.<\/p>\n\n\n\n<p>Pogrzeb i duchowe dziedzictwo dok\u0142ada do tego drugi poziom napi\u0119cia. Odbiorcy widz\u0105, \u017ce sprawa nie ko\u0144czy si\u0119 na jednym zdaniu ani na jednym nazwisku. Ka\u017cdy kolejny szczeg\u00f3\u0142 mo\u017ce zmieni\u0107 spos\u00f3b, w jaki ca\u0142o\u015b\u0107 zostanie odebrana.<\/p>\n\n\n\n<p>Pogrzeb i duchowe dziedzictwo sprawia, \u017ce temat wychodzi poza prost\u0105 ciekawostk\u0119. Tu pojawia si\u0119 stawka, kt\u00f3ra mo\u017ce dotkn\u0105\u0107 wizerunku, pieni\u0119dzy, bezpiecze\u0144stwa albo zaufania publicznego. W\u0142a\u015bnie dlatego ta historia ma potencja\u0142, by wraca\u0107 w kolejnych komentarzach.<\/p>\n\n\n\n<p>Pogrzeb i duchowe dziedzictwo zamyka t\u0119 cz\u0119\u015b\u0107 sprawy, ale nie zamyka wszystkich pyta\u0144. Im wi\u0119cej emocji wok\u00f3\u0142 tematu, tym wi\u0119ksza potrzeba ostro\u017cnego oddzielania fakt\u00f3w od ocen. To napi\u0119cie prowadzi prosto do kolejnego w\u0105tku.<\/p>\n\n\n\n<h2 class=\"wp-block-heading\">Najwa\u017cniejsze pytanie wci\u0105\u017c zostaje otwarte<\/h2>\n\n\n\n<p>Pogrzeb i duchowe dziedzictwo sta\u0142o si\u0119 punktem wyj\u015bcia do historii, kt\u00f3ra nie wygl\u0105da ju\u017c na zwyk\u0142\u0105 informacj\u0119 dnia. W takich sprawach liczy si\u0119 nie tylko sam fakt, ale te\u017c moment, w kt\u00f3rym trafia on do opinii publicznej. Dlatego temat od razu zacz\u0105\u0142 pracowa\u0107 na emocjach i politycznych albo spo\u0142ecznych skojarzeniach.<\/p>\n\n\n\n<p>Pogrzeb i duchowe dziedzictwo dok\u0142ada do tego drugi poziom napi\u0119cia. Odbiorcy widz\u0105, \u017ce sprawa nie ko\u0144czy si\u0119 na jednym zdaniu ani na jednym nazwisku. Ka\u017cdy kolejny szczeg\u00f3\u0142 mo\u017ce zmieni\u0107 spos\u00f3b, w jaki ca\u0142o\u015b\u0107 zostanie odebrana.<\/p>\n\n\n\n<p>Pogrzeb i duchowe dziedzictwo sprawia, \u017ce temat wychodzi poza prost\u0105 ciekawostk\u0119. Tu pojawia si\u0119 stawka, kt\u00f3ra mo\u017ce dotkn\u0105\u0107 wizerunku, pieni\u0119dzy, bezpiecze\u0144stwa albo zaufania publicznego. W\u0142a\u015bnie dlatego ta historia ma potencja\u0142, by wraca\u0107 w kolejnych komentarzach.<\/p>\n\n\n\n<p>Rok po \u015bmierci papie\u017ca franciszka przypomniano jego apel o pok\u00f3j zamyka t\u0119 cz\u0119\u015b\u0107 sprawy, ale nie zamyka wszystkich pyta\u0144. Im wi\u0119cej emocji wok\u00f3\u0142 tematu, tym wi\u0119ksza potrzeba ostro\u017cnego oddzielania fakt\u00f3w od ocen. To napi\u0119cie prowadzi prosto do kolejnego w\u0105tku.<\/p>\n","protected":false},"excerpt":{"rendered":"Ta sprawa natychmiast przyci\u0105ga uwag\u0119, bo za spokojnym nag\u0142\u00f3wkiem kryje si\u0119 konflikt z wyra\u017anymi konsekwencjami. Rok po \u015bmierci papie\u017ca franciszka przypomniano jego apel \n<a class=\"moretag\" href=\"https:\/\/time24.pl.ua\/?p=11534\"> [...]<\/a>","protected":false},"author":1,"featured_media":11535,"comment_status":"open","ping_status":"open","sticky":false,"template":"","format":"standard","meta":{"footnotes":""},"categories":[1],"tags":[],"class_list":["post-11534","post","type-post","status-publish","format-standard","has-post-thumbnail","hentry","category-blog"],"_links":{"self":[{"href":"https:\/\/time24.pl.ua\/index.php?rest_route=\/wp\/v2\/posts\/11534","targetHints":{"allow":["GET"]}}],"collection":[{"href":"https:\/\/time24.pl.ua\/index.php?rest_route=\/wp\/v2\/posts"}],"about":[{"href":"https:\/\/time24.pl.ua\/index.php?rest_route=\/wp\/v2\/types\/post"}],"author":[{"embeddable":true,"href":"https:\/\/time24.pl.ua\/index.php?rest_route=\/wp\/v2\/users\/1"}],"replies":[{"embeddable":true,"href":"https:\/\/time24.pl.ua\/index.php?rest_route=%2Fwp%2Fv2%2Fcomments&post=11534"}],"version-history":[{"count":1,"href":"https:\/\/time24.pl.ua\/index.php?rest_route=\/wp\/v2\/posts\/11534\/revisions"}],"predecessor-version":[{"id":11536,"href":"https:\/\/time24.pl.ua\/index.php?rest_route=\/wp\/v2\/posts\/11534\/revisions\/11536"}],"wp:featuredmedia":[{"embeddable":true,"href":"https:\/\/time24.pl.ua\/index.php?rest_route=\/wp\/v2\/media\/11535"}],"wp:attachment":[{"href":"https:\/\/time24.pl.ua\/index.php?rest_route=%2Fwp%2Fv2%2Fmedia&parent=11534"}],"wp:term":[{"taxonomy":"category","embeddable":true,"href":"https:\/\/time24.pl.ua\/index.php?rest_route=%2Fwp%2Fv2%2Fcategories&post=11534"},{"taxonomy":"post_tag","embeddable":true,"href":"https:\/\/time24.pl.ua\/index.php?rest_route=%2Fwp%2Fv2%2Ftags&post=11534"}],"curies":[{"name":"wp","href":"https:\/\/api.w.org\/{rel}","templated":true}]}}