{"id":11525,"date":"2026-04-28T10:43:27","date_gmt":"2026-04-28T10:43:27","guid":{"rendered":"https:\/\/time24.pl.ua\/?p=11525"},"modified":"2026-04-28T10:43:27","modified_gmt":"2026-04-28T10:43:27","slug":"czarzasty-podjal-decyzje-ws-poslow-pis-oficjalnie-to-oglosil","status":"publish","type":"post","link":"https:\/\/time24.pl.ua\/?p=11525","title":{"rendered":"Czarzasty podj\u0105\u0142 decyzj\u0119 ws. pos\u0142\u00f3w PiS. Oficjalnie to og\u0142osi\u0142"},"content":{"rendered":"\n<p>Marsza\u0142ek Sejmu podj\u0105\u0142 decyzj\u0119 o ukaraniu dw\u00f3ch pos\u0142\u00f3w Prawa i Sprawiedliwo\u015bci po g\u0142o\u015bnych wydarzeniach na sali obrad. Sankcje maj\u0105 zwi\u0105zek z zak\u0142\u00f3caniem prac parlamentu i \u2013 jak podkre\u015blono \u2013 nale\u017c\u0105 do najbardziej dotkliwych.<\/p>\n\n\n\n<p>Kara po sejmowej awanturze<br>Marsza\u0142ek Sejmu W\u0142odzimierz Czarzasty poinformowa\u0142 o na\u0142o\u017ceniu kar na dw\u00f3ch pos\u0142\u00f3w PiS \u2013 Dariusza Mateckiego oraz Micha\u0142a Wosia. <\/p>\n\n\n\n<p>Decyzja zapad\u0142a w zwi\u0105zku z ich zachowaniem podczas obrad parlamentu, kt\u00f3re zosta\u0142o uznane za zak\u0142\u00f3canie porz\u0105dku. Jak przekazano, obaj politycy strac\u0105 po\u0142ow\u0119 swojego uposa\u017cenia przez okres trzech miesi\u0119cy.<\/p>\n\n\n\n<p>To jedna z surowszych sankcji finansowych, jakie mog\u0105 zosta\u0107 zastosowane wobec pos\u0142\u00f3w. W praktyce oznacza realne, odczuwalne konsekwencje finansowe, a tak\u017ce wyra\u017any sygna\u0142 ze strony w\u0142adz Sejmu, \u017ce naruszanie zasad prowadzenia obrad nie b\u0119dzie tolerowane. W ostatnich latach podobne sytuacje zdarza\u0142y si\u0119 wielokrotnie, jednak ka\u017cdorazowo decyzja o karze zale\u017cy od skali incydentu oraz jego wp\u0142ywu na przebieg posiedzenia.<\/p>\n\n\n\n<p>Z informacji przekazanych przez marsza\u0142ka wynika, \u017ce powodem sankcji by\u0142o bezpo\u015brednie zak\u0142\u00f3canie prac Sejmu.&nbsp;<\/p>\n\n\n\n<p>Napi\u0119cie eksplodowa\u0142o w Sejmie. Kontrowersyjna akcja pos\u0142\u00f3w PiS<br>Do zdarzenia, kt\u00f3re ostatecznie zako\u0144czy\u0142o si\u0119 karami finansowymi, dosz\u0142o podczas posiedzenia Sejmu 17 kwietnia. W jego trakcie pose\u0142 Dariusz Matecki podszed\u0142 w okolice m\u00f3wnicy z przygotowan\u0105 wcze\u015bniej plansz\u0105. Znajdowa\u0142o si\u0119 na niej zdj\u0119cie Donald Tusk z Kamil\u0105 W., by\u0142\u0105 dzia\u0142aczk\u0105 Koalicji Obywatelskiej z K\u0142odzka, skazan\u0105 nieprawomocnie na 6,5 roku wi\u0119zienia. Kobieta zosta\u0142a uznana za winn\u0105 m.in. tego, \u017ce przez wiele lat \u2013 mimo \u015bwiadomo\u015bci mo\u017cliwo\u015bci przest\u0119pstw \u2013 nie przeciwdzia\u0142a\u0142a dzia\u0142aniom swojego m\u0119\u017ca wobec ma\u0142oletniej. Pod fotografi\u0105 widnia\u0142 napis: &#8220;Tylko nie m\u00f3w nikomu!\u201d.<\/p>\n\n\n\n<p>Po chwili do Mateckiego do\u0142\u0105czy\u0142 Micha\u0142 Wo\u015b, kt\u00f3ry przyni\u00f3s\u0142 kolejn\u0105 plansz\u0119. Tym razem znajdowa\u0142o si\u0119 na niej zdj\u0119cie tej samej kobiety w towarzystwie wicemarsza\u0142kini Sejmu Moniki Wielichowskiej. Obaj pos\u0142owie ustawili si\u0119 w pobli\u017cu m\u00f3wnicy, co natychmiast wywo\u0142a\u0142o reakcj\u0119 prowadz\u0105cego obrady W\u0142odzimierza Czarzastego. Marsza\u0142ek wielokrotnie przywo\u0142ywa\u0142 ich do porz\u0105dku i wzywa\u0142 do opuszczenia tego miejsca, jednak politycy PiS nie zastosowali si\u0119 do polece\u0144 i kontynuowali swoj\u0105 demonstracj\u0119.<\/p>\n\n\n\n<p>Wobec braku reakcji ze strony pos\u0142\u00f3w marsza\u0142ek podj\u0105\u0142 decyzj\u0119 o wykluczeniu ich z obrad. W trakcie interwencji z sali pad\u0142y okrzyki &#8220;Precz z komun\u0105!\u201d, co dodatkowo podgrza\u0142o atmosfer\u0119. Zarz\u0105dzono kr\u00f3tk\u0105, minutow\u0105 przerw\u0119, jednak napi\u0119cie nie opad\u0142o. W jej trakcie dosz\u0142o do bezpo\u015brednich pr\u00f3b odebrania plansz \u2013 S\u0142awomir Nitras pr\u00f3bowa\u0142 wyrwa\u0107 materia\u0142 Micha\u0142owi Wosiowi, a inni politycy Koalicji Obywatelskiej podejmowali podobne dzia\u0142ania wobec Mateckiego. Ca\u0142a sytuacja mia\u0142a dynamiczny i konfrontacyjny przebieg, a jej eskalacja by\u0142a jednym z kluczowych powod\u00f3w p\u00f3\u017aniejszych sankcji na\u0142o\u017conych przez marsza\u0142ka.<br><\/p>\n\n\n\n<blockquote class=\"twitter-tweet\" data-media-max-width=\"560\"><p lang=\"pl\" dir=\"ltr\">Ale\u017c awantura w Sejmie! <br><br>Matecki wyszed\u0142 z banerem \u201etylko nie m\u00f3w nikomu\u201d, Zembaczy\u0144ski pr\u00f3bowa\u0142 wyrwa\u0107 mu ten baner a na koniec Czarzasty wykluczy\u0142 Mateckiego z obrad. <br><br>Potem krzyki \u201eprecz z komun\u0105\u201d i parunastu pos\u0142\u00f3w zaanga\u017cowanych w awantur\u0119 i pr\u00f3b\u0119 wyrywania baneru. <a href=\"https:\/\/t.co\/qtgvWCjmsC\">pic.twitter.com\/qtgvWCjmsC<\/a><\/p>&mdash; chrzanik (@chrzanikx) <a href=\"https:\/\/twitter.com\/chrzanikx\/status\/2045040835431890950?ref_src=twsrc%5Etfw\">April 17, 2026<\/a><\/blockquote> <script async src=\"https:\/\/platform.twitter.com\/widgets.js\" charset=\"utf-8\"><\/script>\n\n\n\n<p>Sejm reaguje na zak\u0142\u00f3cenia obrad<br>Decyzja o ukaraniu pos\u0142\u00f3w PiS wpisuje si\u0119 w konsekwentn\u0105 lini\u0119 dzia\u0142a\u0144 w\u0142adz Sejmu, kt\u00f3re staraj\u0105 si\u0119 przeciwdzia\u0142a\u0107 eskalacji konflikt\u00f3w na sali obrad. W ostatnich latach marsza\u0142kowie coraz cz\u0119\u015bciej si\u0119gaj\u0105 po narz\u0119dzia dyscyplinuj\u0105ce \u2013 od upomnie\u0144 po wysokie kary finansowe. Ostatnim przypadkiem by\u0142o ukaranie Konrada Berkowicza za pokazanie z m\u00f3wnicy sejmowej flagi Izraela z sfastyk\u0105 zamiast gwiazdy Dawida.<\/p>\n\n\n\n<p>W ocenie komentator\u00f3w takie dzia\u0142ania maj\u0105 na celu przywr\u00f3cenie powagi instytucji oraz zapewnienie sprawnego przebiegu prac legislacyjnych. Sejm, jako najwy\u017cszy organ w\u0142adzy ustawodawczej, powinien funkcjonowa\u0107 w oparciu o okre\u015blone standardy debaty. Zak\u0142\u00f3cenia, szczeg\u00f3lnie te o charakterze demonstracyjnym, mog\u0105 utrudnia\u0107 prowadzenie posiedze\u0144 i wp\u0142ywa\u0107 na tempo uchwalania ustaw.<\/p>\n\n\n\n<p>Jednocze\u015bnie polityczne spory i ostre wymiany zda\u0144 s\u0105 nieod\u0142\u0105cznym elementem \u017cycia parlamentarnego. Granica mi\u0119dzy dopuszczaln\u0105 form\u0105 ekspresji a naruszeniem regulaminu bywa jednak cienka. W przypadku Dariusz Matecki i Micha\u0142 Wo\u015b marsza\u0142ek uzna\u0142, \u017ce zosta\u0142a ona przekroczona, co skutkowa\u0142o zastosowaniem jednej z bardziej dotkliwych sankcji.<br><\/p>\n","protected":false},"excerpt":{"rendered":"Marsza\u0142ek Sejmu podj\u0105\u0142 decyzj\u0119 o ukaraniu dw\u00f3ch pos\u0142\u00f3w Prawa i Sprawiedliwo\u015bci po g\u0142o\u015bnych wydarzeniach na sali obrad. Sankcje maj\u0105 zwi\u0105zek z zak\u0142\u00f3caniem prac \n<a class=\"moretag\" href=\"https:\/\/time24.pl.ua\/?p=11525\"> [...]<\/a>","protected":false},"author":1,"featured_media":11526,"comment_status":"open","ping_status":"open","sticky":false,"template":"","format":"standard","meta":{"footnotes":""},"categories":[1],"tags":[],"class_list":["post-11525","post","type-post","status-publish","format-standard","has-post-thumbnail","hentry","category-blog"],"_links":{"self":[{"href":"https:\/\/time24.pl.ua\/index.php?rest_route=\/wp\/v2\/posts\/11525","targetHints":{"allow":["GET"]}}],"collection":[{"href":"https:\/\/time24.pl.ua\/index.php?rest_route=\/wp\/v2\/posts"}],"about":[{"href":"https:\/\/time24.pl.ua\/index.php?rest_route=\/wp\/v2\/types\/post"}],"author":[{"embeddable":true,"href":"https:\/\/time24.pl.ua\/index.php?rest_route=\/wp\/v2\/users\/1"}],"replies":[{"embeddable":true,"href":"https:\/\/time24.pl.ua\/index.php?rest_route=%2Fwp%2Fv2%2Fcomments&post=11525"}],"version-history":[{"count":1,"href":"https:\/\/time24.pl.ua\/index.php?rest_route=\/wp\/v2\/posts\/11525\/revisions"}],"predecessor-version":[{"id":11527,"href":"https:\/\/time24.pl.ua\/index.php?rest_route=\/wp\/v2\/posts\/11525\/revisions\/11527"}],"wp:featuredmedia":[{"embeddable":true,"href":"https:\/\/time24.pl.ua\/index.php?rest_route=\/wp\/v2\/media\/11526"}],"wp:attachment":[{"href":"https:\/\/time24.pl.ua\/index.php?rest_route=%2Fwp%2Fv2%2Fmedia&parent=11525"}],"wp:term":[{"taxonomy":"category","embeddable":true,"href":"https:\/\/time24.pl.ua\/index.php?rest_route=%2Fwp%2Fv2%2Fcategories&post=11525"},{"taxonomy":"post_tag","embeddable":true,"href":"https:\/\/time24.pl.ua\/index.php?rest_route=%2Fwp%2Fv2%2Ftags&post=11525"}],"curies":[{"name":"wp","href":"https:\/\/api.w.org\/{rel}","templated":true}]}}