{"id":11522,"date":"2026-04-28T10:40:08","date_gmt":"2026-04-28T10:40:08","guid":{"rendered":"https:\/\/time24.pl.ua\/?p=11522"},"modified":"2026-04-28T10:40:08","modified_gmt":"2026-04-28T10:40:08","slug":"robert-lewandowski-spelni-marzenie-chorej-mai-z-dissu-na-raka-fani-nie-kryja-wzruszenia-klasa-sama-w-sobie","status":"publish","type":"post","link":"https:\/\/time24.pl.ua\/?p=11522","title":{"rendered":"Robert Lewandowski spe\u0142ni marzenie chorej Mai z &#8220;Dissu na raka&#8221;. Fani nie kryj\u0105 wzruszenia: &#8220;Klasa sama w sobie&#8221;"},"content":{"rendered":"\n<p><strong>Robert Lewandowski zareagowa\u0142 na pro\u015bb\u0119 11-letniej Mai, kt\u00f3ra choruje na nowotw\u00f3r i jest podopieczn\u0105 Fundacji Cancer Fighters. Dziewczynka wyrazi\u0142a swoje sportowe marzenie podczas wywiadu telewizyjnego, a odpowied\u017a kapitana reprezentacji Polski nadesz\u0142a b\u0142yskawicznie.<\/strong><\/p>\n\n\n\n<p><strong> Pi\u0142karz osobi\u015bcie w\u0142\u0105czy\u0142 si\u0119 w charytatywny stream influencera \u0141atwoganga, kt\u00f3ry zebra\u0142 rekordowe fundusze na leczenie dzieci onkologicznych. Wystarczy\u0142y dwa s\u0142owa gwiazdora, by ta historia obieg\u0142a ca\u0142y internet.<\/strong><\/p>\n\n\n\n<h2 class=\"wp-block-heading\">Robert Lewandowski obieca\u0142 wyj\u015bcie na muraw\u0119 z podopieczn\u0105 Fundacji Cancer Fighters<\/h2>\n\n\n\n<p>Maja, zapytana w wywiadzie dla stacji TVP Info o swoje najwi\u0119ksze marzenie, nie zastanawia\u0142a si\u0119 d\u0142ugo. Dziewczynka wyzna\u0142a, \u017ce podczas meczu&nbsp;<strong>reprezentacji Polski<\/strong>&nbsp;chcia\u0142aby stan\u0105\u0107 na boisku u boku konkretnego pi\u0142karza. Jej odpowied\u017a, w kt\u00f3rej wprost wskaza\u0142a na kapitana naszej kadry, wywo\u0142a\u0142a spore poruszenie.<\/p>\n\n\n\n<blockquote class=\"wp-block-quote is-layout-flow wp-block-quote-is-layout-flow\">\n<p>Z Robertem Lewandowskim.<\/p>\n<\/blockquote>\n\n\n\n<p><a href=\"https:\/\/styl.fm\/newsy\/398524.robert-lewandowski-wiek-wzrost-instagram-ciekawostki-sprawdz\" target=\"_blank\" rel=\"noreferrer noopener\"><strong>Robert Lewandowski<\/strong><\/a>&nbsp;postanowi\u0142 odnie\u015b\u0107 si\u0119 do nagrania z udzia\u0142em 11-latki w mediach spo\u0142eczno\u015bciowych. Pod wideo zamie\u015bci\u0142 kr\u00f3tki, konkretny komentarz, w kt\u00f3rym zadeklarowa\u0142 spe\u0142nienie jej pro\u015bby o wsp\u00f3lnym wyj\u015bciu na muraw\u0119.<\/p>\n\n\n\n<blockquote class=\"wp-block-quote is-layout-flow wp-block-quote-is-layout-flow\">\n<p>Maja, za\u0142atwione.<\/p>\n<\/blockquote>\n\n\n\n<p>Takie&nbsp;<strong>spe\u0142nione marzenie Mai<\/strong>&nbsp;b\u0119dzie dla pacjentki wyj\u0105tkowym prze\u017cyciem, na kt\u00f3re czeka z niecierpliwo\u015bci\u0105. Warto przypomnie\u0107, \u017ce w inicjatyw\u0119 zaanga\u017cowa\u0142 si\u0119 r\u00f3wnie\u017c inny obro\u0144ca kadry,&nbsp;<strong>Jan Bednarek<\/strong>. Reprezentant kraju oficjalnie zaprosi\u0142 podopieczne dzieci z fundacji na mecz&nbsp;<strong>reprezentacji Polski w pi\u0142ce no\u017cnej<\/strong>.<a href=\"https:\/\/news.google.com\/publications\/CAAqBwgKMLWAlQswj9eqAw?oc=3&amp;ceid=PL:pl\" target=\"_blank\" rel=\"noreferrer noopener\"><\/a><\/p>\n\n\n\n<blockquote class=\"tiktok-embed\" cite=\"https:\/\/www.tiktok.com\/@_rl9\/video\/7632240883416468769\" data-video-id=\"7632240883416468769\" style=\"max-width: 605px;min-width: 325px;\" > <section> <a target=\"_blank\" title=\"@_rl9\" href=\"https:\/\/www.tiktok.com\/@_rl9?refer=embed\">@_rl9<\/a> <a title=\"cancerfighter\" target=\"_blank\" href=\"https:\/\/www.tiktok.com\/tag\/cancerfighter?refer=embed\">#cancerfighter<\/a> @bedoes2115  @latwogang <a target=\"_blank\" title=\" oryginalny d\u017awi\u0119k - el\" href=\"https:\/\/www.tiktok.com\/music\/oryginalny-d\u017awi\u0119k-7628371495131155233?refer=embed\"> oryginalny d\u017awi\u0119k &#8211; el<\/a> <\/section> <\/blockquote> <script async src=\"https:\/\/www.tiktok.com\/embed.js\"><\/script>\n\n\n\n<h2 class=\"wp-block-heading\">Kim jest Maja i o czym opowiada utw\u00f3r &#8220;Diss na raka&#8221;?<\/h2>\n\n\n\n<p>11-letnia&nbsp;<strong>Maja z dissu na raka<\/strong>&nbsp;zyska\u0142a rozpoznawalno\u015b\u0107 dzi\u0119ki wsp\u00f3\u0142pracy z popularnym polskim raperem. Dziewczynka wsp\u00f3lnie z artyst\u0105 znanym jako&nbsp;<strong>Bedoes 2115<\/strong>&nbsp;nagra\u0142a utw\u00f3r pod tytu\u0142em &#8220;Ci\u0105gle tutaj jestem&#8221;. Piosenka, kt\u00f3ra w sieci funkcjonuje g\u0142\u00f3wnie jako&nbsp;<strong>Diss na raka<\/strong>, bardzo szybko zyska\u0142a status hymnu ma\u0142ych pacjent\u00f3w oddzia\u0142\u00f3w onkologicznych.<\/p>\n\n\n\n<p>Tekst utworu opowiada o trudnej, codziennej walce z chorob\u0105 i ma na celu dodanie otuchy dzieciom przebywaj\u0105cym w szpitalach. To w\u0142a\u015bnie ten muzyczny projekt sta\u0142 si\u0119 bezpo\u015brednim impulsem do zorganizowania wielkiej zbi\u00f3rki. Historia m\u0142odej podopiecznej&nbsp;<strong>Fundacji Cancer Fighters<\/strong>&nbsp;dotar\u0142a do tysi\u0119cy internaut\u00f3w, staj\u0105c si\u0119 symbolem ca\u0142ej akcji.<\/p>\n\n\n\n<p><img loading=\"lazy\" decoding=\"async\" src=\"https:\/\/img.styl.fm\/resize\/w1280\/newsy\/wp-content\/uploads\/2026\/04\/maja-mecan.jpg\" alt=\"zbli\u017cenie na twarz mai mecan\" width=\"1280\" height=\"720\">Cancer Fighters<\/p>\n\n\n\n<h2 class=\"wp-block-heading\">Rekordowa zbi\u00f3rka \u0141atwoganga na dzieci chore onkologicznie<\/h2>\n\n\n\n<p>G\u0142\u00f3wn\u0105&nbsp;<strong>zbi\u00f3rk\u0119 charytatywn\u0105 na dzieci chore onkologicznie<\/strong>&nbsp;zainicjowa\u0142 tw\u00f3rca internetowy, znany szerzej jako&nbsp;<a href=\"https:\/\/wydarzenia.styl.fm\/920966.zebral-prawie-100-milionow-a-licznik-nadal-rosnie-kim-jest-latwogang-ktory-rozpoczal-najwieksza-akcje-charytatywna-w-sieci\" target=\"_blank\" rel=\"noreferrer noopener\"><strong>\u0141atwogang<\/strong><\/a>. Jego internetowy maraton, prowadzony z warszawskiej kawalerki, trwa\u0142 nieprzerwanie przez pe\u0142ne dziewi\u0119\u0107 dni. W inicjatyw\u0119 zaanga\u017cowa\u0142y si\u0119 setki tysi\u0119cy widz\u00f3w oraz znane osoby, w tym dziennikarze Wirtualnej Polski, kt\u00f3rzy przekazali 50 tysi\u0119cy z\u0142otych. W trakcie trwania akcji bardzo szybko przekroczono barier\u0119 8 milion\u00f3w z\u0142otych, by ostatecznie zatrzyma\u0107 si\u0119 na rekordowych kwotach.<\/p>\n\n\n\n<p>Do transmisji na \u017cywo niespodziewanie do\u0142\u0105czy\u0142 r\u00f3wnie\u017c sam napastnik, co prowadz\u0105cy uznali za ikoniczny moment wydarzenia. Kapitan kadry narodowej zaoferowa\u0142 przekazanie na licytacj\u0119 koszulki&nbsp;<strong>FC Barcelona<\/strong>&nbsp;ze specjalnymi podpisami wszystkich zawodnik\u00f3w ze swojej szatni. Dodatkowo pi\u0142karz z\u0142o\u017cy\u0142 obietnic\u0119, deklaruj\u0105c, \u017ce kana\u0142&nbsp;<strong>Robert Lewandowski TikTok<\/strong>&nbsp;zostanie reaktywowany, je\u015bli wirtualna skarbonka przebije pr\u00f3g 10 milion\u00f3w z\u0142otych. Gwiazdor przyzna\u0142 na wizji, \u017ce regularnie \u015bledzi poczynania tw\u00f3rc\u00f3w.<\/p>\n\n\n\n<blockquote class=\"wp-block-quote is-layout-flow wp-block-quote-is-layout-flow\">\n<p>Zobaczy\u0142em wczoraj t\u0119 akcj\u0119. Jeszcze wczoraj w nocy, po meczu, ogl\u0105da\u0142em jak to wygl\u0105da. Super sprawa, \u017ce wspieracie dzieciaki. Do 2 w nocy s\u0142ucha\u0142em Bedoesa i jego kawa\u0142ka, zagrzewaj\u0105cego dzieciaki do walki.<\/p>\n<\/blockquote>\n\n\n\n<p>Podczas tego samego po\u0142\u0105czenia z organizatorami, sportowiec zaproponowa\u0142 zorganizowanie osobistego spotkania podopiecznych&nbsp;<strong>fundacji Cancer Fighters<\/strong>&nbsp;z nim i jego \u017con\u0105, Ann\u0105. Gwiazdor ch\u0119tnie odpowiada\u0142 te\u017c na bran\u017cowe pytania zadawane na czacie przez widz\u00f3w. Zapytany o najtrudniejszego rywala, z jakim mierzy\u0142 si\u0119 na boisku, bez wahania wskaza\u0142 na legendarnego obro\u0144c\u0119.<\/p>\n\n\n\n<blockquote class=\"wp-block-quote is-layout-flow wp-block-quote-is-layout-flow\">\n<p>Zawsze ci\u0119\u017cko mi si\u0119 gra\u0142o na Sergio Ramosa. By\u0142 kozakiem. Najcz\u0119\u015bciej gra\u0142em przeciwko niemu. Gdy mia\u0142em z nim rywalizowa\u0107, to przed meczem mia\u0142em takie: \u201eto b\u0119d\u0105 twarde, fajne pojedynki\u201d.<\/p>\n<\/blockquote>\n\n\n\n<p>Z kolei w kwestii faworyt\u00f3w do wygrania tegorocznej Ligi Mistrz\u00f3w zawodnik postawi\u0142 na dwa mocne europejskie kluby. Pi\u0142karz stwierdzi\u0142, \u017ce najwa\u017cniejsze trofeum zgarnie w tym roku Paris Saint-Germain lub Bayern Monachium. Warto doda\u0107, \u017ce wspomnia\u0142 r\u00f3wnie\u017c o doskona\u0142ych relacjach, jakie ma z m\u0142odszymi kolegami z dru\u017cyny, wymieniaj\u0105c Lamine Yamala i Gaviego.<\/p>\n","protected":false},"excerpt":{"rendered":"Robert Lewandowski zareagowa\u0142 na pro\u015bb\u0119 11-letniej Mai, kt\u00f3ra choruje na nowotw\u00f3r i jest podopieczn\u0105 Fundacji Cancer Fighters. Dziewczynka wyrazi\u0142a swoje sportowe marzenie podczas \n<a class=\"moretag\" href=\"https:\/\/time24.pl.ua\/?p=11522\"> [...]<\/a>","protected":false},"author":1,"featured_media":11523,"comment_status":"open","ping_status":"open","sticky":false,"template":"","format":"standard","meta":{"footnotes":""},"categories":[1],"tags":[],"class_list":["post-11522","post","type-post","status-publish","format-standard","has-post-thumbnail","hentry","category-blog"],"_links":{"self":[{"href":"https:\/\/time24.pl.ua\/index.php?rest_route=\/wp\/v2\/posts\/11522","targetHints":{"allow":["GET"]}}],"collection":[{"href":"https:\/\/time24.pl.ua\/index.php?rest_route=\/wp\/v2\/posts"}],"about":[{"href":"https:\/\/time24.pl.ua\/index.php?rest_route=\/wp\/v2\/types\/post"}],"author":[{"embeddable":true,"href":"https:\/\/time24.pl.ua\/index.php?rest_route=\/wp\/v2\/users\/1"}],"replies":[{"embeddable":true,"href":"https:\/\/time24.pl.ua\/index.php?rest_route=%2Fwp%2Fv2%2Fcomments&post=11522"}],"version-history":[{"count":1,"href":"https:\/\/time24.pl.ua\/index.php?rest_route=\/wp\/v2\/posts\/11522\/revisions"}],"predecessor-version":[{"id":11524,"href":"https:\/\/time24.pl.ua\/index.php?rest_route=\/wp\/v2\/posts\/11522\/revisions\/11524"}],"wp:featuredmedia":[{"embeddable":true,"href":"https:\/\/time24.pl.ua\/index.php?rest_route=\/wp\/v2\/media\/11523"}],"wp:attachment":[{"href":"https:\/\/time24.pl.ua\/index.php?rest_route=%2Fwp%2Fv2%2Fmedia&parent=11522"}],"wp:term":[{"taxonomy":"category","embeddable":true,"href":"https:\/\/time24.pl.ua\/index.php?rest_route=%2Fwp%2Fv2%2Fcategories&post=11522"},{"taxonomy":"post_tag","embeddable":true,"href":"https:\/\/time24.pl.ua\/index.php?rest_route=%2Fwp%2Fv2%2Ftags&post=11522"}],"curies":[{"name":"wp","href":"https:\/\/api.w.org\/{rel}","templated":true}]}}