{"id":11510,"date":"2026-04-28T09:51:49","date_gmt":"2026-04-28T09:51:49","guid":{"rendered":"https:\/\/time24.pl.ua\/?p=11510"},"modified":"2026-04-28T09:51:49","modified_gmt":"2026-04-28T09:51:49","slug":"justyna-dobrosz-oracz-zostala-sam-na-sam-z-jaroslawem-kaczynskim-teraz-przestrzega-ludzi","status":"publish","type":"post","link":"https:\/\/time24.pl.ua\/?p=11510","title":{"rendered":"Justyna Dobrosz-Oracz zosta\u0142a sam na sam z Jaros\u0142awem Kaczy\u0144skim. Teraz przestrzega ludzi"},"content":{"rendered":"\n<p>Justyna Dobrosz-Oracz od wielu lat ma styczno\u015b\u0107 z czo\u0142owymi polskimi politykami. Jej dociekliwo\u015b\u0107 niejednego zbi\u0142a z tropu. Dziennikarka obserwuje, jak przez lata zradykalizowa\u0142 si\u0119 Jaros\u0142aw Kaczy\u0144ski. W pewnym momencie zosta\u0142a z prezesem PiS sama w jego samochodzie. Wnioski z tego spotkania nie s\u0105 zbyt optymistyczne.<a href=\"https:\/\/robertpatoleta.wideoportal.tv\/\"><\/a><\/p>\n\n\n\n<p><a href=\"https:\/\/wideoportal.tv\/tag\/justyna-dobrosz-oracz\/\"><strong>Justyna Dobrosz-Oracz<\/strong><\/a>&nbsp;jest jedn\u0105 z najbardziej znanych dziennikarek w Polsce. Od lat przeprowadza niezwykle dociekliwe rozmowy z politykami. W okresie rz\u0105d\u00f3w Prawa i Sprawiedliwo\u015bci pracowa\u0142a jako reporterka w &#8220;Gazecie Wyborczej&#8221;. Po zmianie w\u0142adzy wr\u00f3ci\u0142a do telewizji publicznej. Obecnie w TVP Info prowadzi program publicystyczny &#8220;Bez trybu&#8221;.<\/p>\n\n\n\n<h2 class=\"wp-block-heading\"><strong>Justyna Dobrosz-Oracz zosta\u0142a sam na sam z Jaros\u0142awem Kaczy\u0144skim. Teraz przestrzega ludzi [TYLKO W WIDEOPORTALU]<\/strong><\/h2>\n\n\n\n<p>Wielokrotnie rozmawia\u0142a w prezesem PiS&nbsp;<a href=\"https:\/\/wideoportal.tv\/tag\/jaroslaw-kaczynski\/\"><strong>Jaros\u0142awem Kaczy\u0144skim<\/strong><\/a>. By\u0142a jedyn\u0105 dziennikark\u0105, kt\u00f3ra w 2011 roku podr\u00f3\u017cowa\u0142a z prezesem w jego samochodzie.<\/p>\n\n\n\n<blockquote class=\"wp-block-quote is-layout-flow wp-block-quote-is-layout-flow\">\n<p><strong>By\u0142am tylko ja, kierowca, m\u00f3j operator i prezes Kaczy\u0144ski, tak\u017ce mia\u0142am wiele rozm\u00f3w ciekawych. Tylko \u017ce \u015bwiat si\u0119 bardzo zmieni\u0142 i pan prezes te\u017c si\u0119 zmieni\u0142. Tak, bardzo si\u0119 zmieni\u0142, zradykalizowa\u0142. W og\u00f3le przestrzegam ludzi przed syndromem obl\u0119\u017conej twierdzy. I my\u015bl\u0119, \u017ce prezes Kaczy\u0144ski ma ten problem, zreszt\u0105 kiedy\u015b mu to powiedzia\u0142am &#8211; przyzna\u0142a w rozmowie z Wideoportalem.<\/strong><\/p>\n<\/blockquote>\n\n\n\n<p>Uwa\u017ca, \u017ce Jaros\u0142aw Kaczy\u0144ski ma wypaczone postrzeganie rzeczywisto\u015bci, poniewa\u017c jest odci\u0119ty od realnego \u015bwiata.<\/p>\n\n\n\n<blockquote class=\"wp-block-quote is-layout-flow wp-block-quote-is-layout-flow\">\n<p><strong>Najgorsze jest to, jak wa\u017cni politycy s\u0105 odcinani od rzeczywisto\u015bci, s\u0105 karmieni wymys\u0142ami i p\u00f3\u017aniej niestety decyduj\u0105 na podstawie wymys\u0142\u00f3w, a nie realnej wiedzy. Prezes Kaczy\u0144ski, no wszyscy pa\u0144stwo wiecie, ma ten problem, \u017ce nie ma rodziny, nie ma dzieci, kt\u00f3re by go troch\u0119 mo\u017ce spionizowa\u0142y, \u017cony, kt\u00f3ra by mu powiedzia\u0142a: s\u0142uchaj, stary, jest inaczej. Ma wok\u00f3\u0142 siebie akolit\u00f3w, kt\u00f3rzy po prostu zbudowali mu obraz Polski, kt\u00f3ra nie istnieje i to jest ten problem.<\/strong><\/p>\n<\/blockquote>\n\n\n\n<p>Justyna Dobrosz-Oracz widzi zdecydowan\u0105 r\u00f3\u017cnic\u0119 pomi\u0119dzy postawami, jakie reprezentuj\u0105 Donald Tusk i Jaros\u0142aw Kaczy\u0144ski. Obecny premier jest zdecydowanie bardziej otwarty, sprzyja ludziom, za\u015b Jaros\u0142aw Kaczy\u0144ski widzi wrog\u00f3w w\u015br\u00f3d tych os\u00f3b, kt\u00f3re nie podzielaj\u0105 jego pogl\u0105d\u00f3w.<\/p>\n\n\n\n<blockquote class=\"wp-block-quote is-layout-flow wp-block-quote-is-layout-flow\">\n<p><strong>W sposobie my\u015blenia jednak Donald Tusk to jest osoba, kt\u00f3ra jest oczywi\u015bcie rasowym politykiem. Ka\u017cdy ma za paznokciami swoje, ale on my\u015bli o tym, \u017ce wolno\u015b\u0107 cz\u0142owieka jest warto\u015bci\u0105 najwa\u017cniejsz\u0105 i szanuje pogl\u0105dy innych. W przypadku Jaros\u0142awa Kaczy\u0144skiego niestety w tej chwili to jest tak, \u017ce on uwa\u017ca, \u017ce patriot\u0105 jest tylko ten, kto wyznaje pogl\u0105dy, kt\u00f3re pan prezes Kaczy\u0144ski wyznaje, no to to nie jest demokracja &#8211; stwierdzi\u0142a dziennikarka.<\/strong><\/p>\n<\/blockquote>\n\n\n\n<figure class=\"wp-block-image\"><img decoding=\"async\" src=\"https:\/\/wideoportal.tv\/static\/files\/inline_images\/161\/inline__1688890_1829.jpg\" alt=\"\"\/><\/figure>\n\n\n\n<p><em>Justyna Dobrosz-Oracz, fot. KAPiF<\/em><\/p>\n\n\n\n<figure class=\"wp-block-image\"><img decoding=\"async\" src=\"https:\/\/wideoportal.tv\/static\/files\/inline_images\/161\/inline__1688890_5840.jpg\" alt=\"\"\/><\/figure>\n\n\n\n<p><em>Jaros\u0142aw Kaczy\u0144ski, fot. KAPiF<\/em><\/p>\n\n\n\n<figure class=\"wp-block-image\"><img decoding=\"async\" src=\"https:\/\/wideoportal.tv\/static\/files\/inline_images\/161\/inline__1688890_1991.jpg\" alt=\"\"\/><\/figure>\n\n\n\n<p><em>Justyna Dobrosz-Oracz, fot. KAPiF<\/em><\/p>\n\n\n\n<figure class=\"wp-block-image\"><img decoding=\"async\" src=\"https:\/\/wideoportal.tv\/static\/files\/inline_images\/161\/inline__1688890_9557.jpg\" alt=\"\"\/><\/figure>\n","protected":false},"excerpt":{"rendered":"Justyna Dobrosz-Oracz od wielu lat ma styczno\u015b\u0107 z czo\u0142owymi polskimi politykami. Jej dociekliwo\u015b\u0107 niejednego zbi\u0142a z tropu. Dziennikarka obserwuje, jak przez lata zradykalizowa\u0142 \n<a class=\"moretag\" href=\"https:\/\/time24.pl.ua\/?p=11510\"> [...]<\/a>","protected":false},"author":1,"featured_media":11511,"comment_status":"open","ping_status":"open","sticky":false,"template":"","format":"standard","meta":{"footnotes":""},"categories":[1],"tags":[],"class_list":["post-11510","post","type-post","status-publish","format-standard","has-post-thumbnail","hentry","category-blog"],"_links":{"self":[{"href":"https:\/\/time24.pl.ua\/index.php?rest_route=\/wp\/v2\/posts\/11510","targetHints":{"allow":["GET"]}}],"collection":[{"href":"https:\/\/time24.pl.ua\/index.php?rest_route=\/wp\/v2\/posts"}],"about":[{"href":"https:\/\/time24.pl.ua\/index.php?rest_route=\/wp\/v2\/types\/post"}],"author":[{"embeddable":true,"href":"https:\/\/time24.pl.ua\/index.php?rest_route=\/wp\/v2\/users\/1"}],"replies":[{"embeddable":true,"href":"https:\/\/time24.pl.ua\/index.php?rest_route=%2Fwp%2Fv2%2Fcomments&post=11510"}],"version-history":[{"count":1,"href":"https:\/\/time24.pl.ua\/index.php?rest_route=\/wp\/v2\/posts\/11510\/revisions"}],"predecessor-version":[{"id":11512,"href":"https:\/\/time24.pl.ua\/index.php?rest_route=\/wp\/v2\/posts\/11510\/revisions\/11512"}],"wp:featuredmedia":[{"embeddable":true,"href":"https:\/\/time24.pl.ua\/index.php?rest_route=\/wp\/v2\/media\/11511"}],"wp:attachment":[{"href":"https:\/\/time24.pl.ua\/index.php?rest_route=%2Fwp%2Fv2%2Fmedia&parent=11510"}],"wp:term":[{"taxonomy":"category","embeddable":true,"href":"https:\/\/time24.pl.ua\/index.php?rest_route=%2Fwp%2Fv2%2Fcategories&post=11510"},{"taxonomy":"post_tag","embeddable":true,"href":"https:\/\/time24.pl.ua\/index.php?rest_route=%2Fwp%2Fv2%2Ftags&post=11510"}],"curies":[{"name":"wp","href":"https:\/\/api.w.org\/{rel}","templated":true}]}}