{"id":11495,"date":"2026-04-28T09:33:05","date_gmt":"2026-04-28T09:33:05","guid":{"rendered":"https:\/\/time24.pl.ua\/?p=11495"},"modified":"2026-04-28T09:33:05","modified_gmt":"2026-04-28T09:33:05","slug":"tak-karol-iii-przywital-sie-z-melania-trump-media-od-razu-wylapaly-ten-nietypowy-gest","status":"publish","type":"post","link":"https:\/\/time24.pl.ua\/?p=11495","title":{"rendered":"Tak Karol III przywita\u0142 si\u0119 z Melani\u0105 Trump. Media od razu wy\u0142apa\u0142y ten nietypowy gest"},"content":{"rendered":"\n<p>Kr\u00f3l Karol III rozpocz\u0105\u0142 pierwsz\u0105 wizyt\u0119 w USA jako monarcha, spotykaj\u0105c si\u0119 z prezydentem Donaldem Trumpem. Symboliczne powitanie w Bia\u0142ym Domu ma znaczenie nie tylko ceremonialne, ale i polityczne \u2013 w tle s\u0105 napi\u0119cia na linii Londyn\u2013Waszyngton oraz pr\u00f3ba odbudowy relacji mi\u0119dzy sojusznikami.<\/p>\n\n\n\n<p>Karol III rozpocz\u0105\u0142 wizyt\u0119 w Stanach Zjednoczonych<br>Kr\u00f3l Karol III i kr\u00f3lowa Kamila rozpocz\u0119li czterodniow\u0105 wizyt\u0119 w USA od wizyty w Bia\u0142ym Domu, gdzie zostali powitani przez prezydenta Donalda Trumpa oraz Melani\u0119 Trump. <\/p>\n\n\n\n<p>Oficjalne powitanie mia\u0142o uroczysty charakter, jednak to nie formalno\u015bci przyci\u0105gn\u0119\u0142y najwi\u0119ksz\u0105 uwag\u0119 medi\u00f3w, lecz spontaniczne gesty mi\u0119dzy uczestnikami spotkania.<\/p>\n\n\n\n<p>Na zdj\u0119ciach wykonanych przez fotoreporter\u00f3w wida\u0107 moment wymiany czu\u0142o\u015bci mi\u0119dzy monarch\u0105 a pierwsz\u0105 dam\u0105 USA. Ten symboliczny gest szybko sta\u0142 si\u0119 jednym z najbardziej do tej pory komentowanych element\u00f3w wizyty, podkre\u015blaj\u0105c osobisty, a nie tylko dyplomatyczny wymiar spotkania. Wizerunkowo wydarzenie to wpisuje si\u0119 w narracj\u0119 o ociepleniu relacji mi\u0119dzy oboma krajami, kt\u00f3re w ostatnich miesi\u0105cach by\u0142y napi\u0119te.<\/p>\n\n\n\n<p>Po oficjalnym powitaniu gospodarze zaprosili brytyjsk\u0105 par\u0119 kr\u00f3lewsk\u0105 na herbat\u0119. Nast\u0119pnie Donald Trump i jego \u017cona pokazali go\u015bciom pasiek\u0119 znajduj\u0105c\u0105 si\u0119 na terenie rezydencji. To w\u0142a\u015bnie tam niedawno zaprezentowano nowy ul w kszta\u0142cie miniaturowego Bia\u0142ego Domu. Ten mniej formalny punkt programu mia\u0142 podkre\u015bli\u0107 przyjazn\u0105 atmosfer\u0119 spotkania i nada\u0107 wizycie bardziej osobisty charakter.<br><\/p>\n\n\n\n<blockquote class=\"twitter-tweet\" data-media-max-width=\"560\"><p lang=\"en\" dir=\"ltr\">JUST IN: President Donald J. Trump and the First Lady welcome King Charles and Queen Consort Camilla to the White House \ud83c\uddfa\ud83c\uddf8\ud83c\uddec\ud83c\udde7<a href=\"https:\/\/twitter.com\/hashtag\/trump?src=hash&amp;ref_src=twsrc%5Etfw\">#trump<\/a> <a href=\"https:\/\/t.co\/Zsh2fj6Rxn\">pic.twitter.com\/Zsh2fj6Rxn<\/a><\/p>&mdash; Harshvardhan Ram\ud83c\uddef\ud83c\uddf5\ud83c\uddf9\ud83c\udded\ud83c\uddec\ud83c\udde7  (@FaaltuBooi7) <a href=\"https:\/\/twitter.com\/FaaltuBooi7\/status\/2049013632365985889?ref_src=twsrc%5Etfw\">April 28, 2026<\/a><\/blockquote> <script async src=\"https:\/\/platform.twitter.com\/widgets.js\" charset=\"utf-8\"><\/script>\n\n\n\n<p>Wizyta pe\u0142na symboli i wa\u017cnych wydarze\u0144 dyplomatycznych<br>Wizyta Karola III ma charakter nie tylko kurtuazyjny, ale r\u00f3wnie\u017c g\u0142\u0119boko symboliczny. Jest to jego pierwsza podr\u00f3\u017c do Stan\u00f3w Zjednoczonych jako monarchy, co nadaje jej szczeg\u00f3lne znaczenie w relacjach transatlantyckich. Dodatkowo przypada ona na obchody 250. rocznicy powstania USA, co jeszcze bardziej podkre\u015bla historyczny wymiar wydarzenia.<\/p>\n\n\n\n<p>Po spotkaniu w Bia\u0142ym Domu para kr\u00f3lewska uda\u0142a si\u0119 na przyj\u0119cie do rezydencji brytyjskiego ambasadora w Waszyngtonie. W kolejnych dniach zaplanowano szereg wydarze\u0144, w tym a\u017c trzy spotkania z Donaldem Trumpem. Jednym z kluczowych punkt\u00f3w wizyty ma by\u0107 przem\u00f3wienie kr\u00f3la przed po\u0142\u0105czonymi izbami Kongresu. Jak podaje agencja AFP, oczekuje si\u0119, \u017ce monarcha b\u0119dzie wzywa\u0142 do &#8220;pojednania i odnowy\u201d w relacjach mi\u0119dzy Stanami Zjednoczonymi a Wielk\u0105 Brytani\u0105.<\/p>\n\n\n\n<p>Wyst\u0105pienie to b\u0119dzie mia\u0142o historyczny charakter \u2013 ostatni raz brytyjski monarcha przemawia\u0142 przed ameryka\u0144skim Kongresem w 1991 roku. W\u00f3wczas by\u0142a to El\u017cbieta II. Obecne przem\u00f3wienie Karola III mo\u017ce wi\u0119c stanowi\u0107 wa\u017cny moment w budowaniu nowego etapu relacji mi\u0119dzy pa\u0144stwami.<br><\/p>\n\n\n\n<p>W tle napi\u0119cia polityczne i pr\u00f3ba odbudowy relacji<br>Cho\u0107 oficjalny program wizyty skupia si\u0119 na wydarzeniach ceremonialnych, jej znaczenie polityczne jest nie do przecenienia. W ostatnim czasie relacje mi\u0119dzy USA a Wielk\u0105 Brytani\u0105 uleg\u0142y pogorszeniu, m.in. w zwi\u0105zku z krytycznymi wypowiedziami Donalda Trumpa pod adresem brytyjskiego premiera Keira Starmera.<\/p>\n\n\n\n<p>W tym kontek\u015bcie obecno\u015b\u0107 monarchy ma pe\u0142ni\u0107 rol\u0119 \u0142agodz\u0105c\u0105 napi\u0119cia. Karol III, jako g\u0142owa pa\u0144stwa stoj\u0105ca ponad bie\u017c\u0105c\u0105 polityk\u0105, mo\u017ce pom\u00f3c w odbudowie dialogu i zaufania mi\u0119dzy partnerami. Wizyta jest postrzegana jako szansa na wzmocnienie relacji mi\u0119dzy Londynem a Waszyngtonem, a tak\u017ce na popraw\u0119 wsp\u00f3\u0142pracy w ramach NATO.<\/p>\n\n\n\n<p>Program wizyty obejmuje r\u00f3wnie\u017c elementy o charakterze symbolicznym i spo\u0142ecznym. Kr\u00f3l planuje odwiedzi\u0107 park narodowy w Wirginii \u2013 najprawdopodobniej Shenandoah National Park \u2013 oraz odda\u0107 ho\u0142d ofiarom zamach\u00f3w z 11 wrze\u015bnia w Nowym Jorku. W planie jest tak\u017ce spotkanie z burmistrzem miasta, Zohranem Mamdanim.<\/p>\n\n\n\n<p>Te dzia\u0142ania pokazuj\u0105, \u017ce za oficjalnymi uroczysto\u015bciami kryje si\u0119 szerszy cel \u2013 nie tylko dyplomatyczne ocieplenie relacji, ale tak\u017ce podkre\u015blenie wsp\u00f3lnych warto\u015bci i historycznych wi\u0119zi mi\u0119dzy Stanami Zjednoczonymi a Wielk\u0105 Brytani\u0105.<br><\/p>\n","protected":false},"excerpt":{"rendered":"Kr\u00f3l Karol III rozpocz\u0105\u0142 pierwsz\u0105 wizyt\u0119 w USA jako monarcha, spotykaj\u0105c si\u0119 z prezydentem Donaldem Trumpem. Symboliczne powitanie w Bia\u0142ym Domu ma znaczenie \n<a class=\"moretag\" href=\"https:\/\/time24.pl.ua\/?p=11495\"> [...]<\/a>","protected":false},"author":1,"featured_media":11496,"comment_status":"open","ping_status":"open","sticky":false,"template":"","format":"standard","meta":{"footnotes":""},"categories":[1],"tags":[],"class_list":["post-11495","post","type-post","status-publish","format-standard","has-post-thumbnail","hentry","category-blog"],"_links":{"self":[{"href":"https:\/\/time24.pl.ua\/index.php?rest_route=\/wp\/v2\/posts\/11495","targetHints":{"allow":["GET"]}}],"collection":[{"href":"https:\/\/time24.pl.ua\/index.php?rest_route=\/wp\/v2\/posts"}],"about":[{"href":"https:\/\/time24.pl.ua\/index.php?rest_route=\/wp\/v2\/types\/post"}],"author":[{"embeddable":true,"href":"https:\/\/time24.pl.ua\/index.php?rest_route=\/wp\/v2\/users\/1"}],"replies":[{"embeddable":true,"href":"https:\/\/time24.pl.ua\/index.php?rest_route=%2Fwp%2Fv2%2Fcomments&post=11495"}],"version-history":[{"count":1,"href":"https:\/\/time24.pl.ua\/index.php?rest_route=\/wp\/v2\/posts\/11495\/revisions"}],"predecessor-version":[{"id":11497,"href":"https:\/\/time24.pl.ua\/index.php?rest_route=\/wp\/v2\/posts\/11495\/revisions\/11497"}],"wp:featuredmedia":[{"embeddable":true,"href":"https:\/\/time24.pl.ua\/index.php?rest_route=\/wp\/v2\/media\/11496"}],"wp:attachment":[{"href":"https:\/\/time24.pl.ua\/index.php?rest_route=%2Fwp%2Fv2%2Fmedia&parent=11495"}],"wp:term":[{"taxonomy":"category","embeddable":true,"href":"https:\/\/time24.pl.ua\/index.php?rest_route=%2Fwp%2Fv2%2Fcategories&post=11495"},{"taxonomy":"post_tag","embeddable":true,"href":"https:\/\/time24.pl.ua\/index.php?rest_route=%2Fwp%2Fv2%2Ftags&post=11495"}],"curies":[{"name":"wp","href":"https:\/\/api.w.org\/{rel}","templated":true}]}}