{"id":11492,"date":"2026-04-28T09:07:26","date_gmt":"2026-04-28T09:07:26","guid":{"rendered":"https:\/\/time24.pl.ua\/?p=11492"},"modified":"2026-04-28T09:07:26","modified_gmt":"2026-04-28T09:07:26","slug":"nie-zyje-ceniona-polska-dziennikarka-przez-lata-pracowala-w-rmf-fm-czy-radiu-zet","status":"publish","type":"post","link":"https:\/\/time24.pl.ua\/?p=11492","title":{"rendered":"Nie \u017cyje ceniona polska dziennikarka. Przez lata pracowa\u0142a w RMF FM czy Radiu Zet"},"content":{"rendered":"\n<p>Nie \u017cyje znana dziennikarka radiowa i dietetyczka, przez lata zwi\u0105zana z czo\u0142owymi polskimi rozg\u0142o\u015bniami. Informacja o jej nag\u0142ej \u015bmierci poruszy\u0142a \u015brodowisko medialne. Mia\u0142a 48 lat. Wiadomo\u015b\u0107 o jej odej\u015bciu szybko obieg\u0142a media spo\u0142eczno\u015bciowe, wywo\u0142uj\u0105c fal\u0119 wspomnie\u0144 i kondolencji.<\/p>\n\n\n\n<p>Nie \u017cyje znana dziennikarka radiowa. Mia\u0142a 48 lat<br>Nie \u017cyje Monika Selimi-Soko\u0142owska \u2013 dziennikarka i dietetyczka, kt\u00f3ra przez lata by\u0142a zwi\u0105zana z najwi\u0119kszymi stacjami radiowymi w Polsce, w tym z Radio ZET oraz RMF FM. Informacje o jej \u015bmierci pojawi\u0142y si\u0119 w mediach spo\u0142eczno\u015bciowych i zosta\u0142y przekazane przez osoby zwi\u0105zane z grup\u0105 RMF. Jak podano, zmar\u0142a nagle w miniony pi\u0105tek w wieku 48 lat.<\/p>\n\n\n\n<p>Selimi-Soko\u0142owska by\u0142a absolwentk\u0105 Uniwersytetu Jagiello\u0144skiego Collegium Medicum. Informacja o jej \u015bmierci wywo\u0142a\u0142a liczne reakcje w \u015brodowisku dziennikarskim, cho\u0107 przyczyna zgonu nie zosta\u0142a dot\u0105d ujawniona.<\/p>\n\n\n\n<p>&nbsp;Wsp\u00f3\u0142pracownicy i znajomi podkre\u015blaj\u0105 jej profesjonalizm oraz zaanga\u017cowanie zar\u00f3wno w prac\u0119 medialn\u0105, jak i dzia\u0142alno\u015b\u0107 zwi\u0105zan\u0105 z dietetyk\u0105. W mediach spo\u0142eczno\u015bciowych pojawi\u0142o si\u0119 wiele wpis\u00f3w, w kt\u00f3rych \u017cegnana jest jako osoba pe\u0142na pasji i oddana swojej pracy.<\/p>\n\n\n\n<iframe loading=\"lazy\" src=\"https:\/\/www.facebook.com\/plugins\/post.php?href=https%3A%2F%2Fwww.facebook.com%2Fmarek.rusinek.9%2Fposts%2Fpfbid0aR9RG8D1Zj5pWGSfTGeG8DT8CresqV2irPzCqXn9Zyc8YBYM1WrTpSsusc3sZGBql&#038;show_text=true&#038;width=500\" width=\"500\" height=\"502\" style=\"border:none;overflow:hidden\" scrolling=\"no\" frameborder=\"0\" allowfullscreen=\"true\" allow=\"autoplay; clipboard-write; encrypted-media; picture-in-picture; web-share\"><\/iframe>\n\n\n\n<p>Kariera radiowa i telewizyjna \u2013 od nocnych audycji po og\u00f3lnopolskie programy<br>Kariera Moniki Selimi-Soko\u0142owskiej rozpocz\u0119\u0142a si\u0119 w po\u0142owie lat 90., kiedy to zacz\u0119\u0142a prac\u0119 w Radiu Plus. Tam zdobywa\u0142a pierwsze do\u015bwiadczenia, prowadz\u0105c audycje nocne, kt\u00f3re cz\u0119sto stanowi\u0105 wa\u017cny etap w rozwoju dziennikarzy radiowych. Z czasem jej kompetencje i do\u015bwiadczenie pozwoli\u0142y jej na przej\u015bcie do og\u00f3lnopolskich stacji.<\/p>\n\n\n\n<p>W Radio ZET pracowa\u0142a jako wydawczyni i producentka jednego z najwa\u017cniejszych program\u00f3w stacji \u2013 porannego pasma &#8220;Dzie\u0144 dobry bardzo\u201d. To w\u0142a\u015bnie poranki radiowe s\u0105 jednym z kluczowych element\u00f3w ram\u00f3wki, wymagaj\u0105cym du\u017cej dynamiki, precyzji i umiej\u0119tno\u015bci pracy pod presj\u0105 czasu. Jej praca przy tym programie \u015bwiadczy\u0142a o du\u017cym zaufaniu ze strony redakcji.<\/p>\n\n\n\n<p>Kolejnym wa\u017cnym etapem by\u0142a wsp\u00f3\u0142praca z RMF FM, gdzie prowadzi\u0142a zar\u00f3wno audycje nocne, jak i poranne. R\u00f3wnolegle by\u0142a zwi\u0105zana z RMF Maxxx, gdzie prowadzi\u0142a audycje przedpo\u0142udniowe, w tym cykl \u201cByle do obiadu\u201d. Jej aktywno\u015b\u0107 nie ogranicza\u0142a si\u0119 jednak wy\u0142\u0105cznie do radia \u2013 pojawia\u0142a si\u0119 tak\u017ce w telewizji jako wsp\u00f3\u0142prowadz\u0105ca program \u201dBez recepty\u201d emitowany na antenie TTV.<\/p>\n\n\n\n<p>Dzi\u0119ki pracy w r\u00f3\u017cnych mediach \u2013 radiu i telewizji \u2013 by\u0142a rozpoznawalna zar\u00f3wno w\u015br\u00f3d s\u0142uchaczy, jak i widz\u00f3w. Jej dzia\u0142alno\u015b\u0107 obejmowa\u0142a zar\u00f3wno formaty rozrywkowe, jak i edukacyjne, co \u015bwiadczy o szerokim zakresie kompetencji.<\/p>\n\n\n\n<p>Ratowa\u0142a zdrowie innych. Jej druga misja i ostatnie po\u017cegnanie<br>R\u00f3wnolegle z karier\u0105 medialn\u0105 Monika Selimi-Soko\u0142owska rozwija\u0142a dzia\u0142alno\u015b\u0107 w obszarze zdrowia i \u017cywienia. By\u0142a dietetyczk\u0105 kliniczn\u0105, specjalizuj\u0105c\u0105 si\u0119 w pracy z pacjentami wymagaj\u0105cymi wsparcia dietetycznego w przebiegu r\u00f3\u017cnych chor\u00f3b. Jej podej\u015bcie opiera\u0142o si\u0119 na indywidualnym dopasowaniu diety do potrzeb zdrowotnych, co jest kluczowym elementem wsp\u00f3\u0142czesnej dietetyki klinicznej.<\/p>\n\n\n\n<p>Prowadzi\u0142a konsultacje oraz dzia\u0142alno\u015b\u0107 szkoleniow\u0105, dziel\u0105c si\u0119 wiedz\u0105 z innymi specjalistami. Jej firma by\u0142a miejscem edukacji dla os\u00f3b pracuj\u0105cych w bran\u017cy zdrowia i \u017cywienia. Jak podano, mia\u0142a r\u00f3wnie\u017c dorobek naukowy, obejmuj\u0105cy publikacje zwi\u0105zane z dietetyk\u0105. Dzi\u0119ki temu \u0142\u0105czy\u0142a praktyk\u0119 kliniczn\u0105 z dzia\u0142alno\u015bci\u0105 edukacyjn\u0105 i medialn\u0105.<\/p>\n\n\n\n<p>W sieci pojawi\u0142y si\u0119 ju\u017c informacje dotycz\u0105ce uroczysto\u015bci pogrzebowych. Ostatnie po\u017cegnanie dziennikarki odb\u0119dzie si\u0119 4 maja o godzinie 14:00 w kaplicy na cmentarzu komunalnym w Wieliczka pod Krakowem. Na ten moment nie ujawniono przyczyny jej \u015bmierci.<\/p>\n\n\n\n<p>Jej odej\u015bcie stanowi strat\u0119 zar\u00f3wno dla \u015brodowiska medialnego, jak i dla os\u00f3b zwi\u0105zanych z dietetyk\u0105 i edukacj\u0105 zdrowotn\u0105.<br><\/p>\n","protected":false},"excerpt":{"rendered":"Nie \u017cyje znana dziennikarka radiowa i dietetyczka, przez lata zwi\u0105zana z czo\u0142owymi polskimi rozg\u0142o\u015bniami. Informacja o jej nag\u0142ej \u015bmierci poruszy\u0142a \u015brodowisko medialne. Mia\u0142a \n<a class=\"moretag\" href=\"https:\/\/time24.pl.ua\/?p=11492\"> [...]<\/a>","protected":false},"author":1,"featured_media":11493,"comment_status":"open","ping_status":"open","sticky":false,"template":"","format":"standard","meta":{"footnotes":""},"categories":[1],"tags":[],"class_list":["post-11492","post","type-post","status-publish","format-standard","has-post-thumbnail","hentry","category-blog"],"_links":{"self":[{"href":"https:\/\/time24.pl.ua\/index.php?rest_route=\/wp\/v2\/posts\/11492","targetHints":{"allow":["GET"]}}],"collection":[{"href":"https:\/\/time24.pl.ua\/index.php?rest_route=\/wp\/v2\/posts"}],"about":[{"href":"https:\/\/time24.pl.ua\/index.php?rest_route=\/wp\/v2\/types\/post"}],"author":[{"embeddable":true,"href":"https:\/\/time24.pl.ua\/index.php?rest_route=\/wp\/v2\/users\/1"}],"replies":[{"embeddable":true,"href":"https:\/\/time24.pl.ua\/index.php?rest_route=%2Fwp%2Fv2%2Fcomments&post=11492"}],"version-history":[{"count":1,"href":"https:\/\/time24.pl.ua\/index.php?rest_route=\/wp\/v2\/posts\/11492\/revisions"}],"predecessor-version":[{"id":11494,"href":"https:\/\/time24.pl.ua\/index.php?rest_route=\/wp\/v2\/posts\/11492\/revisions\/11494"}],"wp:featuredmedia":[{"embeddable":true,"href":"https:\/\/time24.pl.ua\/index.php?rest_route=\/wp\/v2\/media\/11493"}],"wp:attachment":[{"href":"https:\/\/time24.pl.ua\/index.php?rest_route=%2Fwp%2Fv2%2Fmedia&parent=11492"}],"wp:term":[{"taxonomy":"category","embeddable":true,"href":"https:\/\/time24.pl.ua\/index.php?rest_route=%2Fwp%2Fv2%2Fcategories&post=11492"},{"taxonomy":"post_tag","embeddable":true,"href":"https:\/\/time24.pl.ua\/index.php?rest_route=%2Fwp%2Fv2%2Ftags&post=11492"}],"curies":[{"name":"wp","href":"https:\/\/api.w.org\/{rel}","templated":true}]}}