{"id":11480,"date":"2026-04-27T12:43:54","date_gmt":"2026-04-27T12:43:54","guid":{"rendered":"https:\/\/time24.pl.ua\/?p=11480"},"modified":"2026-04-27T12:43:54","modified_gmt":"2026-04-27T12:43:54","slug":"szokujace-nowe-fakty-w-sprawie-smierci-leppera-czy-to-bylo-morderstwo-doskonale","status":"publish","type":"post","link":"https:\/\/time24.pl.ua\/?p=11480","title":{"rendered":"Szokuj\u0105ce nowe fakty w sprawie \u015bmierci Leppera! Czy to by\u0142o morderstwo doskona\u0142e?"},"content":{"rendered":"\n<p><strong>Pami\u0119tam ten sierpie\u0144 2011 roku, jakby to by\u0142o wczoraj. Upa\u0142 la\u0142 si\u0119 z nieba, a media nagle przerwa\u0142y nadawanie program\u00f3w rozrywkowych, by poda\u0107 informacj\u0119, kt\u00f3ra wmurowa\u0142a nas wszystkich w fotele.<\/strong><\/p>\n\n\n\n<p><strong> Andrzej Lepper nie \u017cyje. Lider Samoobrony, cz\u0142owiek, kt\u00f3ry trz\u0105s\u0142 polsk\u0105 polityk\u0105, nagle znika w tak dramatycznych okoliczno\u015bciach? Ju\u017c wtedy czu\u0142am, \u017ce co\u015b tu nie gra. Dzi\u015b, po latach, temat wraca na czo\u0142\u00f3wki gazet i powiem wam szczerze \u2013 nowe doniesienia sprawiaj\u0105, \u017ce w\u0142os je\u017cy mi si\u0119 na g\u0142owie.<\/strong><\/p>\n\n\n\n<p>Sprawa \u015bmierci by\u0142ego wicepremiera to gotowy scenariusz na thriller polityczny, ale niestety, to wydarzy\u0142o si\u0119 naprawd\u0119. Oficjalna wersja? Samob\u00f3jstwo. Ale czy na pewno? Janusz Kaczmarek, by\u0142y szef MSW, wyci\u0105ga na \u015bwiat\u0142o dzienne fakty, kt\u00f3re kompletnie burz\u0105 ten obraz. <\/p>\n\n\n\n<p>Je\u015bli my\u015bleli\u015bcie, \u017ce wiecie wszystko o tej sprawie, to usi\u0105d\u017acie wygodnie. Mam dla was gar\u015b\u0107 informacji, kt\u00f3re mog\u0105 zmieni\u0107 wasze postrzeganie historii III RP.<\/p>\n\n\n\n<h2 class=\"wp-block-heading\"><strong>Samob\u00f3jstwo czy inscenizacja? Co wydarzy\u0142o si\u0119 w biurze Samoobrony?<\/strong><\/h2>\n\n\n\n<p>Zacznijmy od podstaw. Andrzej Lepper zgin\u0105\u0142 w swoim biurze w Warszawie. Znaleziono go martwego, powieszonego. Policja i prokuratura do\u015b\u0107 szybko przyj\u0119\u0142y wersj\u0119 o targni\u0119ciu si\u0119 na w\u0142asne \u017cycie. M\u00f3wili o problemach, d\u0142ugach, depresji. Brzmi logicznie, prawda? W ko\u0144cu ka\u017cdy ma swoje granice wytrzyma\u0142o\u015bci. Ale im g\u0142\u0119biej wchodzimy w ten las, tym wi\u0119cej pyta\u0144 si\u0119 pojawia.<\/p>\n\n\n\n<p>Janusz Kaczmarek, cz\u0142owiek, kt\u00f3ry zjad\u0142 z\u0119by na sprawach kryminalnych i politycznych, nie kupuje tej historii w ca\u0142o\u015bci. I ja mu si\u0119 wcale nie dziwi\u0119. W rozmowie z portalem Goniec.pl rzuci\u0142 nowe \u015bwiat\u0142o na detale, kt\u00f3re \u015bledczy \u2013 celowo lub przez niedbalstwo \u2013 mogli zbagatelizowa\u0107.<\/p>\n\n\n\n<p>Kaczmarek zwraca uwag\u0119 na procedury. Kiedy ginie kto\u015b tak wa\u017cny, by\u0142y wicepremier rz\u0105du, machina pa\u0144stwowa powinna dzia\u0142a\u0107 jak w szwajcarskim zegarku. Tymczasem tutaj mamy seri\u0119 dziwnych \u201ezbieg\u00f3w okoliczno\u015bci\u201d. Czy to nie zastanawiaj\u0105ce, \u017ce wok\u00f3\u0142 tak g\u0142o\u015bnej \u015bmierci naros\u0142o tyle w\u0105tpliwo\u015bci? IMO, w polityce nie ma przypadk\u00f3w.<\/p>\n\n\n\n<h2 class=\"wp-block-heading\"><strong>Op\u00f3\u017aniona sekcja zw\u0142ok \u2013 b\u0142\u0105d czy celowe dzia\u0142anie?<\/strong><\/h2>\n\n\n\n<p>To jest punkt, kt\u00f3ry kompletnie mnie zszokowa\u0142.&nbsp;<strong>Sekcj\u0119 zw\u0142ok Andrzeja Leppera wykonano dopiero trzy dni po jego \u015bmierci.<\/strong>&nbsp;Rozumiecie to? Trzy dni! W przypadku \u015bmierci osoby o takim statusie, zazwyczaj patolodzy wchodz\u0105 do gry b\u0142yskawicznie, cz\u0119sto jeszcze tej samej nocy. Czas to klucz, zw\u0142aszcza je\u015bli chcemy wykry\u0107 ewentualne substancje chemiczne w organizmie, kt\u00f3re mog\u0142yby szybko si\u0119 ulotni\u0107.<\/p>\n\n\n\n<p>Kaczmarek punktuje to bezlito\u015bnie. Jako adwokat i by\u0142y minister wie, \u017ce takie op\u00f3\u017anienie w sprawie tej rangi jest absolutnie niespotykane. Dlaczego zwlekano? Czy komu\u015b zale\u017ca\u0142o na tym, aby pewne \u015blady zatar\u0142 czas? To pytanie retoryczne, ale odpowied\u017a narzuca si\u0119 sama.<\/p>\n\n\n\n<p>Ka\u017cda godzina zw\u0142oki w badaniu cia\u0142a to prezent dla kogo\u015b, kto m\u00f3g\u0142by chcie\u0107 ukry\u0107 prawd\u0119. Je\u015bli Lepper zosta\u0142by np. odurzony przed \u015bmierci\u0105, czas dzia\u0142a\u0142 na korzy\u015b\u0107 sprawc\u00f3w. To nie s\u0105 moje domys\u0142y, to twarda logika kryminalistyczna.<\/p>\n\n\n\n<h2 class=\"wp-block-heading\"><strong>Otwarte okno, rusztowania i\u2026 gdzie s\u0105 buty?<\/strong><\/h2>\n\n\n\n<p>Teraz przejd\u017amy do sceny, kt\u00f3r\u0105 zastali \u015bledczy. To brzmi jak opis z powie\u015bci Agathy Christie, a nie raport policyjny. Biuro Samoobrony. Cia\u0142o w \u0142azience. A co dzieje si\u0119 wok\u00f3\u0142?<\/p>\n\n\n\n<ul class=\"wp-block-list\">\n<li><strong>Otwarte okno:<\/strong>\u00a0W pomieszczeniach biurowych znaleziono otwarte okno.<\/li>\n\n\n\n<li><strong>Rusztowania:<\/strong>\u00a0Na zewn\u0105trz budynku, akurat przy tym oknie, sta\u0142y rusztowania.<\/li>\n\n\n\n<li><strong>\u015alady:<\/strong>\u00a0Na tych rusztowaniach i przy oknie zabezpieczono \u015blady but\u00f3w.<\/li>\n<\/ul>\n\n\n\n<p>Wyobra\u017acie to sobie. Kto\u015b ma dost\u0119p do biura z zewn\u0105trz, po rusztowaniu, przez otwarte okno. Czy to nie idealna droga wej\u015bcia i wyj\u015bcia dla kogo\u015b, kto nie chcia\u0142 zosta\u0107 zauwa\u017cony przez kamery na korytarzach czy recepcj\u0119?<\/p>\n\n\n\n<p>Ale najdziwniejszy detal zostawi\u0142am na koniec.&nbsp;<strong>W \u0142azience, gdzie rzekomo powiesi\u0142 si\u0119 Lepper, nie znaleziono jego but\u00f3w.<\/strong>&nbsp;Gdzie one by\u0142y? I dlaczego polityk mia\u0142by je zdejmowa\u0107 tu\u017c przed \u015bmierci\u0105? A mo\u017ce kto\u015b go tam zaci\u0105gn\u0105\u0142? Kaczmarek s\u0142usznie zauwa\u017ca, \u017ce te elementy pasuj\u0105 bardziej do inscenizacji samob\u00f3jstwa ni\u017c do faktycznego aktu desperacji. To s\u0105 te detale, kt\u00f3re nie daj\u0105 spa\u0107 po nocach. :\/<\/p>\n\n\n\n<h2 class=\"wp-block-heading\"><strong>Ostatnia rozmowa z \u017con\u0105: \u201eCiekawe spotkanie\u201d, kt\u00f3re mia\u0142o zmieni\u0107 wszystko<\/strong><\/h2>\n\n\n\n<p>Je\u015bli dowody fizyczne was nie przekonuj\u0105, to pos\u0142uchajcie o psychologii. Andrzej Lepper rozmawia\u0142 z \u017con\u0105 w pi\u0105tek. Nie brzmia\u0142 jak cz\u0142owiek \u017cegnaj\u0105cy si\u0119 ze \u015bwiatem. Wr\u0119cz przeciwnie! By\u0142 podekscytowany.<\/p>\n\n\n\n<p>Wspomina\u0142 o jakim\u015b \u201eciekawym spotkaniu\u201d, kt\u00f3re mia\u0142o odby\u0107 si\u0119 wkr\u00f3tce. Powiedzia\u0142 jej co\u015b, co dzi\u015b brzmi jak mroczna przepowiednia:&nbsp;<strong>\u201eW poniedzia\u0142ek wszystko ci wyja\u015bni\u0119, to spotkanie mo\u017ce odmieni\u0107 nasze \u017cycie\u201d.<\/strong><\/p>\n\n\n\n<p>Czy cz\u0142owiek planuj\u0105cy samob\u00f3jstwo umawia si\u0119 na poniedzia\u0142ek? Czy m\u00f3wi o zmianie \u017cycia na lepsze? Raczej zamyka sprawy, a nie otwiera nowe rozdzia\u0142y. Ta rozmowa to dla mnie klucz. Lepper mia\u0142 nadziej\u0119. Mia\u0142 plan. Mia\u0142 wiedz\u0119, kt\u00f3r\u0105 chcia\u0142 wykorzysta\u0107. I by\u0107 mo\u017ce w\u0142a\u015bnie ta wiedza kosztowa\u0142a go \u017cycie.<\/p>\n\n\n\n<p>Los \u2013 a mo\u017ce kto\u015b inny \u2013 sprawi\u0142, \u017ce to wyja\u015bnienie nigdy nie nast\u0105pi\u0142o. Ta rozmowa telefoniczna to jeden z tych element\u00f3w uk\u0142adanki, kt\u00f3ry kompletnie nie pasuje do obrazka pod tytu\u0142em \u201edepresja i samob\u00f3jstwo\u201d.<\/p>\n\n\n\n<h3 class=\"wp-block-heading\"><strong>Dziwne zachowanie w weekend przed \u015bmierci\u0105<\/strong><\/h3>\n\n\n\n<p>Analizuj\u0105c te nowe doniesienia, warto spojrze\u0107 na ca\u0142y ten ostatni weekend. Lepper zosta\u0142 sam w biurze. Dlaczego? Zazwyczaj otaczali go ludzie. Tym razem by\u0142 izolowany. Kaczmarek sugeruje, \u017ce ta samotno\u015b\u0107 mog\u0142a nie by\u0107 przypadkowa. To idealny moment dla kogo\u015b, kto chcia\u0142 go dopa\u015b\u0107.<\/p>\n\n\n\n<h2 class=\"wp-block-heading\"><strong>D\u0142ugi, depresja i upadek \u2013 dlaczego uwierzyli\u015bmy w samob\u00f3jstwo?<\/strong><\/h2>\n\n\n\n<p>Oczywi\u015bcie, musimy by\u0107 uczciwi. Zwolennicy oficjalnej wersji maj\u0105 swoje argumenty i nie mo\u017cna ich ca\u0142kowicie zignorowa\u0107. Andrzej Lepper nie by\u0142 w tamtym momencie kr\u00f3lem \u017cycia.<\/p>\n\n\n\n<p>Sytuacja polityka wygl\u0105da\u0142a fatalnie:<\/p>\n\n\n\n<ol class=\"wp-block-list\">\n<li><strong>Problemy finansowe:<\/strong>\u00a0Mia\u0142 gigantyczne d\u0142ugi, komornicy pukali do drzwi.<\/li>\n\n\n\n<li><strong>Marginalizacja polityczna:<\/strong>\u00a0Jego partia, Samoobrona, by\u0142a cieniem samej siebie. Z wicepremiera sta\u0142 si\u0119 politycznym outsiderem.<\/li>\n\n\n\n<li><strong>Problemy rodzinne:<\/strong>\u00a0Choroba syna bardzo go przyt\u0142acza\u0142a.<\/li>\n<\/ol>\n\n\n\n<p>To wszystko sk\u0142ada si\u0119 na obraz cz\u0142owieka w kryzysie. Stres, presja, poczucie pora\u017cki \u2013 to pot\u0119\u017cne demony. Prokuratura opar\u0142a si\u0119 na tych faktach, buduj\u0105c narracj\u0119 o za\u0142amaniu nerwowym.<\/p>\n\n\n\n<p>Jednak Janusz Kaczmarek, jako do\u015bwiadczony prokurator i adwokat, widzi to inaczej. Przyznaje wprost: w swojej karierze widzia\u0142 mn\u00f3stwo \u201esamob\u00f3jstw\u201d, kt\u00f3re po dok\u0142adnym zbadaniu okazywa\u0142y si\u0119 morderstwami upozorowanymi na samob\u00f3jstwo. Cz\u0119sto motywem \u201esamob\u00f3jcy\u201d rzekomo by\u0142y d\u0142ugi, a okazywa\u0142o si\u0119, \u017ce kto\u015b po prostu \u201epom\u00f3g\u0142\u201d mu w podj\u0119ciu decyzji. Czy tak by\u0142o i tym razem?<\/p>\n\n\n\n<h2 class=\"wp-block-heading\"><strong>Dlaczego Kaczmarek m\u00f3wi o tym teraz?<\/strong><\/h2>\n\n\n\n<p>Zastanawiacie si\u0119 pewnie, dlaczego te informacje wyp\u0142ywaj\u0105 teraz, albo dlaczego wracamy do nich z tak\u0105 si\u0142\u0105? Sprawa Leppera to nie jest zwyk\u0142a historia kryminalna. To rana na polskiej demokracji, kt\u00f3ra nigdy si\u0119 nie zagoi\u0142a.<\/p>\n\n\n\n<p>Janusz Kaczmarek, cytowany przez media, nie rzuca s\u0142\u00f3w na wiatr. On wskazuje na&nbsp;<strong>konkretne b\u0142\u0119dy w sztuce \u015bledczej<\/strong>. M\u00f3wi o braku zabezpieczenia \u015blad\u00f3w, o zbyt szybkim przyj\u0119ciu jednej wersji wydarze\u0144 i odrzuceniu innych trop\u00f3w.<\/p>\n\n\n\n<p>Dla mnie, jako obserwatorki \u017cycia publicznego, to sygna\u0142, \u017ce sprawa wcale nie jest zamkni\u0119ta. Mo\u017ce prawnie tak, ale moralnie i historycznie? Absolutnie nie. Kiedy autorytet taki jak by\u0142y szef MSW m\u00f3wi \u201esprawdzam\u201d i wytyka absurdy \u015bledztwa (jak te nieszcz\u0119sne buty czy rusztowanie), to powinna nam si\u0119 zapali\u0107 czerwona lampka.<\/p>\n\n\n\n<h2 class=\"wp-block-heading\"><strong>Tajemnica, kt\u00f3ra zostanie z nami na zawsze?<\/strong><\/h2>\n\n\n\n<p>Dzi\u015b cia\u0142o Andrzeja Leppera spoczywa na cmentarzu w Krupach. Cisza nad grobem kontrastuje z ha\u0142asem, jaki wci\u0105\u017c wywo\u0142uje jego nazwisko. Niezale\u017cnie od tego, czy wierzycie w samob\u00f3jstwo, czy w morderstwo, jedno jest pewne: ta \u015bmier\u0107 by\u0142a wygodna dla wielu os\u00f3b.<\/p>\n\n\n\n<p>Lepper wiedzia\u0142 za du\u017co? To klasyczny motyw. Mia\u0142 \u201ekwity\u201d na wa\u017cnych ludzi? Bardzo prawdopodobne. A mo\u017ce po prostu nie wytrzyma\u0142 presji? Tego te\u017c nie mo\u017cemy wykluczy\u0107 w 100%.<\/p>\n\n\n\n<p>Ale sp\u00f3jrzmy prawdzie w oczy \u2013 te nowe fakty o otwartym oknie, braku but\u00f3w i op\u00f3\u017anionej sekcji zw\u0142ok to nie s\u0105 drobnostki. To pot\u0119\u017cne wyrwy w oficjalnej narracji. Kiedy dodamy do tego tajemnicze \u201espotkanie\u201d, o kt\u00f3rym m\u00f3wi\u0142 \u017conie, obraz samob\u00f3jcy z wyboru zaczyna si\u0119 zaciera\u0107.<\/p>\n\n\n\n<p>Mam wra\u017cenie, \u017ce prawda o \u015bmierci Andrzeja Leppera le\u017cy gdzie\u015b g\u0142\u0119boko ukryta w aktach, do kt\u00f3rych zwykli \u015bmiertelnicy nie maj\u0105 dost\u0119pu, albo\u2026 zosta\u0142a zabrana do grobu przez samego zainteresowanego i, by\u0107 mo\u017ce, jego oprawc\u00f3w.<\/p>\n\n\n\n<p>FYI, je\u015bli my\u015blicie, \u017ce to koniec spekulacji, to jeste\u015bcie w b\u0142\u0119dzie. Ta sprawa b\u0119dzie wraca\u0107 jak bumerang. Za ka\u017cdym razem, gdy wyp\u0142ywa nowy \u015bwiadek lub nowy dokument, czuj\u0119 ten sam niepok\u00f3j co w 2011 roku.<\/p>\n\n\n\n<p>A wy co o tym s\u0105dzicie? Wierzycie w wersj\u0119 o za\u0142amaniu nerwowym, czy mo\u017ce argumenty Kaczmarka przekonuj\u0105 was, \u017ce dosz\u0142o do zbrodni doskona\u0142ej? Dajcie zna\u0107 w komentarzach, bo jestem niesamowicie ciekawa waszych teorii! \ud83d\ude42<\/p>\n","protected":false},"excerpt":{"rendered":"Pami\u0119tam ten sierpie\u0144 2011 roku, jakby to by\u0142o wczoraj. Upa\u0142 la\u0142 si\u0119 z nieba, a media nagle przerwa\u0142y nadawanie program\u00f3w rozrywkowych, by poda\u0107 \n<a class=\"moretag\" href=\"https:\/\/time24.pl.ua\/?p=11480\"> [...]<\/a>","protected":false},"author":1,"featured_media":11481,"comment_status":"open","ping_status":"open","sticky":false,"template":"","format":"standard","meta":{"footnotes":""},"categories":[1],"tags":[],"class_list":["post-11480","post","type-post","status-publish","format-standard","has-post-thumbnail","hentry","category-blog"],"_links":{"self":[{"href":"https:\/\/time24.pl.ua\/index.php?rest_route=\/wp\/v2\/posts\/11480","targetHints":{"allow":["GET"]}}],"collection":[{"href":"https:\/\/time24.pl.ua\/index.php?rest_route=\/wp\/v2\/posts"}],"about":[{"href":"https:\/\/time24.pl.ua\/index.php?rest_route=\/wp\/v2\/types\/post"}],"author":[{"embeddable":true,"href":"https:\/\/time24.pl.ua\/index.php?rest_route=\/wp\/v2\/users\/1"}],"replies":[{"embeddable":true,"href":"https:\/\/time24.pl.ua\/index.php?rest_route=%2Fwp%2Fv2%2Fcomments&post=11480"}],"version-history":[{"count":1,"href":"https:\/\/time24.pl.ua\/index.php?rest_route=\/wp\/v2\/posts\/11480\/revisions"}],"predecessor-version":[{"id":11482,"href":"https:\/\/time24.pl.ua\/index.php?rest_route=\/wp\/v2\/posts\/11480\/revisions\/11482"}],"wp:featuredmedia":[{"embeddable":true,"href":"https:\/\/time24.pl.ua\/index.php?rest_route=\/wp\/v2\/media\/11481"}],"wp:attachment":[{"href":"https:\/\/time24.pl.ua\/index.php?rest_route=%2Fwp%2Fv2%2Fmedia&parent=11480"}],"wp:term":[{"taxonomy":"category","embeddable":true,"href":"https:\/\/time24.pl.ua\/index.php?rest_route=%2Fwp%2Fv2%2Fcategories&post=11480"},{"taxonomy":"post_tag","embeddable":true,"href":"https:\/\/time24.pl.ua\/index.php?rest_route=%2Fwp%2Fv2%2Ftags&post=11480"}],"curies":[{"name":"wp","href":"https:\/\/api.w.org\/{rel}","templated":true}]}}