{"id":11471,"date":"2026-04-27T11:47:19","date_gmt":"2026-04-27T11:47:19","guid":{"rendered":"https:\/\/time24.pl.ua\/?p=11471"},"modified":"2026-04-27T11:47:19","modified_gmt":"2026-04-27T11:47:19","slug":"polityczny-upadek-w-brukseli-jak-macron-upokorzyl-friedricha-merza-na-oczach-europy-i-przypieczetowal-koniec-jego-urzedu-kanclerza-2","status":"publish","type":"post","link":"https:\/\/time24.pl.ua\/?p=11471","title":{"rendered":"Polityczny upadek w Brukseli: Jak Macron upokorzy\u0142 Friedricha Merza na oczach Europy i przypiecz\u0119towa\u0142 koniec jego urz\u0119du kanclerza"},"content":{"rendered":"\n<p>S\u0105 w polityce chwile, kt\u00f3rych nigdy si\u0119 nie zapomina. Chwile, gdy w\u0142adza si\u0119 wali, a autorytet ulatnia. To, co wydarzy\u0142o si\u0119 wczoraj wieczorem na szczycie UE w Brukseli, by\u0142o w\u0142a\u015bnie takim momentem. Nie by\u0142a to zwyk\u0142a dyplomatyczna wpadka, nie by\u0142o to nieporozumienie w ferworze chwili.<\/p>\n\n\n\n<p><a href=\"https:\/\/widgets.mgid.com\/ru\/?utm_source=time24.pl.ua&amp;utm_medium=referral&amp;utm_campaign=widgets&amp;utm_content=1914062\" target=\"_blank\" rel=\"noreferrer noopener\"><\/a><a href=\"https:\/\/www.mgid.com\/services\/privacy-policy\" target=\"_blank\" rel=\"noreferrer noopener\"><\/a>To by\u0142o, jak okre\u015blili to obserwatorzy, \u201epolityczne za\u0142amanie na \u017cywo, publicznie i bezlito\u015bnie\u201d. W centrum katastrofy: kanclerz Niemiec Friedrich Merz.<\/p>\n\n\n\n<p>Merz rzeczywi\u015bcie uda\u0142 si\u0119 do Brukseli, aby zademonstrowa\u0107 swoje przyw\u00f3dztwo. Przez tygodnie biuro kanclerza dopracowywa\u0142o dokumenty strategiczne, ministerstwa przedstawia\u0142y dane, a retoryka by\u0142a ukierunkowana na \u201eporz\u0105dek i kontrol\u0119\u201d. <\/p>\n\n\n\n<p>Jednak zamiast pe\u0142ni\u0107 rol\u0119 przyw\u00f3dcy, Merz zosta\u0142 sprowadzony do roli zwyk\u0142ego obserwatora rozpadu w\u0142asnej w\u0142adzy. Wydawa\u0142 si\u0119 zdenerwowany po przybyciu, a powitania ze strony pozosta\u0142ych g\u0142\u00f3w pa\u0144stw by\u0142y letnie. Pewien dyplomata trafnie podsumowa\u0142 p\u00f3\u017aniej panuj\u0105c\u0105 atmosfer\u0119: \u201eNie traktowano go jak kanclerza, ale jak posta\u0107 przej\u015bciow\u0105\u201d.<a href=\"https:\/\/clck.mgid.com\/ghits\/26812346\/i\/62545026\/0\/pp\/1\/14?h=O52ISpXUv5oiZ7zbsvYt2wpmk2ji06W7KCwR1QUlcl4os9vrKmbJbhGf_Ra5xY1C2BIsCoEg9scOvuzFWlpNAqSPF4NSwYuZa_Av2_9QB3n8M0QOck-ybQWObG2Z33l2&amp;rid=98147bfd-422e-11f1-9b21-d404e677c390&amp;tt=Direct&amp;att=3&amp;pubsrcid=eyeo&amp;cpm=1&amp;iv=17&amp;ct=1&amp;gdprApplies=0&amp;st=240&amp;mp4=1&amp;h2=D_NQLOCk-PI2mMV05howDJ0Xl-eCOkr8-_GejOpnIZDX-0kOVyeE14tvlr9ICNS2OqkB6tKQXsVA125nzYTJnA**&amp;muid=p9fjBhb-S-wa\" target=\"_blank\" rel=\"noreferrer noopener\"><\/a><\/p>\n\n\n\n<p>Decyduj\u0105cy wyrok: druzgoc\u0105cy werdykt Macrona<\/p>\n\n\n\n<p>Skandal wybuch\u0142 kr\u00f3tko po godzinie 15:00, gdy rozpocz\u0119\u0142o si\u0119 spotkanie w sprawie polityki migracyjnej \u2013 w istocie mocnego punktu Merza. Ledwo kanclerz zacz\u0105\u0142 m\u00f3wi\u0107, zosta\u0142 przerwany. Nie grzecznie, nie z powodu formalno\u015bci, ale frontalnym atakiem na jego legitymacj\u0119. Prezydent Francji Emmanuel Macron zwr\u00f3ci\u0142 si\u0119 do Merza i wypowiedzia\u0142 zdanie, kt\u00f3re uderzy\u0142o jak bomba: \u201eNie jest pan kanclerzem z przysz\u0142o\u015bci\u0105, brakuje panu wi\u0119kszo\u015bci, brakuje panu autorytetu. Dlaczego Europa mia\u0142aby z panem negocjowa\u0107, skoro za kilka tygodni b\u0119dzie tu siedzia\u0142 kto\u015b inny?\u201d.<\/p>\n\n\n\n<p>Efekt by\u0142 druzgoc\u0105cy. W sali zapad\u0142a cisza. Nikt nie stan\u0105\u0142 w obronie Merza, nikt mu nie zaprzeczy\u0142. Zamiast tego: za\u017cenowana cisza, urywany \u015bmiech. Sam Merz siedzia\u0142 nieruchomo, blady, niezdolny do reakcji. Najpot\u0119\u017cniejszy cz\u0142owiek Niemiec, sprowadzony do roli statysty we w\u0142asnym dramacie. Oskar\u017cenie wisia\u0142o w powietrzu: Kanclerz bez wi\u0119kszo\u015bci nie jest partnerem w negocjacjach.<\/p>\n\n\n\n<p>\u015amiech zamiast solidarno\u015bci<\/p>\n\n\n\n<p>Merz desperacko pr\u00f3bowa\u0142 ratowa\u0107 sytuacj\u0119. Upiera\u0142 si\u0119 przy swojej formalnej roli, podkre\u015blaj\u0105c, \u017ce Niemcy s\u0105 zdolne do dzia\u0142ania. Jednak jego argumenty nie znalaz\u0142y odd\u017awi\u0119ku w lodowatej atmosferze sali konferencyjnej. Kiedy stwierdzi\u0142, \u017ce zmiana w\u0142adzy w Berlinie jest \u201enierealna\u201d, kilku szef\u00f3w rz\u0105d\u00f3w otwarcie si\u0119 roze\u015bmia\u0142o. Reakcja by\u0142a brutalna: sonda\u017ce wskazywa\u0142y na co\u015b innego; Europa musia\u0142a przygotowa\u0107 si\u0119 na \u201enajbardziej prawdopodobn\u0105 przysz\u0142o\u015b\u0107\u201d, a nie na \u201epobo\u017cne \u017cyczenia\u201d.<\/p>\n\n\n\n<p>Absolutny kryzys nast\u0105pi\u0142 wkr\u00f3tce potem. Otwarcie przyznano, \u017ce rozmowy z opozycj\u0105 polityczn\u0105 w Niemczech ju\u017c si\u0119 rozpocz\u0119\u0142y \u2013 gdy Merz wci\u0105\u017c siedzia\u0142 przy stole. Bezprecedensowy dyplomatyczny afront. Sygna\u0142 by\u0142 jasny: Europa zmienia orientacj\u0119 i nie czeka ju\u017c na obecny rz\u0105d federalny. W tym momencie Merz ca\u0142kowicie straci\u0142 kontrol\u0119. Wsta\u0142, pr\u00f3bowa\u0142 wyj\u015b\u0107 z pokoju, zosta\u0142 wezwany z powrotem i usiad\u0142 z powrotem. Scena, kt\u00f3ra udokumentowa\u0142a ca\u0142\u0105 skal\u0119 jego bezradno\u015bci.<\/p>\n\n\n\n<p>Decyduj\u0105cy wyrok: druzgoc\u0105cy werdykt Macrona<\/p>\n\n\n\n<p>Skandal wybuch\u0142 kr\u00f3tko po godzinie 15:00, gdy rozpocz\u0119\u0142o si\u0119 spotkanie w sprawie polityki migracyjnej \u2013 w istocie mocnego punktu Merza. Ledwo kanclerz zacz\u0105\u0142 m\u00f3wi\u0107, zosta\u0142 przerwany. Nie grzecznie, nie z powodu formalno\u015bci, ale frontalnym atakiem na jego legitymacj\u0119. Prezydent Francji Emmanuel Macron zwr\u00f3ci\u0142 si\u0119 do Merza i wypowiedzia\u0142 zdanie, kt\u00f3re uderzy\u0142o jak bomba: \u201eNie jest pan kanclerzem z przysz\u0142o\u015bci\u0105, brakuje panu wi\u0119kszo\u015bci, brakuje panu autorytetu. Dlaczego Europa mia\u0142aby z panem negocjowa\u0107, skoro za kilka tygodni b\u0119dzie tu siedzia\u0142 kto\u015b inny?\u201d.<\/p>\n\n\n\n<p>Efekt by\u0142 druzgoc\u0105cy. W sali zapad\u0142a cisza. Nikt nie stan\u0105\u0142 w obronie Merza, nikt mu nie zaprzeczy\u0142. Zamiast tego: za\u017cenowana cisza, urywany \u015bmiech. Sam Merz siedzia\u0142 nieruchomo, blady, niezdolny do reakcji. Najpot\u0119\u017cniejszy cz\u0142owiek Niemiec, sprowadzony do roli statysty we w\u0142asnym dramacie. Oskar\u017cenie wisia\u0142o w powietrzu: Kanclerz bez wi\u0119kszo\u015bci nie jest partnerem w negocjacjach.<\/p>\n\n\n\n<figure class=\"wp-block-image\"><img decoding=\"async\" src=\"https:\/\/image.stern.de\/36977988\/t\/73\/v1\/w1440\/r1.7778\/-\/foto-friedrich-merz-eu.jpg\" alt=\"EU-Gipfel: Warum Friedrich Merz nur ein bedr\u00f6ppelter Sieger ist | STERN.de\"\/><\/figure>\n\n\n\n<p>Odosobniony przy kolacji: Lament<\/p>\n\n\n\n<p>Upokorzenie trwa\u0142o do wieczora. Podczas oficjalnej kolacji, zazwyczaj miejsca nieformalnych dyskusji i networkingu, Merz pozosta\u0142 odizolowany. Nikt nie szuka\u0142 jego towarzystwa. Kiedy Macron w kr\u00f3tkim przem\u00f3wieniu m\u00f3wi\u0142 o zmianach w Europie i zasugerowa\u0142, \u017ce niekt\u00f3rzy szefowie rz\u0105d\u00f3w wkr\u00f3tce przejd\u0105 do \u201ehistorii\u201d, wszystkie oczy zwr\u00f3ci\u0142y si\u0119 na kanclerza Niemiec. Podtekst by\u0142 jasny dla wszystkich: Europa planuje bez Friedricha Merza. Wyszed\u0142 wcze\u015bnie z kolacji i tego samego wieczoru polecia\u0142 z powrotem do Berlina \u2013 bez o\u015bwiadczenia, bez wyja\u015bnienia.<\/p>\n\n\n\n<p>Reakcja w Berlinie: Chaos i walka o w\u0142adz\u0119<\/p>\n\n\n\n<p>Reakcje w Niemczech by\u0142y b\u0142yskawiczne. Nagranie z miejsca zdarzenia szybko rozprzestrzeni\u0142o si\u0119 w mediach spo\u0142eczno\u015bciowych, a komentarze waha\u0142y si\u0119 od kpin po oburzenie. Przes\u0142anie, kt\u00f3re rezonowa\u0142o z opini\u0105 publiczn\u0105, brzmia\u0142o: Niemcy nie s\u0105 ju\u017c szanowane na arenie mi\u0119dzynarodowej. W CDU wybuch\u0142 otwarty chaos i pojawi\u0142y si\u0119 pierwsze wezwania do jego rezygnacji.<\/p>\n\n\n\n<p>Nast\u0119pnego ranka Alice Weidel zwr\u00f3ci\u0142a si\u0119 do prasy. Spokojna, opanowana i z pewno\u015bci\u0105 siebie polityczki, kt\u00f3ra wie, \u017ce nadszed\u0142 jej czas, nie skorzysta\u0142a z okazji, jak\u0105 da\u0142a jej Bruksela, by triumfalnie rykn\u0105\u0107, lecz raczej ch\u0142odn\u0105 analiz\u0119: Niemcy nie b\u0119d\u0105 szanowane, dop\u00f3ki b\u0119d\u0105 rz\u0105dzone przez s\u0142aby rz\u0105d. M\u00f3wi\u0142a o stabilno\u015bci i wiarygodno\u015bci \u2013 wyra\u017anym potwierdzeniu si\u0142y. Potwierdzenie z Pary\u017ca, \u017ce \u200b\u200bkontakty ju\u017c mia\u0142y miejsce, wzmocni\u0142o jej pozycj\u0119.<\/p>\n\n\n\n<figure class=\"wp-block-image\"><img decoding=\"async\" src=\"https:\/\/www.tagesspiegel.de\/images\/2859835\/alternates\/BASE_21_9_W1000\/1660092350000\/tagesspiegel-2895.jpeg\" alt=\"Macron-Biografie: Theater der Republik\"\/><\/figure>\n\n\n\n<p>Kanclerz na kraw\u0119dzi<\/p>\n\n\n\n<p>Szczyt UE w Brukseli stanowi punkt zwrotny. Pokaza\u0142, \u017ce r\u00f3wnowaga si\u0142 uleg\u0142a zmianie. Friedrich Merz jest politycznie uszkodzony, by\u0107 mo\u017ce nieodwracalnie. Jest kanclerzem na kraw\u0119dzi, kt\u00f3rego s\u0142owo straci\u0142o ju\u017c znaczenie w Europie. Nadchodz\u0105ce tygodnie b\u0119d\u0105 dla niego ci\u0119\u017ck\u0105 pr\u00f3b\u0105, a ka\u017cde jego pojawienie si\u0119 b\u0119dzie przypomnieniem o tym publicznym rozpadzie.<\/p>\n\n\n\n<p>Pytanie nie brzmi ju\u017c, czy Merz wytrzyma, ale jak szybko nast\u0105pi transformacja. Europa ju\u017c zachowuje si\u0119 tak, jakby go ju\u017c nie by\u0142o. Dla Niemiec oznacza to okres niepewno\u015bci, ale tak\u017ce szans\u0119 na nowy pocz\u0105tek. Bo jedno sta\u0142o si\u0119 dzi\u015b w Brukseli jasne: je\u015bli b\u0119dziemy kontynuowa\u0107 dotychczasowe dzia\u0142ania, Niemcy strac\u0105 swoje miejsce w Europie. \u015awiat na nas nie czeka.<\/p>\n","protected":false},"excerpt":{"rendered":"S\u0105 w polityce chwile, kt\u00f3rych nigdy si\u0119 nie zapomina. Chwile, gdy w\u0142adza si\u0119 wali, a autorytet ulatnia. To, co wydarzy\u0142o si\u0119 wczoraj wieczorem \n<a class=\"moretag\" href=\"https:\/\/time24.pl.ua\/?p=11471\"> [...]<\/a>","protected":false},"author":1,"featured_media":11472,"comment_status":"open","ping_status":"open","sticky":false,"template":"","format":"standard","meta":{"footnotes":""},"categories":[1],"tags":[],"class_list":["post-11471","post","type-post","status-publish","format-standard","has-post-thumbnail","hentry","category-blog"],"_links":{"self":[{"href":"https:\/\/time24.pl.ua\/index.php?rest_route=\/wp\/v2\/posts\/11471","targetHints":{"allow":["GET"]}}],"collection":[{"href":"https:\/\/time24.pl.ua\/index.php?rest_route=\/wp\/v2\/posts"}],"about":[{"href":"https:\/\/time24.pl.ua\/index.php?rest_route=\/wp\/v2\/types\/post"}],"author":[{"embeddable":true,"href":"https:\/\/time24.pl.ua\/index.php?rest_route=\/wp\/v2\/users\/1"}],"replies":[{"embeddable":true,"href":"https:\/\/time24.pl.ua\/index.php?rest_route=%2Fwp%2Fv2%2Fcomments&post=11471"}],"version-history":[{"count":1,"href":"https:\/\/time24.pl.ua\/index.php?rest_route=\/wp\/v2\/posts\/11471\/revisions"}],"predecessor-version":[{"id":11473,"href":"https:\/\/time24.pl.ua\/index.php?rest_route=\/wp\/v2\/posts\/11471\/revisions\/11473"}],"wp:featuredmedia":[{"embeddable":true,"href":"https:\/\/time24.pl.ua\/index.php?rest_route=\/wp\/v2\/media\/11472"}],"wp:attachment":[{"href":"https:\/\/time24.pl.ua\/index.php?rest_route=%2Fwp%2Fv2%2Fmedia&parent=11471"}],"wp:term":[{"taxonomy":"category","embeddable":true,"href":"https:\/\/time24.pl.ua\/index.php?rest_route=%2Fwp%2Fv2%2Fcategories&post=11471"},{"taxonomy":"post_tag","embeddable":true,"href":"https:\/\/time24.pl.ua\/index.php?rest_route=%2Fwp%2Fv2%2Ftags&post=11471"}],"curies":[{"name":"wp","href":"https:\/\/api.w.org\/{rel}","templated":true}]}}