{"id":11445,"date":"2026-04-27T10:48:16","date_gmt":"2026-04-27T10:48:16","guid":{"rendered":"https:\/\/time24.pl.ua\/?p=11445"},"modified":"2026-04-27T10:48:16","modified_gmt":"2026-04-27T10:48:16","slug":"oto-prawdziwy-powod-dla-ktorego-masz-wlosy-w-uszach","status":"publish","type":"post","link":"https:\/\/time24.pl.ua\/?p=11445","title":{"rendered":"Oto prawdziwy pow\u00f3d, dla kt\u00f3rego masz w\u0142osy w uszach"},"content":{"rendered":"\n<p>W\u0142osy w uszach to co\u015b, co dla wielu os\u00f3b pojawia si\u0119 nagle i bez ostrze\u017cenia, cz\u0119sto wywo\u0142uj\u0105c zdziwienie, a czasem nawet lekkie zak\u0142opotanie.<\/p>\n\n\n\n<p>Jeszcze kilka lat wcze\u015bniej ich nie by\u0142o, a potem pewnego dnia zauwa\u017casz pojedyncze w\u0142oski, kt\u00f3re z czasem staj\u0105 si\u0119 coraz bardziej widoczne.<\/p>\n\n\n\n<p>Cho\u0107 mo\u017ce si\u0119 to wydawa\u0107 czym\u015b nietypowym, w rzeczywisto\u015bci jest to zjawisko ca\u0142kowicie naturalne i zwi\u0105zane z procesami zachodz\u0105cymi w organizmie.<\/p>\n\n\n\n<p>Najwa\u017cniejszym czynnikiem, kt\u00f3ry odpowiada za pojawienie si\u0119 w\u0142os\u00f3w w uszach, s\u0105 hormony, a dok\u0142adniej zmiany hormonalne zachodz\u0105ce wraz z wiekiem.<\/p>\n\n\n\n<p>Testosteron, kt\u00f3ry wyst\u0119puje zar\u00f3wno u m\u0119\u017cczyzn, jak i u kobiet, odgrywa tutaj kluczow\u0105 rol\u0119, poniewa\u017c wp\u0142ywa na wzrost w\u0142os\u00f3w w r\u00f3\u017cnych cz\u0119\u015bciach cia\u0142a.<\/p>\n\n\n\n<p>Z czasem organizm zaczyna reagowa\u0107 na niego inaczej, co prowadzi do aktywacji mieszk\u00f3w w\u0142osowych w miejscach, kt\u00f3re wcze\u015bniej pozostawa\u0142y \u201eu\u015bpione\u201d.<\/p>\n\n\n\n<p>To dlatego w\u0142osy w uszach najcz\u0119\u015bciej pojawiaj\u0105 si\u0119 u m\u0119\u017cczyzn po 40. roku \u017cycia, cho\u0107 nie jest to regu\u0142\u0105 i u niekt\u00f3rych os\u00f3b mog\u0105 wyst\u0105pi\u0107 wcze\u015bniej.<\/p>\n\n\n\n<p>Wraz z wiekiem zmienia si\u0119 tak\u017ce cykl wzrostu w\u0142os\u00f3w, przez co staj\u0105 si\u0119 one grubsze, bardziej widoczne i rosn\u0105 szybciej ni\u017c wcze\u015bniej.<\/p>\n\n\n\n<p>Nie bez znaczenia s\u0105 r\u00f3wnie\u017c geny, kt\u00f3re maj\u0105 ogromny wp\u0142yw na to, gdzie i w jakim stopniu pojawi\u0105 si\u0119 w\u0142osy.<\/p>\n\n\n\n<p>Je\u015bli w Twojej rodzinie m\u0119\u017cczy\u017ani mieli widoczne ow\u0142osienie w uszach, istnieje du\u017ce prawdopodobie\u0144stwo, \u017ce u Ciebie b\u0119dzie podobnie.<\/p>\n\n\n\n<p>Organizm nie robi tego bez powodu, poniewa\u017c w\u0142osy w uszach pe\u0142ni\u0105 okre\u015blon\u0105 funkcj\u0119 ochronn\u0105.<\/p>\n\n\n\n<p>Pomagaj\u0105 zatrzymywa\u0107 drobne zanieczyszczenia, kurz i py\u0142ki, kt\u00f3re mog\u0142yby dosta\u0107 si\u0119 g\u0142\u0119biej do przewodu s\u0142uchowego.<\/p>\n\n\n\n<p>W pewnym sensie dzia\u0142aj\u0105 jak naturalna bariera, wspieraj\u0105c uk\u0142ad obronny organizmu.<\/p>\n\n\n\n<p>Zdarza si\u0119 jednak, \u017ce ich nadmiar zaczyna przeszkadza\u0107, zar\u00f3wno pod wzgl\u0119dem estetycznym, jak i komfortu.<\/p>\n\n\n\n<p>W takiej sytuacji wiele os\u00f3b decyduje si\u0119 na ich usuwanie, co jest ca\u0142kowicie zrozumia\u0142e i powszechne.<\/p>\n\n\n\n<p>Najcz\u0119\u015bciej stosuje si\u0119 proste metody, takie jak przycinanie trymerem, kt\u00f3re pozwala szybko i bezpiecznie pozby\u0107 si\u0119 nadmiaru w\u0142os\u00f3w.<\/p>\n\n\n\n<p>Niekt\u00f3rzy si\u0119gaj\u0105 tak\u017ce po woskowanie lub inne zabiegi kosmetyczne, kt\u00f3re daj\u0105 d\u0142u\u017cszy efekt, cho\u0107 wymagaj\u0105 wi\u0119kszej ostro\u017cno\u015bci.<\/p>\n\n\n\n<p>Wa\u017cne jest jednak, aby nie usuwa\u0107 w\u0142os\u00f3w w spos\u00f3b agresywny, poniewa\u017c sk\u00f3ra w tym miejscu jest wra\u017cliwa i \u0142atwo j\u0105 podra\u017cni\u0107.<\/p>\n\n\n\n<p>W\u0142osy w uszach nie s\u0105 oznak\u0105 choroby ani powodem do niepokoju, cho\u0107 czasem mog\u0105 by\u0107 odbierane jako problem estetyczny.<\/p>\n\n\n\n<p>To naturalna cz\u0119\u015b\u0107 starzenia si\u0119 organizmu, tak samo jak zmiany na sk\u00f3rze czy pojawianie si\u0119 siwych w\u0142os\u00f3w.<\/p>\n\n\n\n<p>Najwa\u017cniejsze jest to, jak na to reagujesz i czy czujesz si\u0119 z tym komfortowo.<\/p>\n\n\n\n<p>Je\u015bli przeszkadzaj\u0105 \u2013 mo\u017cna je usun\u0105\u0107.<\/p>\n\n\n\n<p>Je\u015bli nie \u2013 nie ma \u017cadnego powodu, by si\u0119 nimi przejmowa\u0107.<\/p>\n\n\n\n<p>Bo w rzeczywisto\u015bci to nie w\u0142osy s\u0105 problemem, ale to, jak bardzo pozwalamy, by drobne zmiany wp\u0142ywa\u0142y na nasze samopoczucie.<\/p>\n","protected":false},"excerpt":{"rendered":"W\u0142osy w uszach to co\u015b, co dla wielu os\u00f3b pojawia si\u0119 nagle i bez ostrze\u017cenia, cz\u0119sto wywo\u0142uj\u0105c zdziwienie, a czasem nawet lekkie zak\u0142opotanie. \n<a class=\"moretag\" href=\"https:\/\/time24.pl.ua\/?p=11445\"> [...]<\/a>","protected":false},"author":1,"featured_media":11446,"comment_status":"open","ping_status":"open","sticky":false,"template":"","format":"standard","meta":{"footnotes":""},"categories":[1],"tags":[],"class_list":["post-11445","post","type-post","status-publish","format-standard","has-post-thumbnail","hentry","category-blog"],"_links":{"self":[{"href":"https:\/\/time24.pl.ua\/index.php?rest_route=\/wp\/v2\/posts\/11445","targetHints":{"allow":["GET"]}}],"collection":[{"href":"https:\/\/time24.pl.ua\/index.php?rest_route=\/wp\/v2\/posts"}],"about":[{"href":"https:\/\/time24.pl.ua\/index.php?rest_route=\/wp\/v2\/types\/post"}],"author":[{"embeddable":true,"href":"https:\/\/time24.pl.ua\/index.php?rest_route=\/wp\/v2\/users\/1"}],"replies":[{"embeddable":true,"href":"https:\/\/time24.pl.ua\/index.php?rest_route=%2Fwp%2Fv2%2Fcomments&post=11445"}],"version-history":[{"count":1,"href":"https:\/\/time24.pl.ua\/index.php?rest_route=\/wp\/v2\/posts\/11445\/revisions"}],"predecessor-version":[{"id":11447,"href":"https:\/\/time24.pl.ua\/index.php?rest_route=\/wp\/v2\/posts\/11445\/revisions\/11447"}],"wp:featuredmedia":[{"embeddable":true,"href":"https:\/\/time24.pl.ua\/index.php?rest_route=\/wp\/v2\/media\/11446"}],"wp:attachment":[{"href":"https:\/\/time24.pl.ua\/index.php?rest_route=%2Fwp%2Fv2%2Fmedia&parent=11445"}],"wp:term":[{"taxonomy":"category","embeddable":true,"href":"https:\/\/time24.pl.ua\/index.php?rest_route=%2Fwp%2Fv2%2Fcategories&post=11445"},{"taxonomy":"post_tag","embeddable":true,"href":"https:\/\/time24.pl.ua\/index.php?rest_route=%2Fwp%2Fv2%2Ftags&post=11445"}],"curies":[{"name":"wp","href":"https:\/\/api.w.org\/{rel}","templated":true}]}}