{"id":11433,"date":"2026-04-27T10:30:13","date_gmt":"2026-04-27T10:30:13","guid":{"rendered":"https:\/\/time24.pl.ua\/?p=11433"},"modified":"2026-04-27T10:30:13","modified_gmt":"2026-04-27T10:30:13","slug":"kwasniewski-zabral-glos-ws-karola-nawrockiego-tak-go-podsumowal-padly-ostre-slowa","status":"publish","type":"post","link":"https:\/\/time24.pl.ua\/?p=11433","title":{"rendered":"Kwa\u015bniewski zabra\u0142 g\u0142os ws. Karola Nawrockiego. Tak go podsumowa\u0142, pad\u0142y ostre s\u0142owa"},"content":{"rendered":"\n<p>By\u0142y prezydent Aleksander Kwa\u015bniewski w programie \u201eDidaskalia\u201d portalu Wirtualna Polska oceni\u0142 dzia\u0142ania Karola Nawrockiego. Polityk zarzuci\u0142 urz\u0119duj\u0105cej g\u0142owie pa\u0144stwa d\u0105\u017cenie do destabilizacji rz\u0105du oraz naruszanie zasad ustrojowych. Rozmowa rzuca nowe \u015bwiat\u0142o na narastaj\u0105cy konflikt mi\u0119dzy prezydentem a obozem rz\u0105dz\u0105cym.<\/p>\n\n\n\n<p>Cel prezydenta: \u201eTwardy upadek\u201d rz\u0105du<br>Aleksander Kwa\u015bniewski w rozmowie z Patrycjuszem Wy\u017cg\u0105 sformu\u0142owa\u0142 tez\u0119, \u017ce Karol Nawrocki obra\u0142 za sw\u00f3j g\u0142\u00f3wny cel polityczny doprowadzenie do dymisji obecnego gabinetu.&nbsp;<\/p>\n\n\n\n<p>Wed\u0142ug by\u0142ego prezydenta, dzia\u0142ania te maj\u0105 charakter osobistej konfrontacji z premierem.&nbsp;<\/p>\n\n\n\n<p>\u201eNie ma problemu, \u017ceby zrozumie\u0107, o co chodzi Karolowi Nawrockiemu. On chce doprowadzi\u0107 do upadku i to takiego twardego osobi\u015bcie Donalda Tuska i rz\u0105du Koalicji Demokratycznej\u201d \u2013 stwierdzi\u0142 Kwa\u015bniewski.&nbsp;<\/p>\n\n\n\n<p>Jego zdaniem, prezydent nie wyst\u0119puje ju\u017c w roli mediatora, lecz staje si\u0119 aktywn\u0105 stron\u0105 sporu politycznego, kt\u00f3rej zale\u017cy na ca\u0142kowitym usuni\u0119ciu konkurent\u00f3w z areny politycznej. Takie podej\u015bcie, wed\u0142ug go\u015bcia programu, drastycznie zaostrza j\u0119zyk debaty publicznej w kraju.<\/p>\n\n\n\n<p>Zarzuty o wychodzenie poza konstytucj\u0119<br>W opinii by\u0142ego prezydenta, Karol Nawrocki podejmuje pr\u00f3by rozszerzenia swoich uprawnie\u0144, co stoi w sprzeczno\u015bci z obowi\u0105zuj\u0105c\u0105 ustaw\u0105 zasadnicz\u0105.&nbsp;<\/p>\n\n\n\n<p>Kwa\u015bniewski oskar\u017cy\u0142 obecnego prezydenta o ch\u0119\u0107 r\u0119cznego sterowania procesem powo\u0142ywania przysz\u0142ych w\u0142adz wykonawczych.&nbsp;<\/p>\n\n\n\n<p>\u201eOn chce by\u0107 akuszerem tego nowego uk\u0142adu rz\u0105dowego. On chce by\u0107 autorem osoby premiera. Rozpycha swoj\u0105 pozycj\u0119. Co jest niezgodne z konstytucj\u0105\u201d \u2013 argumentowa\u0142 polityk.&nbsp;<\/p>\n\n\n\n<p>Kwa\u015bniewski podkre\u015bli\u0142, \u017ce polski ustr\u00f3j jasno okre\u015bla granice w\u0142adzy prezydenckiej, a pr\u00f3by ich przesuwania przez Nawrockiego s\u0142u\u017c\u0105 jedynie partyjnym interesom. Taka postawa ma by\u0107 dowodem na instrumentalne traktowanie urz\u0119du w walce o odzyskanie wp\u0142yw\u00f3w przez prawic\u0119.<br><\/p>\n\n\n\n<p>Ideologiczne zbli\u017cenie do radykalnej prawicy<br>By\u0142y prezydent zwr\u00f3ci\u0142 r\u00f3wnie\u017c uwag\u0119 na zmian\u0119 kursu ideologicznego, jaki obiera obecny lokator Pa\u0142acu Prezydenckiego. Wed\u0142ug Kwa\u015bniewskiego, Karol Nawrocki coraz mocniej dystansuje si\u0119 od tradycyjnej linii Prawa i Sprawiedliwo\u015bci, kieruj\u0105c si\u0119 w stron\u0119 bardziej radykalnych ugrupowa\u0144.&nbsp;<\/p>\n\n\n\n<p>\u201eW swoich dzia\u0142aniach ideologicznie zbli\u017ca si\u0119 do Konfederacji\u201d \u2013 oceni\u0142 Kwa\u015bniewski w programie \u201eDidaskalia\u201d.&nbsp;<\/p>\n\n\n\n<p>Kwa\u015bniewski zauwa\u017cy\u0142, \u017ce prezydentowi programowo i pokoleniowo jest obecnie bli\u017cej do skrajnych postulat\u00f3w, co mo\u017ce mie\u0107 wp\u0142yw na stabilno\u015b\u0107 Polski w strukturach mi\u0119dzynarodowych.&nbsp;<\/p>\n\n\n\n<p>W rozmowie pad\u0142o ostrze\u017cenie, \u017ce takie poparcie dla radykalizmu sprzyja narracjom o Polexicie, co by\u0142y prezydent nazwa\u0142 historycznym b\u0142\u0119dem, szczeg\u00f3lnie w obliczu rosn\u0105cego zagro\u017cenia militarnego ze strony Rosji.<\/p>\n\n\n\n<p>Koniec ery Kaczy\u0144skiego i walka o wp\u0142ywy<br>Krytyka Nawrockiego zosta\u0142a osadzona w kontek\u015bcie nadchodz\u0105cych zmian personalnych na polskiej prawicy. Aleksander Kwa\u015bniewski uwa\u017ca, \u017ce agresywna postawa prezydenta wynika z nieuchronnego s\u0142abni\u0119cia pozycji Jaros\u0142awa Kaczy\u0144skiego.&nbsp;<\/p>\n\n\n\n<p>\u201eDyktator\u00f3w na \u015bwiecie jest sporo i kandydat\u00f3w na dyktator\u00f3w drugie tyle. Ale tyran jest jeden. Tym tyranem jest czas\u201d \u2013 podsumowa\u0142 Kwa\u015bniewski.&nbsp;<\/p>\n\n\n\n<p>Wed\u0142ug by\u0142ego prezydenta, zbli\u017caj\u0105cy si\u0119 koniec epoki obecnego lidera prawicy wywo\u0142uje \u201ekrwaw\u0105 batali\u0119\u201d o sukcesj\u0119, w kt\u00f3rej Nawrocki pr\u00f3buje obsadzi\u0107 siebie w roli kluczowego gracza.&nbsp;<\/p>\n\n\n\n<p>Kwa\u015bniewski podkre\u015bli\u0142, \u017ce to w\u0142a\u015bnie ten wewn\u0119trzny kryzys na prawicy popycha prezydenta do dzia\u0142a\u0144, kt\u00f3re on sam uznaje za destrukcyjne i sprzeczne z polsk\u0105 racj\u0105 stanu.<br><\/p>\n","protected":false},"excerpt":{"rendered":"By\u0142y prezydent Aleksander Kwa\u015bniewski w programie \u201eDidaskalia\u201d portalu Wirtualna Polska oceni\u0142 dzia\u0142ania Karola Nawrockiego. Polityk zarzuci\u0142 urz\u0119duj\u0105cej g\u0142owie pa\u0144stwa d\u0105\u017cenie do destabilizacji rz\u0105du \n<a class=\"moretag\" href=\"https:\/\/time24.pl.ua\/?p=11433\"> [...]<\/a>","protected":false},"author":1,"featured_media":11434,"comment_status":"open","ping_status":"open","sticky":false,"template":"","format":"standard","meta":{"footnotes":""},"categories":[1],"tags":[],"class_list":["post-11433","post","type-post","status-publish","format-standard","has-post-thumbnail","hentry","category-blog"],"_links":{"self":[{"href":"https:\/\/time24.pl.ua\/index.php?rest_route=\/wp\/v2\/posts\/11433","targetHints":{"allow":["GET"]}}],"collection":[{"href":"https:\/\/time24.pl.ua\/index.php?rest_route=\/wp\/v2\/posts"}],"about":[{"href":"https:\/\/time24.pl.ua\/index.php?rest_route=\/wp\/v2\/types\/post"}],"author":[{"embeddable":true,"href":"https:\/\/time24.pl.ua\/index.php?rest_route=\/wp\/v2\/users\/1"}],"replies":[{"embeddable":true,"href":"https:\/\/time24.pl.ua\/index.php?rest_route=%2Fwp%2Fv2%2Fcomments&post=11433"}],"version-history":[{"count":1,"href":"https:\/\/time24.pl.ua\/index.php?rest_route=\/wp\/v2\/posts\/11433\/revisions"}],"predecessor-version":[{"id":11435,"href":"https:\/\/time24.pl.ua\/index.php?rest_route=\/wp\/v2\/posts\/11433\/revisions\/11435"}],"wp:featuredmedia":[{"embeddable":true,"href":"https:\/\/time24.pl.ua\/index.php?rest_route=\/wp\/v2\/media\/11434"}],"wp:attachment":[{"href":"https:\/\/time24.pl.ua\/index.php?rest_route=%2Fwp%2Fv2%2Fmedia&parent=11433"}],"wp:term":[{"taxonomy":"category","embeddable":true,"href":"https:\/\/time24.pl.ua\/index.php?rest_route=%2Fwp%2Fv2%2Fcategories&post=11433"},{"taxonomy":"post_tag","embeddable":true,"href":"https:\/\/time24.pl.ua\/index.php?rest_route=%2Fwp%2Fv2%2Ftags&post=11433"}],"curies":[{"name":"wp","href":"https:\/\/api.w.org\/{rel}","templated":true}]}}