{"id":11430,"date":"2026-04-27T10:25:04","date_gmt":"2026-04-27T10:25:04","guid":{"rendered":"https:\/\/time24.pl.ua\/?p=11430"},"modified":"2026-04-27T10:25:04","modified_gmt":"2026-04-27T10:25:04","slug":"spor-o-raport-wsi-czarzasty-nie-wyklucza-braku-opinii-w-sprawie-odtajnienia-dokumentu","status":"publish","type":"post","link":"https:\/\/time24.pl.ua\/?p=11430","title":{"rendered":"Sp\u00f3r o raport WSI. Czarzasty nie wyklucza braku opinii w sprawie odtajnienia dokumentu"},"content":{"rendered":"\n<p><strong>Marsza\u0142ek Sejmu W\u0142odzimierz Czarzasty zabra\u0142 g\u0142os w sprawie aneksu do raportu dotycz\u0105cego likwidacji Wojskowych S\u0142u\u017cb Informacyjnych. Przyzna\u0142, \u017ce dokumentu jeszcze nie czyta\u0142, ale ju\u017c teraz wyra\u017ca powa\u017cne obawy co do jego publikacji.<\/strong><\/p>\n\n\n\n<p><strong> \u201eNie wiem, co jest w aneksie, bo do niego nie zagl\u0105da\u0142em\u201d \u2013 powiedzia\u0142, zapowiadaj\u0105c jednocze\u015bnie, \u017ce zapozna si\u0119 z nim w najbli\u017cszym czasie. Podkre\u015bli\u0142 jednak, \u017ce ca\u0142a procedura odtajniania budzi jego sprzeciw.<\/strong><a href=\"https:\/\/checkpress.pl\/autor\/adam-bysiek-u224129\"><\/a><\/p>\n\n\n\n<p>Aneks zosta\u0142 przekazany marsza\u0142kom parlamentu przez prezydenta Karol Nawrocki w celu zaopiniowania. Jak zaznaczono, dokument zosta\u0142 zanonimizowany zgodnie z wcze\u015bniejszymi wyrokami Trybuna\u0142u Konstytucyjnego, a opinia marsza\u0142k\u00f3w ma charakter formalny.<\/p>\n\n\n\n<h2 class=\"wp-block-heading\">\u201eTo jest \u017cycie agent\u00f3w\u201d. Obawy o bezpiecze\u0144stwo pa\u0144stwa<\/h2>\n\n\n\n<p>Czarzasty nie ukrywa, \u017ce publikacja aneksu mo\u017ce mie\u0107 powa\u017cne konsekwencje. Jego zdaniem sama anonimizacja danych nie gwarantuje bezpiecze\u0144stwa os\u00f3b wymienionych w dokumencie.<\/p>\n\n\n\n<blockquote class=\"wp-block-quote is-layout-flow wp-block-quote-is-layout-flow\">\n<p><strong>\u201eTutaj nie ma \u017cart\u00f3w. To jest \u017cycie agent\u00f3w, to jest \u017cycie ludzi, z kt\u00f3rymi wsp\u00f3\u0142pracujemy\u201d<\/strong>&nbsp;\u2013 zaznaczy\u0142.<\/p>\n<\/blockquote>\n\n\n\n<p>Marsza\u0142ek wskaza\u0142, \u017ce s\u0142u\u017cby innych pa\u0144stw mog\u0105 bez trudu zidentyfikowa\u0107 osoby na podstawie kontekstu. W jego ocenie ujawnienie takich informacji os\u0142abia wiarygodno\u015b\u0107 Polski na arenie mi\u0119dzynarodowej.<\/p>\n\n\n\n<blockquote class=\"wp-block-quote is-layout-flow wp-block-quote-is-layout-flow\">\n<p><strong>\u201eS\u0142u\u017cby innych pa\u0144stw nigdy nie b\u0119d\u0105 podchodzi\u0142y powa\u017cnie do pa\u0144stwa, kt\u00f3re ujawnia tego typu raporty\u201d<\/strong>&nbsp;\u2013 podkre\u015bli\u0142.<\/p>\n<\/blockquote>\n\n\n\n<h2 class=\"wp-block-heading\">Do\u015bwiadczenia z przesz\u0142o\u015bci. \u201eTo nie jest teoria\u201d<\/h2>\n\n\n\n<p>W swojej wypowiedzi Czarzasty odwo\u0142a\u0142 si\u0119 tak\u017ce do wydarze\u0144 sprzed lat, gdy opublikowano pierwsz\u0105 cz\u0119\u015b\u0107 raportu. Zwr\u00f3ci\u0142 uwag\u0119, \u017ce konsekwencje by\u0142y realne i dramatyczne.<\/p>\n\n\n\n<blockquote class=\"wp-block-quote is-layout-flow wp-block-quote-is-layout-flow\">\n<p><strong>\u201eZdarza\u0142y si\u0119 przypadki \u015bmierci student\u00f3w arabskich, kt\u00f3rzy podj\u0119li wsp\u00f3\u0142prac\u0119 z Wojskowymi S\u0142u\u017cbami Informacyjnymi\u201d<\/strong>&nbsp;\u2013 przypomnia\u0142.<\/p>\n<\/blockquote>\n\n\n\n<p>Wed\u0142ug niego to dow\u00f3d, \u017ce publikacja tego typu materia\u0142\u00f3w niesie ze sob\u0105 realne zagro\u017cenie. Marsza\u0142ek zaznaczy\u0142, \u017ce w\u0105tpliwo\u015bci budzi r\u00f3wnie\u017c zawarto\u015b\u0107 samego aneksu.&nbsp;<strong>Nie wykluczy\u0142, \u017ce po latach mog\u0142y pojawi\u0107 si\u0119 w nim nowe interpretacje lub dopiski<\/strong>, co dodatkowo komplikuje spraw\u0119.<\/p>\n\n\n\n<h2 class=\"wp-block-heading\">Czy marsza\u0142ek zajmie stanowisko? Decyzja jeszcze nie zapad\u0142a<\/h2>\n\n\n\n<p>Czarzasty podkre\u015bli\u0142, \u017ce nie podj\u0105\u0142 jeszcze decyzji, czy wyda opini\u0119 w sprawie aneksu. Zaznaczy\u0142, \u017ce przed zaj\u0119ciem stanowiska chce skonsultowa\u0107 si\u0119 z prawnikami i ekspertami.<\/p>\n\n\n\n<blockquote class=\"wp-block-quote is-layout-flow wp-block-quote-is-layout-flow\">\n<p><strong>\u201eNie wiem, czy w og\u00f3le b\u0119dzie opinia, bo musz\u0119 porozmawia\u0107 z prawnikami i z lud\u017ami powa\u017cnymi\u201d<\/strong>&nbsp;\u2013 stwierdzi\u0142.<\/p>\n<\/blockquote>\n\n\n\n<p>Marsza\u0142ek wyrazi\u0142 te\u017c w\u0105tpliwo\u015b\u0107, czy instytucja Sejmu powinna by\u0107 anga\u017cowana w proces, kt\u00f3ry \u2013 jego zdaniem \u2013 mo\u017ce by\u0107 szkodliwy dla pa\u0144stwa.&nbsp;<strong>\u201eTo jest niepowa\u017cne, to si\u0119 mija z polsk\u0105 racj\u0105 stanu\u201d<\/strong>&nbsp;\u2013 oceni\u0142, odnosz\u0105c si\u0119 do samej idei publikacji dokumentu.<\/p>\n","protected":false},"excerpt":{"rendered":"Marsza\u0142ek Sejmu W\u0142odzimierz Czarzasty zabra\u0142 g\u0142os w sprawie aneksu do raportu dotycz\u0105cego likwidacji Wojskowych S\u0142u\u017cb Informacyjnych. Przyzna\u0142, \u017ce dokumentu jeszcze nie czyta\u0142, ale \n<a class=\"moretag\" href=\"https:\/\/time24.pl.ua\/?p=11430\"> [...]<\/a>","protected":false},"author":1,"featured_media":11431,"comment_status":"open","ping_status":"open","sticky":false,"template":"","format":"standard","meta":{"footnotes":""},"categories":[1],"tags":[],"class_list":["post-11430","post","type-post","status-publish","format-standard","has-post-thumbnail","hentry","category-blog"],"_links":{"self":[{"href":"https:\/\/time24.pl.ua\/index.php?rest_route=\/wp\/v2\/posts\/11430","targetHints":{"allow":["GET"]}}],"collection":[{"href":"https:\/\/time24.pl.ua\/index.php?rest_route=\/wp\/v2\/posts"}],"about":[{"href":"https:\/\/time24.pl.ua\/index.php?rest_route=\/wp\/v2\/types\/post"}],"author":[{"embeddable":true,"href":"https:\/\/time24.pl.ua\/index.php?rest_route=\/wp\/v2\/users\/1"}],"replies":[{"embeddable":true,"href":"https:\/\/time24.pl.ua\/index.php?rest_route=%2Fwp%2Fv2%2Fcomments&post=11430"}],"version-history":[{"count":1,"href":"https:\/\/time24.pl.ua\/index.php?rest_route=\/wp\/v2\/posts\/11430\/revisions"}],"predecessor-version":[{"id":11432,"href":"https:\/\/time24.pl.ua\/index.php?rest_route=\/wp\/v2\/posts\/11430\/revisions\/11432"}],"wp:featuredmedia":[{"embeddable":true,"href":"https:\/\/time24.pl.ua\/index.php?rest_route=\/wp\/v2\/media\/11431"}],"wp:attachment":[{"href":"https:\/\/time24.pl.ua\/index.php?rest_route=%2Fwp%2Fv2%2Fmedia&parent=11430"}],"wp:term":[{"taxonomy":"category","embeddable":true,"href":"https:\/\/time24.pl.ua\/index.php?rest_route=%2Fwp%2Fv2%2Fcategories&post=11430"},{"taxonomy":"post_tag","embeddable":true,"href":"https:\/\/time24.pl.ua\/index.php?rest_route=%2Fwp%2Fv2%2Ftags&post=11430"}],"curies":[{"name":"wp","href":"https:\/\/api.w.org\/{rel}","templated":true}]}}