{"id":11427,"date":"2026-04-27T10:16:32","date_gmt":"2026-04-27T10:16:32","guid":{"rendered":"https:\/\/time24.pl.ua\/?p=11427"},"modified":"2026-04-27T10:16:32","modified_gmt":"2026-04-27T10:16:32","slug":"pozar-w-crans-montana-bohaterski-czyn-ktory-kosztowal-zycie-dwoch-uczestnikow-imprezy","status":"publish","type":"post","link":"https:\/\/time24.pl.ua\/?p=11427","title":{"rendered":"Po\u017car w Crans-Montana: bohaterski czyn, kt\u00f3ry kosztowa\u0142 \u017cycie dw\u00f3ch uczestnik\u00f3w imprezy"},"content":{"rendered":"\n<p>Niszczycielski po\u017car, niedoceniani bohaterowie i \u015bledztwo, kt\u00f3re w ko\u0144cu ujawnia prawd\u0119. Dwa miesi\u0105ce po tragedii w Constellation w Crans-Montanie w Szwajcarii, reporta\u017c \u015bledczy uwypukla akty odwagi DJ-a Mat\u00e9o i ochroniarza Stefana, kt\u00f3rzy tragicznie zgin\u0119li, pr\u00f3buj\u0105c ratowa\u0107 ludzkie \u017cycie.<\/p>\n\n\n\n<figure class=\"wp-block-image is-resized\"><img decoding=\"async\" src=\"https:\/\/cdn.viepratique.fr\/wp-content\/uploads\/viepratique\/2026\/03\/un-incendie-tragique-au-bar-constellation-400x220.jpg\" alt=\"\" style=\"width:704px;height:auto\"\/><\/figure>\n\n\n\n<p>1\/12 Tragiczny po\u017car w barze Constellation1 stycznia w barze Constellation w Crans-Montana dosz\u0142o do tragicznego po\u017caru, w kt\u00f3rym zgin\u0119\u0142o wiele os\u00f3b.<\/p>\n\n\n\n<p> W\u015br\u00f3d ofiar, Mat\u00e9o, DJ wieczoru, i Stefan, ochroniarz, wyr\u00f3\u017cnili si\u0119 odwag\u0105. Raport ze \u015bledztwa, oparty na skrupulatnej analizie nagra\u0144 z monitoringu, ujawni\u0142 niedawno ich bohaterskie czyny.<\/p>\n\n\n\n<figure class=\"wp-block-image is-resized\"><img decoding=\"async\" src=\"https:\/\/cdn.viepratique.fr\/wp-content\/uploads\/viepratique\/2026\/03\/soiree-animee-au-bar-avant-le-drame-400x220.jpg\" alt=\"\" style=\"width:695px;height:auto\"\/><\/figure>\n\n\n\n<p>2\/12 O\u017cywiony wiecz\u00f3r w barze przed tragedi\u0105O 1:22 nad ranem wiecz\u00f3r by\u0142 ju\u017c w pe\u0142ni, gdy podano pierwsz\u0105 butelk\u0119 szampana, ozdobion\u0105 zimnym ogniem. Kilka minut p\u00f3\u017aniej zapalono \u015bwiece, rozpoczynaj\u0105c seri\u0119 wydarze\u0144, kt\u00f3re mia\u0142y doprowadzi\u0107 do tragedii. Jessica Moretti, jedna z mened\u017cerek lokalu, wr\u0119czy\u0142a kelnerce mask\u0119 \u2013 pozornie niewinny gest, kt\u00f3ry w kontek\u015bcie po\u017caru nabra\u0142 innego znaczenia.<\/p>\n\n\n\n<figure class=\"wp-block-image is-resized\"><img decoding=\"async\" src=\"https:\/\/cdn.viepratique.fr\/wp-content\/uploads\/viepratique\/2026\/03\/detection-du-danger-et-reaction-rapide-400x220.jpg\" alt=\"\" style=\"width:655px;height:auto\"\/><\/figure>\n\n\n\n<p>3\/12 Wykrywanie zagro\u017ce\u0144 i szybka reakcjaO 1:26:58 klient zwraca uwag\u0119, wskazuj\u0105c na sufit, co oznacza, \u017ce \u200b\u200bzaczyna kapa\u0107 woda. W\u0142a\u015bnie w tym momencie Stefan i Mateo wymieniaj\u0105 znacz\u0105ce spojrzenia. W u\u0142amku sekundy p\u0119dz\u0105 w stron\u0119 korytarza, \u015bwiadomi powagi sytuacji. Instynkt nakazuje im dzia\u0142a\u0107 szybko, aby zapobiec katastrofie.<\/p>\n\n\n\n<figure class=\"wp-block-image is-resized\"><img decoding=\"async\" src=\"https:\/\/cdn.viepratique.fr\/wp-content\/uploads\/viepratique\/2026\/03\/efforts-devacuation-en-pleine-confusion-400x220.jpg\" alt=\"\" style=\"width:613px;height:auto\"\/><\/figure>\n\n\n\n<p>4\/12 Ewakuacja w ca\u0142kowitym chaosieStefan, wychodz\u0105c z budynku, gestem nakaza\u0142 klientom ewakuacj\u0119, podczas gdy Mateo chwyci\u0142 ga\u015bnic\u0119 w desperackiej pr\u00f3bie ugaszenia po\u017caru. O 1:27 pierwsi klienci zacz\u0119li wychodzi\u0107, ale wok\u00f3\u0142 g\u0142\u00f3wnego wej\u015bcia panowa\u0142 chaos. Ludzie, niekt\u00f3rzy obj\u0119ci p\u0142omieniami, pr\u00f3bowali przedrze\u0107 si\u0119 do wyj\u015bcia, co unaoczni\u0142o groz\u0119 tej sceny.<\/p>\n\n\n\n<figure class=\"wp-block-image is-resized\"><img decoding=\"async\" src=\"https:\/\/cdn.viepratique.fr\/wp-content\/uploads\/viepratique\/2026\/03\/arrivee-des-secours-et-decouverte-de-la-tragedie-400x220.jpg\" alt=\"\" style=\"width:645px;height:auto\"\/><\/figure>\n\n\n\n<p>5\/12 Przybycie s\u0142u\u017cb ratunkowych i odkrycie tragediiO 1:28 Jessica Moretti opu\u015bci\u0142a bar z przedmiotem w d\u0142oni, prawdopodobnie telefonem kom\u00f3rkowym, a s\u0142u\u017cby ratunkowe i organy \u015bcigania przyby\u0142y na miejsce zdarzenia kilka minut p\u00f3\u017aniej. Jacques Moretti, mened\u017cer innego lokalu w Crans-Montana, przyby\u0142 o 1:33, odkrywaj\u0105c skal\u0119 tragedii, kt\u00f3ra rozegra\u0142a si\u0119 pod jego nieobecno\u015b\u0107.<\/p>\n\n\n\n<figure class=\"wp-block-image is-resized\"><img decoding=\"async\" src=\"https:\/\/cdn.viepratique.fr\/wp-content\/uploads\/viepratique\/2026\/03\/rapport-denquete-et-hommage-aux-heros-400x220.jpg\" alt=\"\" style=\"width:647px;height:auto\"\/><\/figure>\n\n\n\n<p>6\/12 Raport ze \u015bledztwa i ho\u0142d dla bohater\u00f3wRaport ze \u015bledztwa, do kt\u00f3rego dotar\u0142 \u201eLe Parisien\u201d, skrupulatnie rekonstruuje chronologi\u0119 wydarze\u0144 tej pami\u0119tnej nocy. Nagrania z monitoringu, cho\u0107 przera\u017caj\u0105ce, oddaj\u0105 ho\u0142d odwadze Mat\u00e9o i Stefana, kt\u00f3rych wysi\u0142ki na rzecz ratowania \u017cycia nie mog\u0105 zosta\u0107 zapomniane.<\/p>\n\n\n\n<figure class=\"wp-block-image is-resized\"><img decoding=\"async\" src=\"https:\/\/cdn.viepratique.fr\/wp-content\/uploads\/viepratique\/2026\/03\/analyse-detaillee-des-decisions-heroiques-400x220.jpg\" alt=\"\" style=\"width:638px;height:auto\"\/><\/figure>\n\n\n\n<p>7\/12 Szczeg\u00f3\u0142owa analiza heroicznych decyzji\u015aledczy skrupulatnie przeanalizowali ka\u017cd\u0105 sekund\u0119 nagrania, podkre\u015blaj\u0105c kluczowe decyzje Mateo i Stefana podj\u0119te w ekstremalnych okoliczno\u015bciach. Ich bezinteresowno\u015b\u0107 i odwaga pozwoli\u0142y wielu klientom uciec, mimo \u017ce ich w\u0142asne \u017cycie zosta\u0142o tragicznie przerwane.<\/p>\n\n\n\n<figure class=\"wp-block-image is-resized\"><img decoding=\"async\" src=\"https:\/\/cdn.viepratique.fr\/wp-content\/uploads\/viepratique\/2026\/03\/questions-de-securite-et-importance-de-la-preparation-400x220.jpg\" alt=\"\" style=\"width:669px;height:auto\"\/><\/figure>\n\n\n\n<p>8\/12 Kwestie bezpiecze\u0144stwa i znaczenie przygotowaniaPo\u017car w Constellation stawia pytania o bezpiecze\u0144stwo klub\u00f3w nocnych i \u015brodki, kt\u00f3re nale\u017cy podj\u0105\u0107, aby zapobiec podobnym tragediom w przysz\u0142o\u015bci. Bohaterskie dzia\u0142ania Mateo i Stefana przypominaj\u0105 o znaczeniu szkole\u0144 i gotowo\u015bci w sytuacjach kryzysowych.<\/p>\n\n\n\n<figure class=\"wp-block-image is-resized\"><img decoding=\"async\" src=\"https:\/\/cdn.viepratique.fr\/wp-content\/uploads\/viepratique\/2026\/03\/reflexion-sur-la-responsabilite-et-les-protocoles-de-securite-400x220.jpg\" alt=\"\" style=\"width:680px;height:auto\"\/><\/figure>\n\n\n\n<p>9\/12 Refleksja na temat odpowiedzialno\u015bci i protoko\u0142\u00f3w bezpiecze\u0144stwaRaport z dochodzenia, cho\u0107 dostarcza odpowiedzi na temat przebiegu wydarze\u0144, porusza r\u00f3wnie\u017c szersze kwestie dotycz\u0105ce odpowiedzialno\u015bci w\u0142a\u015bcicieli lokali i organizator\u00f3w imprez. Pami\u0119\u0107 o Mateo i Stefanie powinna by\u0107 lekcj\u0105 i przyk\u0142adem dla wzmocnienia protoko\u0142\u00f3w bezpiecze\u0144stwa.<\/p>\n\n\n\n<figure class=\"wp-block-image is-resized\"><img decoding=\"async\" src=\"https:\/\/cdn.viepratique.fr\/wp-content\/uploads\/viepratique\/2026\/03\/deuil-et-quete-de-comprehension-apres-la-tragedie-400x220.jpg\" alt=\"\" style=\"width:675px;height:auto\"\/><\/figure>\n\n\n\n<p>10\/12 \u017ba\u0142oba i poszukiwanie zrozumienia po tragediiRodziny ofiar, a tak\u017ce spo\u0142eczno\u015b\u0107 Crans-Montana, wci\u0105\u017c op\u0142akuj\u0105 strat\u0119 swoich bliskich, pr\u00f3buj\u0105c jednocze\u015bnie zrozumie\u0107, jak mog\u0142a doj\u015b\u0107 do takiej tragedii. Raport z dochodzenia, cho\u0107 pouczaj\u0105cy, nie mo\u017ce ukoi\u0107 b\u00f3lu tych, kt\u00f3rzy stracili blisk\u0105 osob\u0119.<\/p>\n\n\n\n<figure class=\"wp-block-image is-resized\"><img decoding=\"async\" src=\"https:\/\/cdn.viepratique.fr\/wp-content\/uploads\/viepratique\/2026\/03\/rappel-des-dangers-et-heroisme-de-deux-individus-400x220.jpg\" alt=\"\" style=\"width:696px;height:auto\"\/><\/figure>\n\n\n\n<p>11\/12 Przypomnienie o niebezpiecze\u0144stwach i bohaterstwie dw\u00f3ch os\u00f3bPo\u017car w Constellation to dobitny dow\u00f3d na potencjalne zagro\u017cenia w miejscach spotka\u0144 i konieczno\u015b\u0107 podj\u0119cia \u015brodk\u00f3w ostro\u017cno\u015bci, aby chroni\u0107 ludzkie \u017cycie. Bohaterskie czyny Mateo i Stefana, cho\u0107 nie prze\u017cyli, uratowa\u0142y niezliczone \u017cycia i zas\u0142uguj\u0105 na uznanie.<\/p>\n\n\n\n<figure class=\"wp-block-image is-resized\"><img decoding=\"async\" src=\"https:\/\/cdn.viepratique.fr\/wp-content\/uploads\/viepratique\/2026\/03\/enquete-en-cours-et-heritage-durable-des-heros-400x220.jpg\" alt=\"\" style=\"width:687px;height:auto\"\/><\/figure>\n\n\n\n<p>12\/12 Trwaj\u0105ce \u015bledztwo i trwa\u0142e dziedzictwo bohater\u00f3wW miar\u0119 jak \u015bledztwo trwa i rozwa\u017cane s\u0105 \u015brodki maj\u0105ce na celu popraw\u0119 bezpiecze\u0144stwa, dziedzictwo Mateo i Stefana trwa. Ich odwaga w obliczu przeciwno\u015bci losu inspiruje ca\u0142\u0105 spo\u0142eczno\u015b\u0107, by nigdy nie zapomina\u0142a o warto\u015bci m\u0119stwa.<\/p>\n","protected":false},"excerpt":{"rendered":"Niszczycielski po\u017car, niedoceniani bohaterowie i \u015bledztwo, kt\u00f3re w ko\u0144cu ujawnia prawd\u0119. Dwa miesi\u0105ce po tragedii w Constellation w Crans-Montanie w Szwajcarii, reporta\u017c \u015bledczy \n<a class=\"moretag\" href=\"https:\/\/time24.pl.ua\/?p=11427\"> [...]<\/a>","protected":false},"author":1,"featured_media":11428,"comment_status":"open","ping_status":"open","sticky":false,"template":"","format":"standard","meta":{"footnotes":""},"categories":[1],"tags":[],"class_list":["post-11427","post","type-post","status-publish","format-standard","has-post-thumbnail","hentry","category-blog"],"_links":{"self":[{"href":"https:\/\/time24.pl.ua\/index.php?rest_route=\/wp\/v2\/posts\/11427","targetHints":{"allow":["GET"]}}],"collection":[{"href":"https:\/\/time24.pl.ua\/index.php?rest_route=\/wp\/v2\/posts"}],"about":[{"href":"https:\/\/time24.pl.ua\/index.php?rest_route=\/wp\/v2\/types\/post"}],"author":[{"embeddable":true,"href":"https:\/\/time24.pl.ua\/index.php?rest_route=\/wp\/v2\/users\/1"}],"replies":[{"embeddable":true,"href":"https:\/\/time24.pl.ua\/index.php?rest_route=%2Fwp%2Fv2%2Fcomments&post=11427"}],"version-history":[{"count":1,"href":"https:\/\/time24.pl.ua\/index.php?rest_route=\/wp\/v2\/posts\/11427\/revisions"}],"predecessor-version":[{"id":11429,"href":"https:\/\/time24.pl.ua\/index.php?rest_route=\/wp\/v2\/posts\/11427\/revisions\/11429"}],"wp:featuredmedia":[{"embeddable":true,"href":"https:\/\/time24.pl.ua\/index.php?rest_route=\/wp\/v2\/media\/11428"}],"wp:attachment":[{"href":"https:\/\/time24.pl.ua\/index.php?rest_route=%2Fwp%2Fv2%2Fmedia&parent=11427"}],"wp:term":[{"taxonomy":"category","embeddable":true,"href":"https:\/\/time24.pl.ua\/index.php?rest_route=%2Fwp%2Fv2%2Fcategories&post=11427"},{"taxonomy":"post_tag","embeddable":true,"href":"https:\/\/time24.pl.ua\/index.php?rest_route=%2Fwp%2Fv2%2Ftags&post=11427"}],"curies":[{"name":"wp","href":"https:\/\/api.w.org\/{rel}","templated":true}]}}