{"id":11416,"date":"2026-04-27T10:03:50","date_gmt":"2026-04-27T10:03:50","guid":{"rendered":"https:\/\/time24.pl.ua\/?p=11416"},"modified":"2026-04-27T10:03:50","modified_gmt":"2026-04-27T10:03:50","slug":"polacy-wystawili-rachunek-karolowi-nawrockiemu-tak-zlych-wynikow-prezydent-sie-nie-spodziewal-sondaz","status":"publish","type":"post","link":"https:\/\/time24.pl.ua\/?p=11416","title":{"rendered":"Polacy wystawili rachunek Karolowi Nawrockiemu. Tak z\u0142ych wynik\u00f3w prezydent si\u0119 nie spodziewa\u0142! [sonda\u017c]"},"content":{"rendered":"\n<p><strong>Karol Nawrocki ma powa\u017cne powody do zmartwie\u0144. Najnowszy sonda\u017c przeprowadzony przez United Surveys na zlecenie Wirtualnej Polski nie pozostawia z\u0142udze\u0144 \u2013 miesi\u0105c miodowy odszed\u0142 w niepami\u0119\u0107. <\/strong><\/p>\n\n\n\n<p><strong>A\u017c 49,5 proc. respondent\u00f3w ocenia dzia\u0142ania g\u0142owy pa\u0144stwa negatywnie, podczas gdy 47 proc. widzi je w pozytywnym \u015bwietle. Wyniki badania pokazuj\u0105 nam obraz Polski podzielonej na p\u00f3\u0142.<\/strong><\/p>\n\n\n\n<h2 class=\"wp-block-heading\">Jak Polacy oceniaj\u0105 prezydentur\u0119 Karola Nawrockiego?<\/h2>\n\n\n\n<p>Kiedy ankieterzy zadali Polakom pytanie o og\u00f3ln\u0105 ocen\u0119&nbsp;<strong><a href=\"https:\/\/styl.fm\/tagi\/karol-nawrocki\">Karola Nawrockiego<\/a><\/strong>&nbsp;jako g\u0142owy pa\u0144stwa, internauci nie mieli lito\u015bci w ferowaniu wyrok\u00f3w. W obozie krytyk\u00f3w a\u017c&nbsp;<strong>31,8 proc.<\/strong>&nbsp;to osoby oceniaj\u0105ce prezydenta&nbsp;<strong>zdecydowanie negatywnie<\/strong>, co stanowi najliczniejsz\u0105 ze wszystkich przebadanych grup. Z kolei po drugiej stronie barykady&nbsp;<strong>28 proc.<\/strong>&nbsp;badanych wystawi\u0142o not\u0119 &#8220;zdecydowanie pozytywnie&#8221;, a&nbsp;<strong>19 proc.<\/strong>&nbsp;&#8220;raczej pozytywnie&#8221;. Zaledwie&nbsp;<strong>3,5 proc.<\/strong>&nbsp;ankietowanych nie potrafi\u0142o zaj\u0105\u0107 stanowiska w tej sprawie.<\/p>\n\n\n\n<p>Redakcja portalu publikuj\u0105cego badanie dosadnie podsumowa\u0142a ten ostry podzia\u0142 spo\u0142eczny.<\/p>\n\n\n\n<blockquote class=\"wp-block-quote is-layout-flow wp-block-quote-is-layout-flow\">\n<p>Analiza wynik\u00f3w przez pryzmat sympatii partyjnych obna\u017ca ogromn\u0105 polaryzacj\u0119 spo\u0142ecze\u0144stwa<\/p>\n<\/blockquote>\n\n\n\n<p>&#8211; Wirtualna Polska (redakcja).<a href=\"https:\/\/news.google.com\/publications\/CAAqBwgKMLWAlQswj9eqAw?oc=3&amp;ceid=PL:pl\" target=\"_blank\" rel=\"noreferrer noopener\"><\/a><\/p>\n\n\n\n<figure class=\"wp-block-image size-large\"><img loading=\"lazy\" decoding=\"async\" width=\"1024\" height=\"574\" src=\"https:\/\/time24.pl.ua\/wp-content\/uploads\/2026\/04\/Screenshot_2026_04_27-12-1024x574.png\" alt=\"\" class=\"wp-image-11417\" srcset=\"https:\/\/time24.pl.ua\/wp-content\/uploads\/2026\/04\/Screenshot_2026_04_27-12-1024x574.png 1024w, https:\/\/time24.pl.ua\/wp-content\/uploads\/2026\/04\/Screenshot_2026_04_27-12-300x168.png 300w, https:\/\/time24.pl.ua\/wp-content\/uploads\/2026\/04\/Screenshot_2026_04_27-12-768x431.png 768w, https:\/\/time24.pl.ua\/wp-content\/uploads\/2026\/04\/Screenshot_2026_04_27-12.png 1029w\" sizes=\"auto, (max-width: 1024px) 100vw, 1024px\" \/><\/figure>\n\n\n\n<h2 class=\"wp-block-heading\">Jak wyborcy koalicji oceniaj\u0105 prezydenta Karola Nawrockiego?<\/h2>\n\n\n\n<p>W\u015br\u00f3d zwolennik\u00f3w obecnego rz\u0105du widzimy mia\u017cd\u017c\u0105c\u0105 przewag\u0119 g\u0142os\u00f3w krytycznych.&nbsp;<strong>A\u017c 97 proc. ankietowanych w tej konkretnej grupie uwa\u017ca, \u017ce Karol Nawrocki sprawuje sw\u00f3j urz\u0105d \u017ale<\/strong>. Prawdziwym ciosem jest jednak to, \u017ce pot\u0119\u017cne 70 proc. z nich bez wahania wskaza\u0142o odpowied\u017a &#8220;zdecydowanie negatywnie&#8221;.<\/p>\n\n\n\n<p>Przeciwnicy prezydenta nie przebieraj\u0105 w s\u0142owach, a padaj\u0105ce w przestrzeni publicznej oskar\u017cenia nie pozostawiaj\u0105 pola do nadinterpretacji. By\u0142y szef WSI uderzy\u0142 wprost w najczulszy punkt tej prezydentury.<\/p>\n\n\n\n<blockquote class=\"wp-block-quote is-layout-flow wp-block-quote-is-layout-flow\">\n<p>Godzi w bezpiecze\u0144stwo pa\u0144stwa<\/p>\n<\/blockquote>\n\n\n\n<p>&#8211; bez kompromis\u00f3w skomentowa\u0142 postaw\u0119 Prezydenta gen. Marek Dukaczewski.<\/p>\n\n\n\n<figure class=\"wp-block-image size-large\"><img loading=\"lazy\" decoding=\"async\" width=\"1024\" height=\"679\" src=\"https:\/\/time24.pl.ua\/wp-content\/uploads\/2026\/04\/Screenshot_2026_04_27-13-1024x679.png\" alt=\"\" class=\"wp-image-11418\" srcset=\"https:\/\/time24.pl.ua\/wp-content\/uploads\/2026\/04\/Screenshot_2026_04_27-13-1024x679.png 1024w, https:\/\/time24.pl.ua\/wp-content\/uploads\/2026\/04\/Screenshot_2026_04_27-13-300x199.png 300w, https:\/\/time24.pl.ua\/wp-content\/uploads\/2026\/04\/Screenshot_2026_04_27-13-768x509.png 768w, https:\/\/time24.pl.ua\/wp-content\/uploads\/2026\/04\/Screenshot_2026_04_27-13.png 1027w\" sizes=\"auto, (max-width: 1024px) 100vw, 1024px\" \/><\/figure>\n\n\n\n<h2 class=\"wp-block-heading\">Jakie poparcie ma Karol Nawrocki w\u015br\u00f3d wyborc\u00f3w opozycji i Konfederacji?<\/h2>\n\n\n\n<p>W\u015br\u00f3d sympatyk\u00f3w partii prawicowych sytuacja odwraca si\u0119 o 180 stopni. To tam&nbsp;<strong>Karol Nawrocki<\/strong>&nbsp;cieszy si\u0119 imponuj\u0105cym,&nbsp;<strong>80-procentowym poparciem<\/strong>&nbsp;, a a\u017c 56 proc. to oceny zdecydowanie pozytywne. Prawdziwym fenomenem jest jednak postawa zwolennik\u00f3w Konfederacji, kt\u00f3rzy stoj\u0105 za prezydentem prawdziwym murem.<\/p>\n\n\n\n<p>Wyborcy tej formacji wystawili prezydentowi \u0142\u0105cznie 71 proc. pozytywnych not. Co najbardziej szokuj\u0105ce, w tej specyficznej grupie respondent\u00f3w nie pad\u0142a ani jedna odpowied\u017a &#8220;zdecydowanie negatywnie&#8221;.<\/p>\n\n\n\n<h2 class=\"wp-block-heading\">Co o dzia\u0142aniach Karola Nawrockiego my\u015bl\u0105 niezale\u017cni wyborcy?<\/h2>\n\n\n\n<p>Losy politycznych batalii i ostateczny ranking zaufania le\u017c\u0105 cz\u0119sto w r\u0119kach os\u00f3b, kt\u00f3re nie uto\u017csamiaj\u0105 si\u0119 z g\u0142\u00f3wnymi partiami. W tej grupie szala przechyla si\u0119 na korzy\u015b\u0107 obecnego lokatora Pa\u0142acu Prezydenckiego, przynosz\u0105c mu chwil\u0119 oddechu.<\/p>\n\n\n\n<blockquote class=\"wp-block-quote is-layout-flow wp-block-quote-is-layout-flow\">\n<p>W grupie pozosta\u0142ych wyborc\u00f3w g\u0142owa pa\u0144stwa odnotowuje 53 proc. ocen pozytywnych przy 38 proc. g\u0142os\u00f3w krytycznych<\/p>\n<\/blockquote>\n\n\n\n<p>&#8211; pisze Wirtualna Polska.<\/p>\n\n\n\n<p>To w\u0142a\u015bnie ten niezdecydowany elektorat tonuje nieco nastroje w naszym mocno podzielonym kraju.<\/p>\n\n\n\n<p><strong>Marta Nawrocka skrad\u0142a show na spotkaniu z kr\u00f3lem. Projektant patrzy na jeden szczeg\u00f3\u0142: &#8220;Wra\u017cenie kostiumowe&#8221; [zdj\u0119cia]<\/strong><\/p>\n\n\n\n<figure class=\"wp-block-image size-full\"><img loading=\"lazy\" decoding=\"async\" width=\"1013\" height=\"613\" src=\"https:\/\/time24.pl.ua\/wp-content\/uploads\/2026\/04\/Screenshot_2026_04_27-14.png\" alt=\"\" class=\"wp-image-11419\" srcset=\"https:\/\/time24.pl.ua\/wp-content\/uploads\/2026\/04\/Screenshot_2026_04_27-14.png 1013w, https:\/\/time24.pl.ua\/wp-content\/uploads\/2026\/04\/Screenshot_2026_04_27-14-300x182.png 300w, https:\/\/time24.pl.ua\/wp-content\/uploads\/2026\/04\/Screenshot_2026_04_27-14-768x465.png 768w\" sizes=\"auto, (max-width: 1013px) 100vw, 1013px\" \/><\/figure>\n","protected":false},"excerpt":{"rendered":"Karol Nawrocki ma powa\u017cne powody do zmartwie\u0144. Najnowszy sonda\u017c przeprowadzony przez United Surveys na zlecenie Wirtualnej Polski nie pozostawia z\u0142udze\u0144 \u2013 miesi\u0105c miodowy \n<a class=\"moretag\" href=\"https:\/\/time24.pl.ua\/?p=11416\"> [...]<\/a>","protected":false},"author":1,"featured_media":11420,"comment_status":"open","ping_status":"open","sticky":false,"template":"","format":"standard","meta":{"footnotes":""},"categories":[1],"tags":[],"class_list":["post-11416","post","type-post","status-publish","format-standard","has-post-thumbnail","hentry","category-blog"],"_links":{"self":[{"href":"https:\/\/time24.pl.ua\/index.php?rest_route=\/wp\/v2\/posts\/11416","targetHints":{"allow":["GET"]}}],"collection":[{"href":"https:\/\/time24.pl.ua\/index.php?rest_route=\/wp\/v2\/posts"}],"about":[{"href":"https:\/\/time24.pl.ua\/index.php?rest_route=\/wp\/v2\/types\/post"}],"author":[{"embeddable":true,"href":"https:\/\/time24.pl.ua\/index.php?rest_route=\/wp\/v2\/users\/1"}],"replies":[{"embeddable":true,"href":"https:\/\/time24.pl.ua\/index.php?rest_route=%2Fwp%2Fv2%2Fcomments&post=11416"}],"version-history":[{"count":1,"href":"https:\/\/time24.pl.ua\/index.php?rest_route=\/wp\/v2\/posts\/11416\/revisions"}],"predecessor-version":[{"id":11421,"href":"https:\/\/time24.pl.ua\/index.php?rest_route=\/wp\/v2\/posts\/11416\/revisions\/11421"}],"wp:featuredmedia":[{"embeddable":true,"href":"https:\/\/time24.pl.ua\/index.php?rest_route=\/wp\/v2\/media\/11420"}],"wp:attachment":[{"href":"https:\/\/time24.pl.ua\/index.php?rest_route=%2Fwp%2Fv2%2Fmedia&parent=11416"}],"wp:term":[{"taxonomy":"category","embeddable":true,"href":"https:\/\/time24.pl.ua\/index.php?rest_route=%2Fwp%2Fv2%2Fcategories&post=11416"},{"taxonomy":"post_tag","embeddable":true,"href":"https:\/\/time24.pl.ua\/index.php?rest_route=%2Fwp%2Fv2%2Ftags&post=11416"}],"curies":[{"name":"wp","href":"https:\/\/api.w.org\/{rel}","templated":true}]}}