{"id":11410,"date":"2026-04-27T09:59:31","date_gmt":"2026-04-27T09:59:31","guid":{"rendered":"https:\/\/time24.pl.ua\/?p=11410"},"modified":"2026-04-27T09:59:31","modified_gmt":"2026-04-27T09:59:31","slug":"dawid-niedzwiedz-to-byly-jej-ostatnie-slowa-potworna-smierc-58-latki-w-bieszczadach","status":"publish","type":"post","link":"https:\/\/time24.pl.ua\/?p=11410","title":{"rendered":"&#8220;Dawid, nied\u017awied\u017a!&#8221; \u2013 to by\u0142y jej ostatnie s\u0142owa. Potworna \u015bmier\u0107 58-latki w Bieszczadach!"},"content":{"rendered":"\n<p><strong>58-letnia pani Edyta z miejscowo\u015bci Mokre zgin\u0119\u0142a na oczach swojego syna podczas poszukiwania zrzut\u00f3w jeleni w okolicach miejscowo\u015bci P\u0142onna. O godzinie 10:26 w czwartek, 23 kwietnia 2026 roku przera\u017cony 27-latek wezwa\u0142 pomoc ze wzniesienia w pobli\u017cu g\u00f3ry \u017burawianka.<\/strong><\/p>\n\n\n\n<p><strong> To, co wydarzy\u0142o si\u0119 w g\u0119stym lesie, przypomina scenariusz mrocznego thrillera. \u015awiadomo\u015b\u0107, \u017ce m\u0142ody m\u0119\u017cczyzna musia\u0142 na \u017cywo s\u0142ucha\u0107 \u015bmierci w\u0142asnej matki przez telefon, wywo\u0142uje autentyczne ciarki na plecach.<\/strong><\/p>\n\n\n\n<h2 class=\"wp-block-heading\">Tragedia w P\u0142onnej. Jak dosz\u0142o do ataku nied\u017awiedzia w gminie Bukowsko?<\/h2>\n\n\n\n<p><a href=\"https:\/\/styl.fm\/tagi\/smierc\">Do koszmarnego zdarzenia<\/a>&nbsp;dosz\u0142o w czwartek 23 kwietnia 2026 roku w trudno dost\u0119pnym terenie Beskidu Niskiego. Matka i syn wybrali si\u0119 do lasu, by wsp\u00f3lnie zebra\u0107 popularne o tej porze roku zrzuty jeleni. W pewnym momencie rozdzielili si\u0119 w zaro\u015blach, co w takich okoliczno\u015bciach jest ca\u0142kowicie normaln\u0105 praktyk\u0105 w\u015br\u00f3d zbieraczy. \u017badne z nich nie przypuszcza\u0142o, \u017ce ta decyzja przypiecz\u0119tuje los kobiety.<\/p>\n\n\n\n<p>Kobieta niespodziewanie dostrzeg\u0142a mi\u0119dzy drzewami sylwetk\u0119 przypominaj\u0105c\u0105 m\u0142ode zwierz\u0119 i natychmiast chwyci\u0142a za telefon. Wykr\u0119ci\u0142a numer syna, aby poinformowa\u0107 go, \u017ce idzie za tak zwanym &#8220;ciel\u0105tkiem&#8221;, a wi\u0119c w jej opinii \u2013 m\u0142odym jeleniem. 58-latka nie mia\u0142a najmniejszego poj\u0119cia, \u017ce wesz\u0142a w pu\u0142apk\u0119 bez wyj\u015bcia, a za chwil\u0119 nast\u0105pi brutalny&nbsp;<strong>atak nied\u017awiedzia<\/strong>.<a href=\"https:\/\/news.google.com\/publications\/CAAqBwgKMLWAlQswj9eqAw?oc=3&amp;ceid=PL:pl\" target=\"_blank\" rel=\"noreferrer noopener\"><\/a><\/p>\n\n\n\n<figure class=\"wp-block-image size-large\"><img loading=\"lazy\" decoding=\"async\" width=\"1024\" height=\"574\" src=\"https:\/\/time24.pl.ua\/wp-content\/uploads\/2026\/04\/Screenshot_2026_04_27-7-1024x574.png\" alt=\"\" class=\"wp-image-11411\" srcset=\"https:\/\/time24.pl.ua\/wp-content\/uploads\/2026\/04\/Screenshot_2026_04_27-7-1024x574.png 1024w, https:\/\/time24.pl.ua\/wp-content\/uploads\/2026\/04\/Screenshot_2026_04_27-7-300x168.png 300w, https:\/\/time24.pl.ua\/wp-content\/uploads\/2026\/04\/Screenshot_2026_04_27-7-768x430.png 768w, https:\/\/time24.pl.ua\/wp-content\/uploads\/2026\/04\/Screenshot_2026_04_27-7.png 1028w\" sizes=\"auto, (max-width: 1024px) 100vw, 1024px\" \/><\/figure>\n\n\n\n<h2 class=\"wp-block-heading\">\u015amier\u0107 58-latki w Bieszczadach. Relacja brata ofiary o ostatnich chwilach kobiety<\/h2>\n\n\n\n<p>To w\u0142a\u015bnie przez s\u0142uchawk\u0119 rozegra\u0142 si\u0119 najwi\u0119kszy, parali\u017cuj\u0105cy wr\u0119cz dramat. Dawid zamiast radosnej opowie\u015bci o sarnie, us\u0142ysza\u0142 rozdzieraj\u0105cy wrzask matki walcz\u0105cej o \u017cycie.&nbsp;<strong>Pawe\u0142 Winkowski<\/strong>, brat zmar\u0142ej kobiety, opisa\u0142 ten mro\u017c\u0105cy krew w \u017cy\u0142ach moment z niezwyk\u0142ymi szczeg\u00f3\u0142ami. Internauci s\u0105 wstrz\u0105\u015bni\u0119ci tym, \u017ce m\u0142ody m\u0119\u017cczyzna by\u0142 naocznym, a w\u0142a\u015bciwie &#8220;nausznym&#8221; \u015bwiadkiem brutalnego ko\u0144ca \u017cycia 58-latki.<\/p>\n\n\n\n<blockquote class=\"wp-block-quote is-layout-flow wp-block-quote-is-layout-flow\">\n<p>W pewnym momencie Dawid z Edyt\u0105 rozdzielili si\u0119. Jaki\u015b czas potem siostra zadzwoni\u0142a do syna, bo zauwa\u017cy\u0142a &#8220;ciel\u0105tko&#8221;, czyli m\u0142ode jelenia. Sz\u0142a za nim i nagle rozleg\u0142 si\u0119 pot\u0119\u017cny krzyk: &#8220;Dawid, nied\u017awied\u017a, Dawid!&#8221; Syn us\u0142ysza\u0142 ju\u017c tylko krzyki, pisk i ryk nied\u017awiedzia. Po chwili wszystko si\u0119 sko\u0144czy\u0142o<\/p>\n<\/blockquote>\n\n\n\n<p>Zaraz po tym dramatycznym wezwaniu zapanowa\u0142a g\u0142ucha, nienaturalna cisza. 27-latek natychmiast ruszy\u0142 na gor\u0105czkowe poszukiwania i po chwili odnalaz\u0142 matk\u0119 zalan\u0105 krwi\u0105 na le\u015bnym poszyciu. Kobieta odnios\u0142a&nbsp;<strong>\u015bmiertelne obra\u017cenia g\u0142owy<\/strong>, nie daj\u0105c ratownikom \u017cadnego pola do dzia\u0142ania. Policjanci napotkali ogromne trudno\u015bci z samym dotarciem na miejsce tragedii.<\/p>\n\n\n\n<blockquote class=\"wp-block-quote is-layout-flow wp-block-quote-is-layout-flow\">\n<p>Zg\u0142oszenie otrzymali\u015bmy dzisiaj o godz. 10.26. Z informacji przekazanych przez zg\u0142aszaj\u0105cego wynika\u0142o, \u017ce w kompleksie le\u015bnym w miejscowo\u015bci P\u0142onna mia\u0142o doj\u015b\u0107 do ataku nied\u017awiedzia. Policjanci po dotarciu na miejsce ujawnili zw\u0142oki 58-letniej kobiety, kt\u00f3ra posiada\u0142a widoczne obra\u017cenia.<\/p>\n<\/blockquote>\n\n\n\n<p>S\u0142u\u017cby ratunkowe niewiele mog\u0142y zrobi\u0107 dla poszkodowanej, co tylko pot\u0119guje tragizm tej historii. Cia\u0142o w lesie asekurowali funkcjonariusze wyposa\u017ceni w d\u0142ug\u0105 bro\u0144 z obawy o nag\u0142y powr\u00f3t drapie\u017cnika. Stra\u017cacy musieli zderzy\u0107 si\u0119 z wyj\u0105tkowo trudnym, drastycznym widokiem.<\/p>\n\n\n\n<blockquote class=\"wp-block-quote is-layout-flow wp-block-quote-is-layout-flow\">\n<p>Stra\u017cacy byli na miejscu pierwsi wraz z policjantami. Ze wzgl\u0119du na uszkodzenia cia\u0142a odst\u0105pili od czynno\u015bci medycznych, a po godzinie 12.00 ratownicy medyczni stwierdzili zgon kobiety<\/p>\n<\/blockquote>\n\n\n\n<figure class=\"wp-block-image size-large\"><img loading=\"lazy\" decoding=\"async\" width=\"1024\" height=\"576\" src=\"https:\/\/time24.pl.ua\/wp-content\/uploads\/2026\/04\/Screenshot_2026_04_27-8-1024x576.png\" alt=\"\" class=\"wp-image-11412\" srcset=\"https:\/\/time24.pl.ua\/wp-content\/uploads\/2026\/04\/Screenshot_2026_04_27-8-1024x576.png 1024w, https:\/\/time24.pl.ua\/wp-content\/uploads\/2026\/04\/Screenshot_2026_04_27-8-300x169.png 300w, https:\/\/time24.pl.ua\/wp-content\/uploads\/2026\/04\/Screenshot_2026_04_27-8-768x432.png 768w, https:\/\/time24.pl.ua\/wp-content\/uploads\/2026\/04\/Screenshot_2026_04_27-8.png 1026w\" sizes=\"auto, (max-width: 1024px) 100vw, 1024px\" \/><\/figure>\n\n\n\n<h2 class=\"wp-block-heading\">Populacja nied\u017awiedzi na Podkarpaciu. Dlaczego drapie\u017cnik zaatakowa\u0142 ludzi?<\/h2>\n\n\n\n<p>Komentatorzy z ca\u0142ej Polski zadaj\u0105 sobie teraz jedno pytanie: dlaczego w og\u00f3le dosz\u0142o do tak krwawego starcia? Z ustale\u0144 wynika, \u017ce&nbsp;<strong>ofiara prawdopodobnie nie\u015bwiadomie wesz\u0142a pomi\u0119dzy doros\u0142\u0105 nied\u017awiedzic\u0119 a jej m\u0142ode<\/strong>. W bezlitosnych prawach natury oznacza to dla intruza natychmiastowy wyrok.&nbsp;<strong>Jan Mazur<\/strong>&nbsp;z miejscowego nadle\u015bnictwa bez ogr\u00f3dek wyja\u015bni\u0142, jak realne jest obecnie ryzyko w tych lasach.<\/p>\n\n\n\n<blockquote class=\"wp-block-quote is-layout-flow wp-block-quote-is-layout-flow\">\n<p>Tutaj bytuje trzy samice z m\u0142odymi. W zwi\u0105zku z tym mo\u017ce weszli ci ludzie mi\u0119dzy m\u0142ode a doros\u0142e nied\u017awiedzice, to si\u0119 najcz\u0119\u015bciej zdarza takie ataki.<\/p>\n<\/blockquote>\n\n\n\n<figure class=\"wp-block-image size-large\"><img loading=\"lazy\" decoding=\"async\" width=\"1024\" height=\"727\" src=\"https:\/\/time24.pl.ua\/wp-content\/uploads\/2026\/04\/Screenshot_2026_04_27-9-1024x727.png\" alt=\"\" class=\"wp-image-11413\" srcset=\"https:\/\/time24.pl.ua\/wp-content\/uploads\/2026\/04\/Screenshot_2026_04_27-9-1024x727.png 1024w, https:\/\/time24.pl.ua\/wp-content\/uploads\/2026\/04\/Screenshot_2026_04_27-9-300x213.png 300w, https:\/\/time24.pl.ua\/wp-content\/uploads\/2026\/04\/Screenshot_2026_04_27-9-768x546.png 768w, https:\/\/time24.pl.ua\/wp-content\/uploads\/2026\/04\/Screenshot_2026_04_27-9-120x85.png 120w, https:\/\/time24.pl.ua\/wp-content\/uploads\/2026\/04\/Screenshot_2026_04_27-9.png 1029w\" sizes=\"auto, (max-width: 1024px) 100vw, 1024px\" \/><\/figure>\n\n\n\n<h2 class=\"wp-block-heading\">Bezpiecze\u0144stwo w gminie Bukowsko. W\u0142adze apeluj\u0105 o unikanie las\u00f3w w rejonie P\u0142onnej<\/h2>\n\n\n\n<p>Przedstawiciele lokalnej administracji nie ukrywaj\u0105 swojej bezsilno\u015bci i w\u015bciek\u0142o\u015bci. Starosta sanocki&nbsp;<strong>Robert Pieszczoch<\/strong>&nbsp;oraz w\u00f3jt gminy Bukowsko&nbsp;<strong>Marek Ba\u0144kowski<\/strong>&nbsp;osobi\u015bcie stawili si\u0119 w okolicach miejsca tragedii. W\u0142odarze \u017c\u0105daj\u0105 systemowych rozwi\u0105za\u0144 prawnych i powo\u0142uj\u0105 si\u0119 na pa\u0144stwa s\u0105siaduj\u0105ce, w kt\u00f3rych kontrola populacji niebezpiecznych dla ludzi drapie\u017cnik\u00f3w przebiega sprawniej.<\/p>\n\n\n\n<blockquote class=\"wp-block-quote is-layout-flow wp-block-quote-is-layout-flow\">\n<p>Przekazujemy to do regionalnego dyrektora ochrony \u015brodowiska, ewentualnie dostajemy zgod\u0119 na p\u0142oszenie, a z drugiej strony mamy konkretn\u0105 wiedz\u0119 od naszych przyjaci\u00f3\u0142, partner\u00f3w ze S\u0142owacji, gdzie tam jest konkretne ograniczanie populacji zwierz\u0105t drapie\u017cnych. Bo uznano na terenie S\u0142owacji, tak jak my wszyscy potwierdzamy to, drapie\u017cnik\u00f3w jest zwyczajnie za du\u017co na tym obszarze.<\/p>\n<\/blockquote>\n\n\n\n<iframe loading=\"lazy\" src=\"https:\/\/www.facebook.com\/plugins\/post.php?href=https%3A%2F%2Fwww.facebook.com%2FBukowskoGmina%2Fposts%2Fpfbid0LD3bkKhUQdti3vDMfGWv9ue637dqE8AZjYZoM5X4VF9jimeFcSsbyfvC6XipBU7Cl&#038;show_text=true&#038;width=500\" width=\"500\" height=\"735\" style=\"border:none;overflow:hidden\" scrolling=\"no\" frameborder=\"0\" allowfullscreen=\"true\" allow=\"autoplay; clipboard-write; encrypted-media; picture-in-picture; web-share\"><\/iframe>\n\n\n\n<p>Podczas gdy na miejscu pracuj\u0105 powo\u0142ani przez prokuratora biegli, samorz\u0105d pr\u00f3buje opanowa\u0107 powszechn\u0105 panik\u0119. Aby unikn\u0105\u0107 kolejnych dramat\u00f3w, wydano o\u015bwiadczenie, kt\u00f3rego nikt z mieszka\u0144c\u00f3w nie powinien ignorowa\u0107. Opublikowano&nbsp;<strong>bezwzgl\u0119dny apel o unikanie las\u00f3w w rejonie miejscowo\u015bci: P\u0142onna, Wysoczany, Szczawne i Bukowsko<\/strong>, licz\u0105c na zdrowy rozs\u0105dek obywateli.<\/p>\n\n\n\n<blockquote class=\"wp-block-quote is-layout-flow wp-block-quote-is-layout-flow\">\n<p>W zwi\u0105zku ze \u015bmiertelnym atakiem nied\u017awiedzia na kobiet\u0119 w miejscowo\u015bci P\u0142onna (gmina Bukowsko) zwracamy si\u0119 z piln\u0105 pro\u015bb\u0105 do wszystkich mieszka\u0144c\u00f3w oraz os\u00f3b przebywaj\u0105cych w okolicy o bezwzgl\u0119dne powstrzymanie si\u0119 od wchodzenia do pobliskich teren\u00f3w le\u015bnych oraz nieprzyje\u017cd\u017canie na miejsce zdarzenia<\/p>\n<\/blockquote>\n","protected":false},"excerpt":{"rendered":"58-letnia pani Edyta z miejscowo\u015bci Mokre zgin\u0119\u0142a na oczach swojego syna podczas poszukiwania zrzut\u00f3w jeleni w okolicach miejscowo\u015bci P\u0142onna. O godzinie 10:26 w \n<a class=\"moretag\" href=\"https:\/\/time24.pl.ua\/?p=11410\"> [...]<\/a>","protected":false},"author":1,"featured_media":11414,"comment_status":"open","ping_status":"open","sticky":false,"template":"","format":"standard","meta":{"footnotes":""},"categories":[1],"tags":[],"class_list":["post-11410","post","type-post","status-publish","format-standard","has-post-thumbnail","hentry","category-blog"],"_links":{"self":[{"href":"https:\/\/time24.pl.ua\/index.php?rest_route=\/wp\/v2\/posts\/11410","targetHints":{"allow":["GET"]}}],"collection":[{"href":"https:\/\/time24.pl.ua\/index.php?rest_route=\/wp\/v2\/posts"}],"about":[{"href":"https:\/\/time24.pl.ua\/index.php?rest_route=\/wp\/v2\/types\/post"}],"author":[{"embeddable":true,"href":"https:\/\/time24.pl.ua\/index.php?rest_route=\/wp\/v2\/users\/1"}],"replies":[{"embeddable":true,"href":"https:\/\/time24.pl.ua\/index.php?rest_route=%2Fwp%2Fv2%2Fcomments&post=11410"}],"version-history":[{"count":1,"href":"https:\/\/time24.pl.ua\/index.php?rest_route=\/wp\/v2\/posts\/11410\/revisions"}],"predecessor-version":[{"id":11415,"href":"https:\/\/time24.pl.ua\/index.php?rest_route=\/wp\/v2\/posts\/11410\/revisions\/11415"}],"wp:featuredmedia":[{"embeddable":true,"href":"https:\/\/time24.pl.ua\/index.php?rest_route=\/wp\/v2\/media\/11414"}],"wp:attachment":[{"href":"https:\/\/time24.pl.ua\/index.php?rest_route=%2Fwp%2Fv2%2Fmedia&parent=11410"}],"wp:term":[{"taxonomy":"category","embeddable":true,"href":"https:\/\/time24.pl.ua\/index.php?rest_route=%2Fwp%2Fv2%2Fcategories&post=11410"},{"taxonomy":"post_tag","embeddable":true,"href":"https:\/\/time24.pl.ua\/index.php?rest_route=%2Fwp%2Fv2%2Ftags&post=11410"}],"curies":[{"name":"wp","href":"https:\/\/api.w.org\/{rel}","templated":true}]}}