{"id":11407,"date":"2026-04-27T09:37:26","date_gmt":"2026-04-27T09:37:26","guid":{"rendered":"https:\/\/time24.pl.ua\/?p=11407"},"modified":"2026-04-27T09:37:26","modified_gmt":"2026-04-27T09:37:26","slug":"isabel-preysler-i-julio-iglesias-legenda-milosci-i-blasku-ktora-przetrwala-dekady","status":"publish","type":"post","link":"https:\/\/time24.pl.ua\/?p=11407","title":{"rendered":"Isabel Preysler i Julio Iglesias: legenda mi\u0142o\u015bci i blasku, kt\u00f3ra przetrwa\u0142a dekady"},"content":{"rendered":"\n<h2 class=\"wp-block-heading\">Ich romans roz\u015bwietli\u0142 lata 70., uciele\u015bniaj\u0105c marzenie o absolutnym blasku. Dekady po rozstaniu, aura Isabel Preysler i Julio Iglesiasa wci\u0105\u017c urzeka, \u015bwiadcz\u0105c o dziedzictwie o wiele trwalszym ni\u017c zwyk\u0142y romans.<\/h2>\n\n\n\n<p>Ich historia mi\u0142osna prawdziwie rozpali\u0142a wyobra\u017ani\u0119 ca\u0142ego pokolenia. W latach siedemdziesi\u0105tych para, kt\u00f3r\u0105 tworzyli Isabel Preysler i Julio Iglesias, b\u0142yszcza\u0142a niezr\u00f3wnanym blaskiem na scenie towarzyskiej.<\/p>\n\n\n\n<p> On by\u0142 zmys\u0142owym g\u0142osem i ognist\u0105 charyzm\u0105 odnosz\u0105cego sukcesy piosenkarza. Ona by\u0142a muz\u0105 o wyj\u0105tkowej elegancji, kt\u00f3rej naturalne pi\u0119kno urzeka\u0142o fotograf\u00f3w.<\/p>\n\n\n\n<figure class=\"wp-block-image\"><img decoding=\"async\" src=\"https:\/\/pratiquesinfos.com\/wp-content\/uploads\/20250815-2.jpg\" alt=\"\" class=\"wp-image-102300\"\/><\/figure>\n\n\n\n<p>Ich romans urzeka\u0142 ogromne t\u0142umy\u2026 i co nietypowe, fascynacja ta nie straci\u0142a na znaczeniu nawet po tym, jak ich drogi si\u0119 rozesz\u0142y.<\/p>\n\n\n\n<h2 class=\"wp-block-heading\">Mi\u0142o\u015b\u0107, kt\u00f3ra zdefiniowa\u0142a ca\u0142\u0105 epok\u0119<\/h2>\n\n\n\n<figure class=\"wp-block-image\"><img decoding=\"async\" src=\"https:\/\/pratiquesinfos.com\/wp-content\/uploads\/boda-isabel-preysler-julio_84aa98c4_230707133227_1280x720-1.jpg\" alt=\"\" class=\"wp-image-102302\"\/><\/figure>\n\n\n\n<p>Kiedy ich drogi si\u0119 skrzy\u017cowa\u0142y, wszystko zdawa\u0142o si\u0119 by\u0107 jak we wsp\u00f3\u0142czesnej bajce.<\/p>\n\n\n\n<p>Julio ju\u017c wtedy \u015bwi\u0119ci\u0142 b\u0142yskawiczne triumfy na arenie mi\u0119dzynarodowej, a Isabel urzeka\u0142a wrodzonym wdzi\u0119kiem i nienagannym stylem. Razem stali si\u0119 twarz\u0105 epoki, w kt\u00f3rej nami\u0119tno\u015b\u0107 wyra\u017cano z pewn\u0105 elegancj\u0105.<\/p>\n\n\n\n<p>Ich zwi\u0105zek natychmiast przyci\u0105gn\u0105\u0142 uwag\u0119 opinii publicznej. Szybko stali si\u0119 kwintesencj\u0105 celebryckiej pary, symbolizuj\u0105cej unikalne po\u0142\u0105czenie muzyki, wy\u017cszych sfer i rodzinnego szcz\u0119\u015bcia.<\/p>\n\n\n\n<p>Jednak, jak to cz\u0119sto bywa pod wp\u0142ywem medi\u00f3w, ich zwi\u0105zek potoczy\u0142 si\u0119 zupe\u0142nie inn\u0105 drog\u0105.<\/p>\n\n\n\n<h2 class=\"wp-block-heading\">Isabel Preysler: sztuka ponadczasowej elegancji<\/h2>\n\n\n\n<figure class=\"wp-block-image\"><img decoding=\"async\" src=\"https:\/\/pratiquesinfos.com\/wp-content\/uploads\/fotomontaje-isabel-preysler-julio-iglesias-cara-seria_1600_1067-2.webp\" alt=\"\" class=\"wp-image-102301\"\/><\/figure>\n\n\n\n<p>Isabel Preysler, kt\u00f3ra mo\u017ce pochwali\u0107 si\u0119 ponad siedmioma dekadami do\u015bwiadczenia, pozostaje do dzi\u015b filarem hiszpa\u0144skiej elity.<\/p>\n\n\n\n<p>Jej publiczne wyst\u0105pienia, czy to na czerwonym dywanie, czy w prostym po\u015bcie na Instagramie, zawsze przyci\u0105gaj\u0105 wzrok. Jej wyrafinowanie i opanowanie wci\u0105\u017c budz\u0105 podziw.<\/p>\n\n\n\n<p>Ale najbardziej imponuj\u0105cy jest chyba wewn\u0119trzny spok\u00f3j, kt\u00f3rym teraz emanuje. Z czasem odnalaz\u0142a umiej\u0119tn\u0105 r\u00f3wnowag\u0119 mi\u0119dzy dyskrecj\u0105, pewno\u015bci\u0105 siebie i rado\u015bci\u0105 \u017cycia.<\/p>\n\n\n\n<p>Dla wielu z nas jest to symbol spokojnej i wsp\u00f3\u0142czesnej wizji dojrza\u0142o\u015bci: momentu w \u017cyciu, w kt\u00f3rym w pe\u0142ni akceptujemy siebie, wolni od spojrze\u0144 innych.<\/p>\n\n\n\n<h2 class=\"wp-block-heading\">Julio Iglesias: ponadczasowa ikona piosenki<\/h2>\n\n\n\n<p>Julio Iglesias ze swojej strony zachowuje swoje miejsce w panteonie legend muzyki.<\/p>\n\n\n\n<p>Cho\u0107 wyst\u0119puje rzadziej, jego muzyczne dziedzictwo wci\u0105\u017c rezonuje na ca\u0142ym \u015bwiecie. Utwory takie jak&nbsp;<em>\u201eLa Vida Sigue Igual\u201d<\/em>&nbsp;i&nbsp;<em>\u201eTo All the Girls I\u2019ve Loved Before\u201d<\/em>&nbsp;sta\u0142y si\u0119 \u015bcie\u017ck\u0105 d\u017awi\u0119kow\u0105 \u017cycia wielu pokole\u0144.<\/p>\n\n\n\n<p>Dzi\u0119ki swojej cichej charyzmie i charakterystycznemu spojrzeniu, w oczach wielu nadal uosabia archetyp legendy&nbsp;<strong>muzyki<\/strong>&nbsp;i m\u0119skiej klasy.<\/p>\n\n\n\n<p>Dzi\u015b artysta preferuje spokojniejszy tryb \u017cycia, z dala od wiru \u015bwiatowych tras koncertowych, nie trac\u0105c przy tym nic ze swojej aury absolutnej ikony.<\/p>\n\n\n\n<h2 class=\"wp-block-heading\">Dwie oddzielne \u015bcie\u017cki, jeden wsp\u00f3lny \u015blad<\/h2>\n\n\n\n<p>Chocia\u017c Isabel i Julio wybrali r\u00f3\u017cne drogi, \u0142\u0105czy ich niezaprzeczalne wsp\u00f3lne dziedzictwo.<\/p>\n\n\n\n<p>Ich historia na zawsze pozostanie zwi\u0105zana ze z\u0142ot\u0105 er\u0105, w kt\u00f3rej blask, porywaj\u0105ce melodie i wielkie nami\u0119tno\u015bci by\u0142y centrum wiadomo\u015bci.<\/p>\n\n\n\n<p>Ich historia przypomina nam, nawet dzisiaj, \u017ce gwiazdy mog\u0105 dojrzewa\u0107 z godno\u015bci\u0105, zachowuj\u0105c jednocze\u015bnie swoj\u0105 godno\u015b\u0107 i tajemniczo\u015b\u0107.<\/p>\n\n\n\n<h2 class=\"wp-block-heading\">Sztuka starzenia si\u0119 w dobrym stylu, z naturalno\u015bci\u0105 i stylem<\/h2>\n\n\n\n<p>W spo\u0142ecze\u0144stwie, w kt\u00f3rym tak bardzo zale\u017cy na wiecznej m\u0142odo\u015bci, ich losy stanowi\u0105 cenn\u0105 lekcj\u0119.<\/p>\n\n\n\n<p>Pokazuj\u0105 nam, \u017ce mo\u017cna wita\u0107 kolejne lata ze spokojem, traktuj\u0105c je jako nowe rozdzia\u0142y w pe\u0142ni prze\u017cytego istnienia.<\/p>\n\n\n\n<p>Ka\u017cda zmarszczka, ka\u017cde wsp\u00f3lne wspomnienie staje si\u0119 autentycznym i pi\u0119knym znakiem bogatego \u017cycia.<\/p>\n\n\n\n<p>A co, je\u015bli ich najpi\u0119kniejsze przes\u0142anie brzmia\u0142oby w skr\u00f3cie tak: prawdziwa klasa to nie walka z czasem, ale umiej\u0119tno\u015b\u0107 podej\u015bcia do niego z pewno\u015bci\u0105 siebie i promienn\u0105 autentyczno\u015bci\u0105.<\/p>\n","protected":false},"excerpt":{"rendered":"Ich romans roz\u015bwietli\u0142 lata 70., uciele\u015bniaj\u0105c marzenie o absolutnym blasku. Dekady po rozstaniu, aura Isabel Preysler i Julio Iglesiasa wci\u0105\u017c urzeka, \u015bwiadcz\u0105c o \n<a class=\"moretag\" href=\"https:\/\/time24.pl.ua\/?p=11407\"> [...]<\/a>","protected":false},"author":1,"featured_media":11408,"comment_status":"open","ping_status":"open","sticky":false,"template":"","format":"standard","meta":{"footnotes":""},"categories":[1],"tags":[],"class_list":["post-11407","post","type-post","status-publish","format-standard","has-post-thumbnail","hentry","category-blog"],"_links":{"self":[{"href":"https:\/\/time24.pl.ua\/index.php?rest_route=\/wp\/v2\/posts\/11407","targetHints":{"allow":["GET"]}}],"collection":[{"href":"https:\/\/time24.pl.ua\/index.php?rest_route=\/wp\/v2\/posts"}],"about":[{"href":"https:\/\/time24.pl.ua\/index.php?rest_route=\/wp\/v2\/types\/post"}],"author":[{"embeddable":true,"href":"https:\/\/time24.pl.ua\/index.php?rest_route=\/wp\/v2\/users\/1"}],"replies":[{"embeddable":true,"href":"https:\/\/time24.pl.ua\/index.php?rest_route=%2Fwp%2Fv2%2Fcomments&post=11407"}],"version-history":[{"count":1,"href":"https:\/\/time24.pl.ua\/index.php?rest_route=\/wp\/v2\/posts\/11407\/revisions"}],"predecessor-version":[{"id":11409,"href":"https:\/\/time24.pl.ua\/index.php?rest_route=\/wp\/v2\/posts\/11407\/revisions\/11409"}],"wp:featuredmedia":[{"embeddable":true,"href":"https:\/\/time24.pl.ua\/index.php?rest_route=\/wp\/v2\/media\/11408"}],"wp:attachment":[{"href":"https:\/\/time24.pl.ua\/index.php?rest_route=%2Fwp%2Fv2%2Fmedia&parent=11407"}],"wp:term":[{"taxonomy":"category","embeddable":true,"href":"https:\/\/time24.pl.ua\/index.php?rest_route=%2Fwp%2Fv2%2Fcategories&post=11407"},{"taxonomy":"post_tag","embeddable":true,"href":"https:\/\/time24.pl.ua\/index.php?rest_route=%2Fwp%2Fv2%2Ftags&post=11407"}],"curies":[{"name":"wp","href":"https:\/\/api.w.org\/{rel}","templated":true}]}}