{"id":11401,"date":"2026-04-27T09:22:05","date_gmt":"2026-04-27T09:22:05","guid":{"rendered":"https:\/\/time24.pl.ua\/?p=11401"},"modified":"2026-04-27T09:22:05","modified_gmt":"2026-04-27T09:22:05","slug":"nagla-smierc-15-letniej-dziewczyny-w-luna-parku-niedaleko-montpellier-spolecznosc-wesolego-miasteczka-w-szoku","status":"publish","type":"post","link":"https:\/\/time24.pl.ua\/?p=11401","title":{"rendered":"Nag\u0142a \u015bmier\u0107 15-letniej dziewczyny w Luna Parku niedaleko Montpellier: spo\u0142eczno\u015b\u0107 weso\u0142ego miasteczka w szoku"},"content":{"rendered":"\n<p>Letni wiecz\u00f3r w Luna Parku w P\u00e9rols, niedaleko Montpellier, zamieni\u0142 si\u0119 w koszmar,<\/p>\n\n\n\n<p><a href=\"https:\/\/widgets.mgid.com\/ru\/?utm_source=swiat24.pl.ua&amp;utm_medium=referral&amp;utm_campaign=widgets&amp;utm_content=1913749\" target=\"_blank\" rel=\"noreferrer noopener\"><\/a><a href=\"https:\/\/www.mgid.com\/services\/privacy-policy\" target=\"_blank\" rel=\"noreferrer noopener\"><\/a>gdy 15-letnia dziewczyna niespodziewanie straci\u0142a \u017cycie,<\/p>\n\n\n\n<p>pozostawiaj\u0105c spo\u0142eczno\u015b\u0107 weso\u0142ego miasteczka i odwiedzaj\u0105cych w stanie szoku.<a href=\"https:\/\/clck.mgid.com\/ghits\/23606657\/i\/62543879\/0\/pp\/1\/1?h=9pudb1rKUUdqsQCWMC3Tc5xLRLgrbXR00j52Qj_zCzf5JJX0D-qCqGGGZE8W27Ff2BIsCoEg9scOvuzFWlpNArcR89gaO3ZaDkTMuSPz8ukh2FtUFpNxERigTXWe3-6K&amp;rid=7081462d-421a-11f1-ab20-d404e677c390&amp;ts=l.facebook.com&amp;tt=Social&amp;att=1&amp;pubsrcid=eyeo&amp;cpm=1&amp;abd=1&amp;iv=17&amp;ct=1&amp;gdprApplies=0&amp;st=240&amp;mp4=1&amp;h2=D_NQLOCk-PI2mMV05howDI3PNBocOUfAY4oiMcpF0DzX-0kOVyeE14tvlr9ICNS23_BXnHpGDmdkek6vLv0J4A**&amp;k=1913749fc*f!fZ7OPiu-fZ7OPnuQfYWVjNTczNjlkNWE2YzExNDE2ZTJjOTQ0YTFiOTAxYjc%3DfMjM2*DI4MA%3D%3Df!fNO4e2%3Af%2Bff!ff%2C*f%2C*ffQf%3AfaHR0cHM6Ly9zd2lhdDI0LnBsLnVhLz9wPTI2MjM2JmZiY2xpZD1Jd1kyeGphd1JjQ2RsbGVIUnVBMkZsYlFJeE1BQmljbWxrRVRGclVHTXlRMFpIUTFaNWVYVlFVbFIxYzNKMFl3Wmhj%24EJmYVdRUU1q%24XlNRE01TVRjNE9E%24XdNRGc1TWdBQkhnQmg2MUk1RUp%24NlBm%24mxpRGZG%24kxaQzU5V3JFbHYwb3ZUYmc3d2hqWHNJV1RiM0g2RVZoVmREWC1zNl9hZW1*OUxhVGtEeGhwWElLcnNycTltZG5idw%3D%3DfaHR0cHM6Ly9sLmZhY2Vib29rLmNvb%248%3Dff~fMjM2*Dg4MHwzMjV8ODgxfMw%3D%3Df%3Bf!fcfMTI1*DIyM3wyMTN8MjgwfYAfNgff!fTW96aWxsY%2481LjAgKFdpbmRvd3MgTlQgMTAuMDsgV2luNjQ7IHg2NCkgQXBwbGVXZWJLaXQvNTM3LjM2IChL%24FRNTCwgbGlrZ%24BHZWNrbykgQ2hyb21lLzE0Ny4wLjAuMCBTYWZhcmkvNTM3LjM2fUERGVmlld2Vy*ENocm9tZVBERlZpZXdlcnxDaHJvbWl1bVBERlZpZXdlcnxNaWNyb3NvZnRFZGdlUERGVmlld2Vy*FdlYktpdGJ1aWx0LWluUERGf!fV2luMzI%3DfMjQwfMXwzMw%3D%3DfMTUzNnw4MTY%3DfdW5rbm93bnw0Z3wwf!f!fQfUmiVK%3BfCf*(L5WL4%3D&amp;wrst=1777281694&amp;muid=p9fjBhb-S-wa\" target=\"_blank\" rel=\"noreferrer noopener\"><\/a><\/p>\n\n\n\n<p>Pokazy slajd\u00f3w<\/p>\n\n\n\n<figure class=\"wp-block-image\"><img decoding=\"async\" src=\"https:\/\/cdn.viepratique.fr\/wp-content\/uploads\/viepratique\/2025\/10\/une-soiree-tragique-au-luna-park-400x220.jpg\" alt=\"\"\/><\/figure>\n\n\n\n<p>1\/11 Tragiczny wiecz\u00f3r w Luna ParkuW \u015brod\u0119, 13 sierpnia 2025 roku, wiecz\u00f3r w Lunaparku w P\u00e9rols przerodzi\u0142 si\u0119 w tragedi\u0119, gdy 15-letnia dziewczyna nagle straci\u0142a przytomno\u015b\u0107. Pomimo szybkiej interwencji s\u0142u\u017cb ratunkowych, karetka stwierdzi\u0142a jej zgon.<\/p>\n\n\n\n<figure class=\"wp-block-image\"><img decoding=\"async\" src=\"https:\/\/cdn.viepratique.fr\/wp-content\/uploads\/viepratique\/2025\/10\/lechec-des-secours-et-le-choc-de-la-communaute-400x220.jpg\" alt=\"\"\/><\/figure>\n\n\n\n<p>2\/11 Niepowodzenie akcji ratunkowej i szok dla spo\u0142eczno\u015bciNa miejsce wezwano pogotowie ratunkowe, aby reanimowa\u0107 m\u0142od\u0105 dziewczyn\u0119, u kt\u00f3rej dosz\u0142o do zatrzymania kr\u0105\u017cenia i oddychania, jednak ich wysi\u0142ki okaza\u0142y si\u0119 nieskuteczne, co pogr\u0105\u017cy\u0142o \u015bwiadk\u00f3w i krewnych w rozpaczy.<\/p>\n\n\n\n<figure class=\"wp-block-image\"><img decoding=\"async\" src=\"https:\/\/cdn.viepratique.fr\/wp-content\/uploads\/viepratique\/2025\/10\/enquete-sur-les-causes-du-deces-400x220.jpg\" alt=\"\"\/><\/figure>\n\n\n\n<p>3\/11 \u015aledztwo w sprawie przyczyn \u015bmierciRozpocz\u0119to \u015bledztwo w celu ustalenia przyczyny zgonu. Planowana jest sekcja zw\u0142ok. Mo\u017cliwe, \u017ce epilepsja dziewczynki odegra\u0142a rol\u0119 w jej \u015bmierci.<\/p>\n\n\n\n<figure class=\"wp-block-image\"><img decoding=\"async\" src=\"https:\/\/cdn.viepratique.fr\/wp-content\/uploads\/viepratique\/2025\/10\/investigations-et-collecte-dinformations-400x220.jpg\" alt=\"\"\/><\/figure>\n\n\n\n<p>4\/11 Trwaj\u0105 dochodzenia w sprawie przyczyn wypadku i apele o popraw\u0119 bezpiecze\u0144stwa na drogach<\/p>\n\n\n\n<figure class=\"wp-block-image\"><img decoding=\"async\" src=\"https:\/\/cdn.viepratique.fr\/wp-content\/uploads\/viepratique\/2025\/10\/solidarite-de-la-communaute-foraine-400x220.jpg\" alt=\"\"\/><\/figure>\n\n\n\n<p>5\/11 Solidarno\u015b\u0107 spo\u0142eczno\u015bci targowejOfiara nale\u017ca\u0142a do znanej rodziny pracownik\u00f3w weso\u0142ych miasteczek. W ge\u015bcie solidarno\u015bci kilka park\u00f3w pozostanie zamkni\u0119tych.<\/p>\n\n\n\n<figure class=\"wp-block-image\"><img decoding=\"async\" src=\"https:\/\/cdn.viepratique.fr\/wp-content\/uploads\/viepratique\/2025\/10\/vulnerabilite-des-adolescents-malades-400x220.jpg\" alt=\"\"\/><\/figure>\n\n\n\n<p>6\/11 Bezbronno\u015b\u0107 chorych nastolatk\u00f3wTa tragedia uwypukla bezbronno\u015b\u0107 chorych nastolatk\u00f3w w \u015bwi\u0105tecznej atmosferze, zamieniaj\u0105c Luna Park w miejsce \u017ca\u0142oby.<\/p>\n\n\n\n<figure class=\"wp-block-image\"><img decoding=\"async\" src=\"https:\/\/cdn.viepratique.fr\/wp-content\/uploads\/viepratique\/2025\/10\/limpact-emotionnel-sur-la-communaute-400x220.jpg\" alt=\"\"\/><\/figure>\n\n\n\n<p>7\/11 Wp\u0142yw emocjonalny na spo\u0142eczno\u015b\u0107Zeznania podkre\u015blaj\u0105 emocjonalny wp\u0142yw, jaki wydarzenie to wywar\u0142o na spo\u0142eczno\u015b\u0107, a pracownicy weso\u0142ego miasteczka zostali skonfrontowani z tragiczn\u0105 rzeczywisto\u015bci\u0105.<\/p>\n\n\n\n<figure class=\"wp-block-image\"><img decoding=\"async\" src=\"https:\/\/cdn.viepratique.fr\/wp-content\/uploads\/viepratique\/2025\/10\/soutien-a-la-famille-endeuillee-400x220.jpg\" alt=\"\"\/><\/figure>\n\n\n\n<p>8\/11 Wsparcie dla pogr\u0105\u017conej w \u017ca\u0142obie rodzinyWdra\u017cane s\u0105 inicjatywy wsparcia, maj\u0105ce na celu udzielenie pomocy pogr\u0105\u017conej w \u017ca\u0142obie rodzinie, a spo\u0142eczno\u015b\u0107 weso\u0142ego miasteczka mobilizuje si\u0119.<\/p>\n\n\n\n<figure class=\"wp-block-image\"><img decoding=\"async\" src=\"https:\/\/cdn.viepratique.fr\/wp-content\/uploads\/viepratique\/2025\/10\/questions-de-securite-pour-les-malades-chroniques-400x220.jpg\" alt=\"\"\/><\/figure>\n\n\n\n<p>Kwestie bezpiecze\u0144stwa pacjent\u00f3w przewlekle chorych w zwi\u0105zku z 11 wrze\u015bniaTragedia ta stawia pytania o bezpiecze\u0144stwo os\u00f3b przewlekle chorych w miejscach publicznych, co mo\u017ce wymaga\u0107 przegl\u0105du procedur.<\/p>\n\n\n\n<figure class=\"wp-block-image\"><img decoding=\"async\" src=\"https:\/\/cdn.viepratique.fr\/wp-content\/uploads\/viepratique\/2025\/10\/soutien-de-la-communaute-et-attente-des-resultats-400x220.jpg\" alt=\"\"\/><\/figure>\n\n\n\n<p>10\/11 Wsparcie spo\u0142eczno\u015bci i oczekiwanie na wynikiMieszka\u0144cy wyra\u017caj\u0105 swoje wsparcie dla rodziny, oczekuj\u0105c jednocze\u015bnie na wyniki sekcji zw\u0142ok, kt\u00f3ra ma wyja\u015bni\u0107 przyczyn\u0119 zgonu.<\/p>\n\n\n\n<figure class=\"wp-block-image\"><img decoding=\"async\" src=\"https:\/\/cdn.viepratique.fr\/wp-content\/uploads\/viepratique\/2025\/10\/la-fragilite-de-la-vie-et-la-memoire-de-ladolescente-400x220.jpg\" alt=\"\"\/><\/figure>\n\n\n\n<p>11\/11 Krucho\u015b\u0107 \u017cycia i pami\u0119\u0107 nastolatkaTragedia ta przypomina nam, jak kruche jest \u017cycie. Luna Park pr\u00f3buje si\u0119 odrodzi\u0107, a pami\u0119\u0107 o nastolatku trwa nadal.<\/p>\n","protected":false},"excerpt":{"rendered":"Letni wiecz\u00f3r w Luna Parku w P\u00e9rols, niedaleko Montpellier, zamieni\u0142 si\u0119 w koszmar, gdy 15-letnia dziewczyna niespodziewanie straci\u0142a \u017cycie, pozostawiaj\u0105c spo\u0142eczno\u015b\u0107 weso\u0142ego miasteczka \n<a class=\"moretag\" href=\"https:\/\/time24.pl.ua\/?p=11401\"> [...]<\/a>","protected":false},"author":1,"featured_media":11402,"comment_status":"open","ping_status":"open","sticky":false,"template":"","format":"standard","meta":{"footnotes":""},"categories":[1],"tags":[],"class_list":["post-11401","post","type-post","status-publish","format-standard","has-post-thumbnail","hentry","category-blog"],"_links":{"self":[{"href":"https:\/\/time24.pl.ua\/index.php?rest_route=\/wp\/v2\/posts\/11401","targetHints":{"allow":["GET"]}}],"collection":[{"href":"https:\/\/time24.pl.ua\/index.php?rest_route=\/wp\/v2\/posts"}],"about":[{"href":"https:\/\/time24.pl.ua\/index.php?rest_route=\/wp\/v2\/types\/post"}],"author":[{"embeddable":true,"href":"https:\/\/time24.pl.ua\/index.php?rest_route=\/wp\/v2\/users\/1"}],"replies":[{"embeddable":true,"href":"https:\/\/time24.pl.ua\/index.php?rest_route=%2Fwp%2Fv2%2Fcomments&post=11401"}],"version-history":[{"count":1,"href":"https:\/\/time24.pl.ua\/index.php?rest_route=\/wp\/v2\/posts\/11401\/revisions"}],"predecessor-version":[{"id":11403,"href":"https:\/\/time24.pl.ua\/index.php?rest_route=\/wp\/v2\/posts\/11401\/revisions\/11403"}],"wp:featuredmedia":[{"embeddable":true,"href":"https:\/\/time24.pl.ua\/index.php?rest_route=\/wp\/v2\/media\/11402"}],"wp:attachment":[{"href":"https:\/\/time24.pl.ua\/index.php?rest_route=%2Fwp%2Fv2%2Fmedia&parent=11401"}],"wp:term":[{"taxonomy":"category","embeddable":true,"href":"https:\/\/time24.pl.ua\/index.php?rest_route=%2Fwp%2Fv2%2Fcategories&post=11401"},{"taxonomy":"post_tag","embeddable":true,"href":"https:\/\/time24.pl.ua\/index.php?rest_route=%2Fwp%2Fv2%2Ftags&post=11401"}],"curies":[{"name":"wp","href":"https:\/\/api.w.org\/{rel}","templated":true}]}}