{"id":11370,"date":"2026-04-26T10:46:30","date_gmt":"2026-04-26T10:46:30","guid":{"rendered":"https:\/\/time24.pl.ua\/?p=11370"},"modified":"2026-04-26T10:46:30","modified_gmt":"2026-04-26T10:46:30","slug":"w-wieku-17-lat-odmowila-wykonania-aborcji-teraz-jej-syn-jest-swiatowa-gwiazda","status":"publish","type":"post","link":"https:\/\/time24.pl.ua\/?p=11370","title":{"rendered":"W wieku 17 lat odm\u00f3wi\u0142a wykonania aborcji. Teraz jej syn jest \u015bwiatow\u0105 gwiazd\u0105"},"content":{"rendered":"\n<p>Pattie Mallette, matka Justin Biebera, po latach ujawni\u0142a swoj\u0105 trudn\u0105 przesz\u0142o\u015b\u0107 i dzi\u015b prowadzi walk\u0119, kt\u00f3ra budzi skrajne emocje.<\/p>\n\n\n\n<p>Mia\u0142a zaledwie osiemna\u015bcie lat, gdy dowiedzia\u0142a si\u0119, \u017ce jest w ci\u0105\u017cy, co w tamtym momencie ca\u0142kowicie wywr\u00f3ci\u0142o jej \u017cycie do g\u00f3ry nogami.<\/p>\n\n\n\n<p>Przyt\u0142oczona strachem, samotno\u015bci\u0105 i brakiem stabilno\u015bci finansowej, bardzo powa\u017cnie rozwa\u017ca\u0142a aborcj\u0119.<\/p>\n\n\n\n<p>By\u0142 to czas ogromnej niepewno\u015bci, w kt\u00f3rym presja otoczenia i l\u0119k przed przysz\u0142o\u015bci\u0105 niemal odebra\u0142y jej nadziej\u0119.<\/p>\n\n\n\n<p>Ostatecznie jednak w ostatniej chwili zdecydowa\u0142a si\u0119 urodzi\u0107 dziecko, nie wiedz\u0105c jeszcze, jak wielkie konsekwencje przyniesie ta decyzja.<\/p>\n\n\n\n<p>Tym dzieckiem by\u0142 Justin Bieber, kt\u00f3ry kilka lat p\u00f3\u017aniej sta\u0142 si\u0119 jedn\u0105 z najwi\u0119kszych gwiazd muzyki pop na \u015bwiecie.<\/p>\n\n\n\n<p>W niedawnym wywiadzie Pattie Mallette wr\u00f3ci\u0142a do tamtych wydarze\u0144, opisuj\u0105c ci\u0105\u017c\u0119 naznaczon\u0105 samotno\u015bci\u0105 i ci\u0105g\u0142ym poczuciem zagro\u017cenia.<\/p>\n\n\n\n<p>Przyzna\u0142a, \u017ce by\u0142a o krok od ulegni\u0119cia presji i dzi\u015b patrzy na sukces syna jako na dow\u00f3d, \u017ce jej wyb\u00f3r ca\u0142kowicie odmieni\u0142 ich los.<\/p>\n\n\n\n<p>Podkre\u015bla, \u017ce chce da\u0107 nadziej\u0119 m\u0142odym kobietom, kt\u00f3re czuj\u0105 si\u0119 opuszczone i przekonane, \u017ce nie maj\u0105 \u017cadnej alternatywy.<\/p>\n\n\n\n<p>To do\u015bwiadczenie sprawi\u0142o, \u017ce zacz\u0119\u0142a aktywnie anga\u017cowa\u0107 si\u0119 w dzia\u0142alno\u015b\u0107 przeciwko aborcji.<\/p>\n\n\n\n<p>Jednym z najbardziej kontrowersyjnych projekt\u00f3w, kt\u00f3re zapocz\u0105tkowa\u0142a, jest kr\u00f3tkometra\u017cowy film zatytu\u0142owany \u201eCrescendo\u201d.<\/p>\n\n\n\n<p>Celem tej inicjatywy jest zebranie dziesi\u0119ciu milion\u00f3w dolar\u00f3w na stworzenie schronisk dla m\u0142odych kobiet w ci\u0105\u017cy, kt\u00f3re nie maj\u0105 wsparcia rodziny.<\/p>\n\n\n\n<p>Plac\u00f3wki te maj\u0105 oferowa\u0107 bezpieczne miejsce, pomoc psychologiczn\u0105 i mo\u017cliwo\u015b\u0107 spokojniejszego spojrzenia w przysz\u0142o\u015b\u0107.<\/p>\n\n\n\n<p>Projekt od samego pocz\u0105tku wzbudza silne reakcje i dzieli opini\u0119 publiczn\u0105.<\/p>\n\n\n\n<p>Jedni chwal\u0105 odwag\u0119 i konsekwencj\u0119 Pattie Mallette, inni zarzucaj\u0105 jej zbyt radykalne stanowisko w wyj\u0105tkowo wra\u017cliwej spo\u0142ecznie kwestii.<\/p>\n\n\n\n<p>Justin Bieber otwarcie wspiera swoj\u0105 matk\u0119 i podziela jej przekonania.<\/p>\n\n\n\n<p>W jednym z wywiad\u00f3w wyrazi\u0142 sprzeciw wobec aborcji, okre\u015blaj\u0105c j\u0105 jako odebranie \u017cycia istocie ludzkiej.<\/p>\n\n\n\n<p>Jego s\u0142owa, podobnie jak p\u00f3\u017aniejsze wypowiedzi dotycz\u0105ce skrajnych sytuacji, wywo\u0142a\u0142y fal\u0119 krytyki i ostrych komentarzy.<\/p>\n\n\n\n<p>Artysta znany jest ze swojej religijno\u015bci i wielokrotnie podkre\u015bla\u0142, \u017ce wiara odgrywa wa\u017cn\u0105 rol\u0119 w jego \u017cyciu prywatnym i zawodowym.<\/p>\n\n\n\n<p>Dla cz\u0119\u015bci fan\u00f3w historia Pattie Mallette i jej syna jest opowie\u015bci\u0105 o odwadze, determinacji i sile wyboru.<\/p>\n\n\n\n<p>Dla krytyk\u00f3w pozostaje przyk\u0142adem ingerencji celebryt\u00f3w w skomplikowan\u0105 debat\u0119 spo\u0142eczn\u0105 i polityczn\u0105.<\/p>\n\n\n\n<p>Niezale\u017cnie od ocen, rodzina Bieber\u00f3w po raz kolejny pokazuje, \u017ce nie boi si\u0119 wykorzystywa\u0107 swojej rozpoznawalno\u015bci do publicznego wyra\u017cania przekona\u0144, nawet je\u015bli wi\u0105\u017ce si\u0119 to z kontrowersjami.<\/p>\n","protected":false},"excerpt":{"rendered":"Pattie Mallette, matka Justin Biebera, po latach ujawni\u0142a swoj\u0105 trudn\u0105 przesz\u0142o\u015b\u0107 i dzi\u015b prowadzi walk\u0119, kt\u00f3ra budzi skrajne emocje. Mia\u0142a zaledwie osiemna\u015bcie lat, \n<a class=\"moretag\" href=\"https:\/\/time24.pl.ua\/?p=11370\"> [...]<\/a>","protected":false},"author":1,"featured_media":11371,"comment_status":"open","ping_status":"open","sticky":false,"template":"","format":"standard","meta":{"footnotes":""},"categories":[1],"tags":[],"class_list":["post-11370","post","type-post","status-publish","format-standard","has-post-thumbnail","hentry","category-blog"],"_links":{"self":[{"href":"https:\/\/time24.pl.ua\/index.php?rest_route=\/wp\/v2\/posts\/11370","targetHints":{"allow":["GET"]}}],"collection":[{"href":"https:\/\/time24.pl.ua\/index.php?rest_route=\/wp\/v2\/posts"}],"about":[{"href":"https:\/\/time24.pl.ua\/index.php?rest_route=\/wp\/v2\/types\/post"}],"author":[{"embeddable":true,"href":"https:\/\/time24.pl.ua\/index.php?rest_route=\/wp\/v2\/users\/1"}],"replies":[{"embeddable":true,"href":"https:\/\/time24.pl.ua\/index.php?rest_route=%2Fwp%2Fv2%2Fcomments&post=11370"}],"version-history":[{"count":1,"href":"https:\/\/time24.pl.ua\/index.php?rest_route=\/wp\/v2\/posts\/11370\/revisions"}],"predecessor-version":[{"id":11372,"href":"https:\/\/time24.pl.ua\/index.php?rest_route=\/wp\/v2\/posts\/11370\/revisions\/11372"}],"wp:featuredmedia":[{"embeddable":true,"href":"https:\/\/time24.pl.ua\/index.php?rest_route=\/wp\/v2\/media\/11371"}],"wp:attachment":[{"href":"https:\/\/time24.pl.ua\/index.php?rest_route=%2Fwp%2Fv2%2Fmedia&parent=11370"}],"wp:term":[{"taxonomy":"category","embeddable":true,"href":"https:\/\/time24.pl.ua\/index.php?rest_route=%2Fwp%2Fv2%2Fcategories&post=11370"},{"taxonomy":"post_tag","embeddable":true,"href":"https:\/\/time24.pl.ua\/index.php?rest_route=%2Fwp%2Fv2%2Ftags&post=11370"}],"curies":[{"name":"wp","href":"https:\/\/api.w.org\/{rel}","templated":true}]}}