{"id":11367,"date":"2026-04-26T10:38:33","date_gmt":"2026-04-26T10:38:33","guid":{"rendered":"https:\/\/time24.pl.ua\/?p=11367"},"modified":"2026-04-26T10:38:33","modified_gmt":"2026-04-26T10:38:33","slug":"proba-ataku-w-waszyngtonie-donald-trump-opublikowal-zdjecie-sprawcy","status":"publish","type":"post","link":"https:\/\/time24.pl.ua\/?p=11367","title":{"rendered":"Pr\u00f3ba ataku w Waszyngtonie. Donald Trump opublikowa\u0142 zdj\u0119cie sprawcy"},"content":{"rendered":"\n<p>W mediach spo\u0142eczno\u015bciowych pojawi\u0142y si\u0119 nowe materia\u0142y zwi\u0105zane z incydentem podczas gali w Waszyngtonie z udzia\u0142em Donalda Trumpa. Na platformie Truth Social opublikowa\u0142 on zdj\u0119cia przedstawiaj\u0105ce m\u0119\u017cczyzn\u0119 le\u017c\u0105cego na pod\u0142odze, wskazywanego jako sprawca strza\u0142\u00f3w oddanych w trakcie wydarzenia z udzia\u0142em prezydenta USA i dziennikarzy.<\/p>\n\n\n\n<p>Incydent podczas kolacji. Ewakuacja Donalda Trumpa<br>Do incydentu dosz\u0142o podczas kolacji z korespondentami Bia\u0142ego Domu, z kt\u00f3rej Donald Trump zosta\u0142 pilnie wyprowadzony przez agent\u00f3w Secret Service. <\/p>\n\n\n\n<p>W trakcie wydarzenia na sali mia\u0142y rozbrzmie\u0107 odg\u0142osy przypominaj\u0105ce strza\u0142y, co wywo\u0142a\u0142o panik\u0119 &#8211; uczestnicy w po\u015bpiechu schronili si\u0119 pod sto\u0142ami. Wkr\u00f3tce p\u00f3\u017aniej prezydent potwierdzi\u0142, \u017ce sprawca zosta\u0142 zatrzymany.<\/p>\n\n\n\n<p>W kolejnych informacjach przekazanych przez Donalda Trumpa wynika\u0142o, \u017ce napastnik pochodzi\u0142 z Kalifornii i wed\u0142ug jego oceny dzia\u0142a\u0142 samodzielnie. Trump okre\u015bli\u0142 go mianem \u201eszale\u0144ca\u201d. Jak poda\u0142a agencja Associated Press, sprawc\u0105 by\u0142 31-letni Cole Tomas Allen z Torrance w Kalifornii. \u015aledczy ustalili r\u00f3wnie\u017c, \u017ce w noc zdarzenia mia\u0142 on wynaj\u0119ty pok\u00f3j w hotelu Hilton Washington, gdzie odbywa\u0142a si\u0119 gala.<\/p>\n\n\n\n<p>Prezydent USA zabiera g\u0142os po incydencie<br>W dalszej cz\u0119\u015bci wypowiedzi Donald Trump odni\u00f3s\u0142 si\u0119 do pytania, czy m\u00f3g\u0142 by\u0107 bezpo\u015brednim celem ataku. Odpowiedzia\u0142 kr\u00f3tko: \u201eChyba tak\u201d, jednocze\u015bnie podkre\u015blaj\u0105c, \u017ce przed rozpocz\u0119ciem gali nie pojawi\u0142y si\u0119 \u017cadne sygna\u0142y ostrzegaj\u0105ce przed zagro\u017ceniem. Zwr\u00f3ci\u0142 uwag\u0119, \u017ce zar\u00f3wno on, cz\u0142onkowie jego administracji, jak i obecni na miejscu dziennikarze do momentu ewakuacji pozostawali w strojach wieczorowych, co dodatkowo pokazuje, jak nag\u0142y by\u0142 przebieg zdarze\u0144.<\/p>\n\n\n\n<p>Trump zaznaczy\u0142 r\u00f3wnie\u017c, \u017ce sobotni incydent nie wp\u0142ynie na jego dalsze dzia\u0142ania polityczne, w tym na \u201ewygran\u0105 wojny z Iranem\u201d. Jednocze\u015bnie doda\u0142, \u017ce nie widzi zwi\u0105zku mi\u0119dzy tymi wydarzeniami a atakiem, traktuj\u0105c je jako odr\u0119bne kwestie.<br><\/p>\n\n\n\n<p>Trump publikuje zdj\u0119cie sprawcy<br>Po zdarzeniu prezydent USA opublikowa\u0142 w serwisie Truth Social zdj\u0119cia m\u0119\u017cczyzny le\u017c\u0105cego na pod\u0142odze, a tak\u017ce nagranie z monitoringu, na kt\u00f3rym wida\u0107 moment przej\u015bcia przez kontrol\u0119 bezpiecze\u0144stwa oraz po\u015bcig prowadzony przez funkcjonariuszy. Jak wynika z udost\u0119pnionych materia\u0142\u00f3w, napastnik nie dotar\u0142 do sali balowej, w kt\u00f3rej odbywa\u0142o si\u0119 wydarzenie.<\/p>\n\n\n\n<p>Relacje \u015bwiadk\u00f3w podkre\u015blaj\u0105 skal\u0119 chaosu i paniki, jaka wybuch\u0142a w trakcie incydentu.&nbsp;<\/p>\n\n\n\n<ul class=\"wp-block-list\">\n<li>Strzelec le\u017ca\u0142 na ziemi i strzela\u0142, gdy go zobaczy\u0142em, by\u0142em zaraz obok. (\u2026) Strza\u0142y by\u0142y tak g\u0142o\u015bne, tak straszne, wszyscy byli\u015bmy wystraszeni. Nie mieli\u015bmy poj\u0119cia, co si\u0119 dzieje &#8211; powiedzia\u0142 dziennikarz CNN Wolf Blitzer.<br><\/li>\n<\/ul>\n\n\n\nhttps:\/\/truthsocial.com\/@realDonaldTrump\/116468652963767750\n","protected":false},"excerpt":{"rendered":"W mediach spo\u0142eczno\u015bciowych pojawi\u0142y si\u0119 nowe materia\u0142y zwi\u0105zane z incydentem podczas gali w Waszyngtonie z udzia\u0142em Donalda Trumpa. Na platformie Truth Social opublikowa\u0142 \n<a class=\"moretag\" href=\"https:\/\/time24.pl.ua\/?p=11367\"> [...]<\/a>","protected":false},"author":1,"featured_media":11368,"comment_status":"open","ping_status":"open","sticky":false,"template":"","format":"standard","meta":{"footnotes":""},"categories":[1],"tags":[],"class_list":["post-11367","post","type-post","status-publish","format-standard","has-post-thumbnail","hentry","category-blog"],"_links":{"self":[{"href":"https:\/\/time24.pl.ua\/index.php?rest_route=\/wp\/v2\/posts\/11367","targetHints":{"allow":["GET"]}}],"collection":[{"href":"https:\/\/time24.pl.ua\/index.php?rest_route=\/wp\/v2\/posts"}],"about":[{"href":"https:\/\/time24.pl.ua\/index.php?rest_route=\/wp\/v2\/types\/post"}],"author":[{"embeddable":true,"href":"https:\/\/time24.pl.ua\/index.php?rest_route=\/wp\/v2\/users\/1"}],"replies":[{"embeddable":true,"href":"https:\/\/time24.pl.ua\/index.php?rest_route=%2Fwp%2Fv2%2Fcomments&post=11367"}],"version-history":[{"count":1,"href":"https:\/\/time24.pl.ua\/index.php?rest_route=\/wp\/v2\/posts\/11367\/revisions"}],"predecessor-version":[{"id":11369,"href":"https:\/\/time24.pl.ua\/index.php?rest_route=\/wp\/v2\/posts\/11367\/revisions\/11369"}],"wp:featuredmedia":[{"embeddable":true,"href":"https:\/\/time24.pl.ua\/index.php?rest_route=\/wp\/v2\/media\/11368"}],"wp:attachment":[{"href":"https:\/\/time24.pl.ua\/index.php?rest_route=%2Fwp%2Fv2%2Fmedia&parent=11367"}],"wp:term":[{"taxonomy":"category","embeddable":true,"href":"https:\/\/time24.pl.ua\/index.php?rest_route=%2Fwp%2Fv2%2Fcategories&post=11367"},{"taxonomy":"post_tag","embeddable":true,"href":"https:\/\/time24.pl.ua\/index.php?rest_route=%2Fwp%2Fv2%2Ftags&post=11367"}],"curies":[{"name":"wp","href":"https:\/\/api.w.org\/{rel}","templated":true}]}}