{"id":11346,"date":"2026-04-26T09:52:10","date_gmt":"2026-04-26T09:52:10","guid":{"rendered":"https:\/\/time24.pl.ua\/?p=11346"},"modified":"2026-04-26T09:52:10","modified_gmt":"2026-04-26T09:52:10","slug":"szokujacy-zwrot-w-sprawie-smolenska-wyszla-na-jaw-cala-prawda-o-ostatniej-rozmowie-braci-kaczynskich","status":"publish","type":"post","link":"https:\/\/time24.pl.ua\/?p=11346","title":{"rendered":"SZOKUJ\u0104CY ZWROT w sprawie Smole\u0144ska! Wysz\u0142a na jaw ca\u0142a PRAWDA o OSTATNIEJ rozmowie braci Kaczy\u0144skich!"},"content":{"rendered":"\n<p><strong>Min\u0119\u0142o ju\u017c tyle lat, a emocje wok\u00f3\u0142 katastrofy smole\u0144skiej wci\u0105\u017c si\u0119gaj\u0105 zenitu, zw\u0142aszcza gdy na tapecie pojawia si\u0119 temat tajemniczej rozmowy telefonicznej mi\u0119dzy bra\u0107mi Kaczy\u0144skimi tu\u017c przed tragedi\u0105.<\/strong><\/p>\n\n\n\n<p><strong> Przez lata \u017cyli\u015bmy w cieniu sensacyjnych doniesie\u0144 o rzekomych naciskach i dramatycznych s\u0142owach, kt\u00f3re mia\u0142y pa\u015b\u0107 z ust prezesa PiS do prezydenta, a pewien znany s\u0119dzia zarzeka\u0142 si\u0119, \u017ce widzia\u0142 \u015bci\u015ble tajne akta potwierdzaj\u0105ce te rewelacje. <\/strong><\/p>\n\n\n\n<p><strong>Czy to mo\u017cliwe, \u017ce przez ca\u0142y ten czas byli\u015bmy karmieni gigantyczn\u0105 manipulacj\u0105, kt\u00f3ra mia\u0142a na zawsze zmieni\u0107 nasze postrzeganie najnowszej historii Polski?<\/strong><\/p>\n\n\n\n<p><strong>Teraz kurtyna opad\u0142a i Prokuratura Krajowa stawia spraw\u0119 jasno, ujawniaj\u0105c kulisy przes\u0142ucha\u0144 i bezlito\u015bnie weryfikuj\u0105c s\u0142owa, kt\u00f3re mrozi\u0142y krew w \u017cy\u0142ach milion\u00f3w Polak\u00f3w. To, co ostatecznie zezna\u0142 kontrowersyjny s\u0119dzia pod przysi\u0119g\u0105, wprawia w os\u0142upienie i rzuca zupe\u0142nie nowe, pora\u017caj\u0105ce \u015bwiat\u0142o na wydarzenia z 10 kwietnia 2010 roku. Koniecznie przeczytaj ten tekst do ko\u0144ca, by pozna\u0107 szokuj\u0105ce szczeg\u00f3\u0142y, o kt\u00f3rych huczy dzi\u015b ca\u0142a warszawska \u015bmietanka towarzyska i polityczna!<\/strong><\/p>\n\n\n\n<h2 class=\"wp-block-heading\">Mroczna legenda o telefonie i tajemnicze \u201etajne akta\u201d<\/h2>\n\n\n\n<p>Od momentu tragicznej katastrofy pod Smole\u0144skiem, w kt\u00f3rej zgin\u0119\u0142a polska elita z prezydentem Lechem Kaczy\u0144skim na czele, nar\u00f3d karmiony by\u0142 najr\u00f3\u017cniejszymi teoriami spiskowymi. Jednak nic nie rozpala\u0142o wyobra\u017ani tak bardzo, jak plotka o rzekomej, dramatycznej rozmowie telefonicznej mi\u0119dzy bra\u0107mi, kt\u00f3ra mia\u0142a odby\u0107 si\u0119 dos\u0142ownie chwil\u0119 przed uderzeniem samolotu w ziemi\u0119. Spekulowano, \u017ce Jaros\u0142aw Kaczy\u0144ski mia\u0142 wywiera\u0107 na brata presj\u0119, by ten l\u0105dowa\u0142 za wszelk\u0105 cen\u0119, co mia\u0142o bezpo\u015brednio przyczyni\u0107 si\u0119 do tragedii.<\/p>\n\n\n\n<p>Oliwy do ognia dola\u0142 s\u0119dzia Wojciech \u0141\u0105czewski, kt\u00f3ry w pewnym momencie sta\u0142 si\u0119 twarz\u0105 tych sensacyjnych doniesie\u0144, sugeruj\u0105c, \u017ce posiada wiedz\u0119 dost\u0119pn\u0105 tylko dla wybranych. Prawnik z pe\u0142nym przekonaniem twierdzi\u0142, \u017ce zapozna\u0142 si\u0119 z zapisem tej rozmowy w aktach o klauzuli \u201e\u015bci\u015ble tajne\u201d, co wywo\u0142a\u0142o w mediach prawdziw\u0105 burz\u0119 i fal\u0119 domys\u0142\u00f3w. Jego s\u0142owa brzmia\u0142y jak wyrok, sugeruj\u0105c, \u017ce gdyby opinia publiczna pozna\u0142a tre\u015b\u0107 tych nagra\u0144, ocena wydarze\u0144 z 10 kwietnia uleg\u0142aby diametralnej zmianie.<\/p>\n\n\n\n<p>Wed\u0142ug kr\u0105\u017c\u0105cych w\u00f3wczas wersji, w rozmowie mia\u0142y pa\u015b\u0107 mocne por\u00f3wnania do sytuacji w Gruzji, gdzie Lech Kaczy\u0144ski r\u00f3wnie\u017c musia\u0142 mierzy\u0107 si\u0119 z trudnymi decyzjami w obliczu rosyjskiego zagro\u017cenia. Sugerowano, \u017ce prezes PiS mia\u0142 zapewnia\u0107 brata, i\u017c ten poradzi sobie z problemami stwarzanymi przez \u00f3wczesn\u0105 w\u0142adz\u0119, co mia\u0142o by\u0107 zakamuflowan\u0105 zach\u0119t\u0105 do ryzykownego manewru. Te rewelacje budowa\u0142y obraz bezwzgl\u0119dnej polityki, w kt\u00f3rej stawk\u0105 by\u0142o \u017cycie, a braterska wi\u0119\u017a zosta\u0142a wystawiona na najwy\u017csz\u0105, \u015bmierteln\u0105 pr\u00f3b\u0119.<\/p>\n\n\n\n<h2 class=\"wp-block-heading\">Prokuratura m\u00f3wi \u201esprawdzam\u201d i odkrywa karty<\/h2>\n\n\n\n<p>Temat, kt\u00f3ry wydawa\u0142 si\u0119 ju\u017c nieco przycichn\u0105\u0107, wr\u00f3ci\u0142 z podw\u00f3jn\u0105 si\u0142\u0105 za spraw\u0105 mecenasa Aleksandra Pocieja, reprezentuj\u0105cego rodziny ofiar, kt\u00f3re wci\u0105\u017c walcz\u0105 o prawd\u0119. Prawnik postanowi\u0142 nie odpuszcza\u0107 i podczas wizyty w Prokuraturze Krajowej zada\u0142 niewygodne pytania o post\u0119py w \u015bledztwie dotycz\u0105cym w\u0142a\u015bnie tej mitycznej rozmowy. To w\u0142a\u015bnie jego determinacja sprawi\u0142a, \u017ce \u015bledczy musieli ponownie pochyli\u0107 si\u0119 nad kwesti\u0105, kt\u00f3ra od lat dzieli\u0142a Polak\u00f3w i budzi\u0142a skrajne emocje.<\/p>\n\n\n\n<p>Odpowied\u017a Prokuratora Krajowego, Dariusza Korneluka, by\u0142a niczym kube\u0142 zimnej wody wylany na g\u0142owy zwolennik\u00f3w teorii o tajnych nagraniach i ukrywanych dowodach. \u015aledczy jednoznacznie stwierdzili, \u017ce mimo wnikliwych poszukiwa\u0144 i analizy materia\u0142u dowodowego, nie znaleziono \u017cadnego potwierdzenia, by taka rozmowa o opisywanej tre\u015bci w og\u00f3le mia\u0142a miejsce. Okaza\u0142o si\u0119, \u017ce to, co w mediach funkcjonowa\u0142o niemal jak pewnik, w aktach sprawy po prostu nie istnieje i jest wielk\u0105 niewiadom\u0105.<\/p>\n\n\n\n<p>S\u0142owa prokuratora Korneluka to pot\u0119\u017cny cios w narracj\u0119 budowan\u0105 przez lata, kt\u00f3ra opiera\u0142a si\u0119 g\u0142\u00f3wnie na niedopowiedzeniach i sensacyjnych przeciekach medialnych. Wskaza\u0142 on wyra\u017anie, \u017ce ca\u0142e zamieszanie wok\u00f3\u0142 rzekomego zapisu rozmowy wyros\u0142o na gruncie spekulacji, a nie twardych fakt\u00f3w, co stawia pod znakiem zapytania wiarygodno\u015b\u0107 wcze\u015bniejszych \u201einformator\u00f3w\u201d. To moment zwrotny, kt\u00f3ry ka\u017ce nam zapyta\u0107, ile jeszcze mit\u00f3w naros\u0142o wok\u00f3\u0142 tej narodowej tragedii i komu zale\u017ca\u0142o na ich podsycamu.<\/p>\n\n\n\n<h2 class=\"wp-block-heading\">Wielki upadek narracji i kompromitacja s\u0119dziego<\/h2>\n\n\n\n<p>Najbardziej szokuj\u0105cy w tej ca\u0142ej historii jest jednak fina\u0142 w\u0105tku z s\u0119dzi\u0105 \u0141\u0105czewskim, kt\u00f3ry przez d\u0142ugi czas kreowa\u0142 si\u0119 na posiadacza wiedzy tajemnej. Gdy sprawa wysz\u0142a poza ramy medialnych spekulacji i s\u0119dzia zosta\u0142 wezwany do z\u0142o\u017cenia oficjalnych zezna\u0144 pod gro\u017ab\u0105 odpowiedzialno\u015bci karnej, jego pewno\u015b\u0107 siebie nagle wyparowa\u0142a. W obliczu prawa i konieczno\u015bci m\u00f3wienia samej prawdy, narracja o \u201e\u015bci\u015ble tajnych aktach\u201d, kt\u00f3re rzekomo widzia\u0142, run\u0119\u0142a jak domek z kart.<\/p>\n\n\n\n<p>Pod przysi\u0119g\u0105 s\u0119dzia Wojciech \u0141\u0105czewski wycofa\u0142 si\u0119 ze swoich wcze\u015bniejszych, bombastycznych twierdze\u0144, kt\u00f3re latami rozgrzewa\u0142y opini\u0119 publiczn\u0105 do czerwono\u015bci. Zezna\u0142 on, \u017ce to, co opowiada\u0142 w mediach i publicznych wyst\u0105pieniach, nale\u017cy traktowa\u0107 jedynie jako jego prywatne opinie i lu\u017ane przemy\u015blenia, a nie relacj\u0119 z fakt\u00f3w. To wyznanie brzmi jak ponury \u017cart w kontek\u015bcie b\u00f3lu rodzin ofiar, kt\u00f3re przez lata mog\u0142y wierzy\u0107, \u017ce istnieje jaki\u015b ukryty dow\u00f3d wyja\u015bniaj\u0105cy przyczyny \u015bmierci ich bliskich.<\/p>\n\n\n\n<p>Dla rodzin ofiar katastrofy smole\u0144skiej, kt\u00f3re wci\u0105\u017c domagaj\u0105 si\u0119 pe\u0142nej przejrzysto\u015bci, te rewelacje s\u0105 kolejnym, bolesnym etapem rozdrapywania ran. Zamiast konkret\u00f3w i dowod\u00f3w, otrzymuj\u0105 informacj\u0119, \u017ce jeden z najg\u0142o\u015bniejszych w\u0105tk\u00f3w \u015bledztwa by\u0142 najprawdopodobniej wydmuszk\u0105 medialn\u0105. Cho\u0107 prawda o braku dowod\u00f3w na rozmow\u0119 jest wa\u017cna, to niesmak po latach manipulowania emocjami Polak\u00f3w pozostanie z nami na bardzo d\u0142ugo.<\/p>\n","protected":false},"excerpt":{"rendered":"Min\u0119\u0142o ju\u017c tyle lat, a emocje wok\u00f3\u0142 katastrofy smole\u0144skiej wci\u0105\u017c si\u0119gaj\u0105 zenitu, zw\u0142aszcza gdy na tapecie pojawia si\u0119 temat tajemniczej rozmowy telefonicznej mi\u0119dzy \n<a class=\"moretag\" href=\"https:\/\/time24.pl.ua\/?p=11346\"> [...]<\/a>","protected":false},"author":1,"featured_media":11347,"comment_status":"open","ping_status":"open","sticky":false,"template":"","format":"standard","meta":{"footnotes":""},"categories":[1],"tags":[],"class_list":["post-11346","post","type-post","status-publish","format-standard","has-post-thumbnail","hentry","category-blog"],"_links":{"self":[{"href":"https:\/\/time24.pl.ua\/index.php?rest_route=\/wp\/v2\/posts\/11346","targetHints":{"allow":["GET"]}}],"collection":[{"href":"https:\/\/time24.pl.ua\/index.php?rest_route=\/wp\/v2\/posts"}],"about":[{"href":"https:\/\/time24.pl.ua\/index.php?rest_route=\/wp\/v2\/types\/post"}],"author":[{"embeddable":true,"href":"https:\/\/time24.pl.ua\/index.php?rest_route=\/wp\/v2\/users\/1"}],"replies":[{"embeddable":true,"href":"https:\/\/time24.pl.ua\/index.php?rest_route=%2Fwp%2Fv2%2Fcomments&post=11346"}],"version-history":[{"count":1,"href":"https:\/\/time24.pl.ua\/index.php?rest_route=\/wp\/v2\/posts\/11346\/revisions"}],"predecessor-version":[{"id":11348,"href":"https:\/\/time24.pl.ua\/index.php?rest_route=\/wp\/v2\/posts\/11346\/revisions\/11348"}],"wp:featuredmedia":[{"embeddable":true,"href":"https:\/\/time24.pl.ua\/index.php?rest_route=\/wp\/v2\/media\/11347"}],"wp:attachment":[{"href":"https:\/\/time24.pl.ua\/index.php?rest_route=%2Fwp%2Fv2%2Fmedia&parent=11346"}],"wp:term":[{"taxonomy":"category","embeddable":true,"href":"https:\/\/time24.pl.ua\/index.php?rest_route=%2Fwp%2Fv2%2Fcategories&post=11346"},{"taxonomy":"post_tag","embeddable":true,"href":"https:\/\/time24.pl.ua\/index.php?rest_route=%2Fwp%2Fv2%2Ftags&post=11346"}],"curies":[{"name":"wp","href":"https:\/\/api.w.org\/{rel}","templated":true}]}}