{"id":11075,"date":"2026-04-22T15:25:34","date_gmt":"2026-04-22T15:25:34","guid":{"rendered":"https:\/\/time24.pl.ua\/?p=11075"},"modified":"2026-04-22T15:25:34","modified_gmt":"2026-04-22T15:25:34","slug":"zandberg-odcina-sie-od-czarzastego-i-tuska-na-lewicy-peka-cos-czego-nie-da-sie-juz-latwo-skleic","status":"publish","type":"post","link":"https:\/\/time24.pl.ua\/?p=11075","title":{"rendered":"Zandberg odcina si\u0119 od Czarzastego i Tuska. Na lewicy p\u0119ka co\u015b, czego nie da si\u0119 ju\u017c \u0142atwo sklei\u0107"},"content":{"rendered":"\n<p><strong>Adrian Zandberg postawi\u0142 spraw\u0119 ostro i bez politycznego lukru. Razem nie chce wsp\u00f3lnej drogi z Now\u0105 Lewic\u0105, je\u015bli cen\u0105 mia\u0142oby by\u0107 podporz\u0105dkowanie si\u0119 Donaldowi Tuskowi. To nie jest zwyk\u0142a r\u00f3\u017cnica zda\u0144, lecz sygna\u0142 g\u0142\u0119bokiego p\u0119kni\u0119cia po lewej stronie sceny.<\/strong><\/p>\n\n\n\n<p><strong>Dla wyborc\u00f3w lewicy ta decyzja mo\u017ce oznacza\u0107 trudny wyb\u00f3r mi\u0119dzy wygodnym sojuszem a ideow\u0105 samodzielno\u015bci\u0105. W\u0142a\u015bnie dlatego ta awantura mo\u017ce wraca\u0107 przy ka\u017cdej rozmowie o kolejnych wyborach.<\/strong><\/p>\n\n\n\n<h2 class=\"wp-block-heading\">Zandberg m\u00f3wi jasno: Razem nie chce i\u015b\u0107 drog\u0105 Nowej Lewicy<\/h2>\n\n\n\n<p>Adrian Zandberg skrytykowa\u0142 strategi\u0119 W\u0142odzimierza Czarzastego i wykluczy\u0142 wsp\u00f3ln\u0105 list\u0119 z Now\u0105 Lewic\u0105 w przysz\u0142ych wyborach parlamentarnych. W jego ocenie lider Nowej Lewicy postawi\u0142 na lojalno\u015b\u0107 wobec Donalda Tuska. Razem nie chce takiego uk\u0142adu uzna\u0107 za w\u0142asn\u0105 drog\u0119.<\/p>\n\n\n\n<p>Najmocniejszy zarzut dotyczy porzucenia autentycznie lewicowego programu. Zandberg przekonuje, \u017ce jego formacja nie zamierza zapomina\u0107 o tym, co obiecywa\u0142a wyborcom. To uderza w sam\u0105 podstaw\u0119 sporu, bo chodzi nie tylko o szyld, ale o sens politycznego istnienia.<\/p>\n\n\n\n<p>Razem chce zachowa\u0107 pe\u0142n\u0105 niezale\u017cno\u015b\u0107. Taki komunikat ma trafi\u0107 do tych, kt\u00f3rzy czuj\u0105, \u017ce lewica zbyt \u0142atwo podporz\u0105dkowuje si\u0119 wi\u0119kszym graczom. Zandberg pr\u00f3buje pokaza\u0107, \u017ce mo\u017cna wybra\u0107 trudniejsz\u0105, ale bardziej czyteln\u0105 \u015bcie\u017ck\u0119.<\/p>\n\n\n\n<p>Ten ruch niesie jednak ryzyko. Samodzielno\u015b\u0107 mo\u017ce budowa\u0107 wiarygodno\u015b\u0107, ale mo\u017ce te\u017c utrudni\u0107 walk\u0119 o wynik wyborczy. To napi\u0119cie b\u0119dzie teraz towarzyszy\u0107 ka\u017cdej decyzji Razem.<\/p>\n\n\n\n<h2 class=\"wp-block-heading\">Czarzasty staje si\u0119 symbolem wsp\u00f3\u0142pracy z Tuskiem<\/h2>\n\n\n\n<p>W przekazie Zandberga Czarzasty wybra\u0142 \u015bcis\u0142\u0105 wsp\u00f3\u0142prac\u0119 z Donaldem Tuskiem. Taka diagnoza brzmi jak polityczny akt oskar\u017cenia wobec Nowej Lewicy. Nie chodzi w niej tylko o osobiste ambicje lider\u00f3w, ale o miejsce lewicy w rz\u0105dowym uk\u0142adzie.<\/p>\n\n\n\n<p>Razem kontrastuje t\u0119 postaw\u0119 ze swoim przywi\u0105zaniem do zasad. Formacja chce m\u00f3wi\u0107 o realnych zmianach spo\u0142ecznych, a nie tylko o politycznym przetrwaniu. To pozwala Zandbergowi ustawi\u0107 sp\u00f3r jako walk\u0119 o wiarygodno\u015b\u0107.<\/p>\n\n\n\n<p>Dla Nowej Lewicy taka krytyka jest niewygodna, bo dotyka najczulszego punktu. Je\u015bli wyborcy uznaj\u0105, \u017ce partia sta\u0142a si\u0119 dodatkiem do Platformy Obywatelskiej, mo\u017ce straci\u0107 w\u0142asn\u0105 rozpoznawalno\u015b\u0107. Zandberg w\u0142a\u015bnie na tym buduje sw\u00f3j przekaz.<\/p>\n\n\n\n<p>Jednocze\u015bnie nie ma tu \u0142atwego rozwi\u0105zania. Wsp\u00f3\u0142praca z wi\u0119kszym partnerem daje wp\u0142yw, ale os\u0142abia wyrazisto\u015b\u0107. Samodzielno\u015b\u0107 daje czysty przekaz, ale nie gwarantuje politycznej skuteczno\u015bci.<\/p>\n\n\n\n<h2 class=\"wp-block-heading\">Apel do dzia\u0142aczy brzmi jak mobilizacja przed samotnym marszem<\/h2>\n\n\n\n<p>Zandberg wezwa\u0142 dzia\u0142aczy Razem do mobilizacji i wrzucenia pi\u0105tego biegu. To sformu\u0142owanie pokazuje, \u017ce partia nie traktuje decyzji jako gestu symbolicznego. Ma to by\u0107 przygotowanie do w\u0142asnej, intensywnej pracy politycznej.<\/p>\n\n\n\n<p>Razem chce budowa\u0107 siln\u0105 pozycj\u0119 bez rozmywania si\u0119 w szerszych sojuszach. Taki kurs wymaga wi\u0119kszej dyscypliny i wi\u0119kszej aktywno\u015bci struktur. Nie wystarczy odci\u0105\u0107 si\u0119 od Nowej Lewicy, trzeba jeszcze przekona\u0107 wyborc\u00f3w, \u017ce samodzielno\u015b\u0107 ma sens.<\/p>\n\n\n\n<p>W materiale wskazano, \u017ce decyzja ma charakter strategiczny. Partia chce by\u0107 autentycznym g\u0142osem lewicy, a nie dodatkiem do koalicji Tuska. To zdanie dobrze pokazuje stawk\u0119 ca\u0142ego konfliktu.<\/p>\n\n\n\n<p>Najbli\u017csze miesi\u0105ce mog\u0105 wi\u0119c sta\u0107 si\u0119 testem dla organizacji Zandberga. Je\u015bli Razem nie prze\u0142o\u017cy ostrego przekazu na realne poparcie, krytycy uznaj\u0105 ruch za polityczny hazard. Je\u015bli jednak zyska, p\u0119kni\u0119cie na lewicy mo\u017ce okaza\u0107 si\u0119 pocz\u0105tkiem nowego rozdania.<\/p>\n\n\n\n<h2 class=\"wp-block-heading\">Lewicowy elektorat mo\u017ce zosta\u0107 rozdarty mi\u0119dzy dwie opowie\u015bci<\/h2>\n\n\n\n<p>Roz\u0142am na lewicy sta\u0142 si\u0119 faktem. Nowa Lewica coraz mocniej wi\u0105\u017ce si\u0119 z rz\u0105dem Donalda Tuska, a Razem stawia na niezale\u017cno\u015b\u0107. To tworzy dwie konkurencyjne opowie\u015bci o tym, czym ma by\u0107 lewica.<\/p>\n\n\n\n<p>Jedna opowie\u015b\u0107 m\u00f3wi o wp\u0142ywie w ramach wi\u0119kszej koalicji. Druga m\u00f3wi o wierno\u015bci programowi i unikaniu podporz\u0105dkowania Platformie. Wyborcy b\u0119d\u0105 musieli oceni\u0107, kt\u00f3ra z nich brzmi bardziej wiarygodnie.<\/p>\n\n\n\n<p>Eksperci przywo\u0142ani w materiale wskazuj\u0105, \u017ce taki podzia\u0142 mo\u017ce wp\u0142yn\u0105\u0107 na przysz\u0142e wybory. Mo\u017ce dzieli\u0107 elektorat lewicowy i utrudnia\u0107 przekroczenie progu wyborczego przez mniejsze ugrupowania. To ostrze\u017cenie, kt\u00f3rego Razem nie mo\u017ce lekcewa\u017cy\u0107.<\/p>\n\n\n\n<p>Z drugiej strony w\u0142a\u015bnie takie ryzyko pozwala Zandbergowi budowa\u0107 obraz partii zasad. Je\u015bli wyborcy s\u0105 rozczarowani obecn\u0105 koalicj\u0105, mog\u0105 szuka\u0107 bardziej wyrazistego g\u0142osu. Razem chce im powiedzie\u0107, \u017ce taki g\u0142os nadal istnieje.<\/p>\n\n\n\n<h2 class=\"wp-block-heading\">Wizerunek niezale\u017cno\u015bci mo\u017ce by\u0107 atutem albo pu\u0142apk\u0105<\/h2>\n\n\n\n<p>Postawa Zandberga ma pokazywa\u0107, \u017ce Razem nie chce powt\u00f3rzy\u0107 b\u0142\u0119d\u00f3w ugrupowa\u0144, kt\u00f3re w szerokich koalicjach traci\u0142y to\u017csamo\u015b\u0107. To mocna teza, bo dotyka d\u0142ugiej historii lewicowych kompromis\u00f3w. W polityce pami\u0119\u0107 o takich kompromisach potrafi ci\u0105\u017cy\u0107 przez lata.<\/p>\n\n\n\n<p>Samodzielna droga mo\u017ce przyci\u0105ga\u0107 ludzi, kt\u00f3rzy chc\u0105 jasnego programu i twardego j\u0119zyka. Mo\u017ce te\u017c odstrasza\u0107 tych, kt\u00f3rzy oczekuj\u0105 przede wszystkim zdolno\u015bci do wsp\u00f3\u0142rz\u0105dzenia. Dlatego decyzja Zandberga jest jednocze\u015bnie szans\u0105 i obci\u0105\u017ceniem.<\/p>\n\n\n\n<p>Taki ruch mo\u017ce oznacza\u0107 trudniejszy start w wyborach. To uczciwe postawienie sprawy, bo sama ideowo\u015b\u0107 nie zast\u0119puje mandat\u00f3w. Polityczna matematyka bywa bezlitosna dla mniejszych formacji.<\/p>\n\n\n\n<p>Mimo to Razem najwyra\u017aniej uzna\u0142o, \u017ce wi\u0119kszym zagro\u017ceniem by\u0142oby rozpuszczenie si\u0119 w cudzym projekcie. Ten wyb\u00f3r b\u0119dzie teraz sprawdzany w praktyce. A lewica dostaje konflikt, kt\u00f3ry mo\u017ce zdecydowa\u0107 o jej miejscu po kolejnych wyborach.<\/p>\n","protected":false},"excerpt":{"rendered":"Adrian Zandberg postawi\u0142 spraw\u0119 ostro i bez politycznego lukru. Razem nie chce wsp\u00f3lnej drogi z Now\u0105 Lewic\u0105, je\u015bli cen\u0105 mia\u0142oby by\u0107 podporz\u0105dkowanie si\u0119 \n<a class=\"moretag\" href=\"https:\/\/time24.pl.ua\/?p=11075\"> [...]<\/a>","protected":false},"author":1,"featured_media":11076,"comment_status":"open","ping_status":"open","sticky":false,"template":"","format":"standard","meta":{"footnotes":""},"categories":[1],"tags":[],"class_list":["post-11075","post","type-post","status-publish","format-standard","has-post-thumbnail","hentry","category-blog"],"_links":{"self":[{"href":"https:\/\/time24.pl.ua\/index.php?rest_route=\/wp\/v2\/posts\/11075","targetHints":{"allow":["GET"]}}],"collection":[{"href":"https:\/\/time24.pl.ua\/index.php?rest_route=\/wp\/v2\/posts"}],"about":[{"href":"https:\/\/time24.pl.ua\/index.php?rest_route=\/wp\/v2\/types\/post"}],"author":[{"embeddable":true,"href":"https:\/\/time24.pl.ua\/index.php?rest_route=\/wp\/v2\/users\/1"}],"replies":[{"embeddable":true,"href":"https:\/\/time24.pl.ua\/index.php?rest_route=%2Fwp%2Fv2%2Fcomments&post=11075"}],"version-history":[{"count":1,"href":"https:\/\/time24.pl.ua\/index.php?rest_route=\/wp\/v2\/posts\/11075\/revisions"}],"predecessor-version":[{"id":11077,"href":"https:\/\/time24.pl.ua\/index.php?rest_route=\/wp\/v2\/posts\/11075\/revisions\/11077"}],"wp:featuredmedia":[{"embeddable":true,"href":"https:\/\/time24.pl.ua\/index.php?rest_route=\/wp\/v2\/media\/11076"}],"wp:attachment":[{"href":"https:\/\/time24.pl.ua\/index.php?rest_route=%2Fwp%2Fv2%2Fmedia&parent=11075"}],"wp:term":[{"taxonomy":"category","embeddable":true,"href":"https:\/\/time24.pl.ua\/index.php?rest_route=%2Fwp%2Fv2%2Fcategories&post=11075"},{"taxonomy":"post_tag","embeddable":true,"href":"https:\/\/time24.pl.ua\/index.php?rest_route=%2Fwp%2Fv2%2Ftags&post=11075"}],"curies":[{"name":"wp","href":"https:\/\/api.w.org\/{rel}","templated":true}]}}