{"id":11027,"date":"2026-04-21T13:51:14","date_gmt":"2026-04-21T13:51:14","guid":{"rendered":"https:\/\/time24.pl.ua\/?p=11027"},"modified":"2026-04-21T13:51:14","modified_gmt":"2026-04-21T13:51:14","slug":"adam-a-z-zarzutami-akt-oskarzenia-za-falszowanie-podpisow-dla-pracownika-nawrockiego","status":"publish","type":"post","link":"https:\/\/time24.pl.ua\/?p=11027","title":{"rendered":"Adam A. z zarzutami. Akt oskar\u017cenia za fa\u0142szowanie podpis\u00f3w dla pracownika Nawrockiego"},"content":{"rendered":"\n<p>Prokuratura Regionalna w Lublinie skierowa\u0142a do s\u0105du akt oskar\u017cenia przeciwko zast\u0119pcy szefa Kancelaria Prezydenta Rzeczypospolitej Polskiej, Adamowi A. Sprawa dotyczy wydarze\u0144 sprzed ponad dekady, zwi\u0105zanych z procesem wyborczym w wojew\u00f3dztwie podlaskim.<\/p>\n\n\n\n<p> Wed\u0142ug \u015bledczych chodzi o nieprawid\u0142owo\u015bci przy tworzeniu list poparcia dla kandydat\u00f3w startuj\u0105cych w wyborach samorz\u0105dowych w 2014 roku.<\/p>\n\n\n\n<p>Jak poinformowa\u0142a rzeczniczka prokuratury Beata Syk-Jankowska, dokument trafi\u0142 do S\u0105d Rejonowy w Bia\u0142ymstoku. Sprawa obejmuje trzy osoby, w tym Adama A., kt\u00f3ry obecnie pe\u0142ni funkcj\u0119 w strukturach prezydenckich. Najwa\u017cniejsze w\u0105tki dotycz\u0105 fa\u0142szowania podpis\u00f3w oraz przetwarzania danych osobowych.<\/p>\n\n\n\n<h2 class=\"wp-block-heading\">Zarzuty dotycz\u0105ce fa\u0142szowania podpis\u00f3w<\/h2>\n\n\n\n<p>Wed\u0142ug ustale\u0144 prokuratury, do nieprawid\u0142owo\u015bci mia\u0142o dochodzi\u0107 mi\u0119dzy 15 wrze\u015bnia a 6 pa\u017adziernika 2014 roku w Bia\u0142ymstoku. W tamtym czasie Adam A. by\u0142 liderem M\u0142odzie\u017c Wszechpolska. \u015aledczy twierdz\u0105, \u017ce mia\u0142 kierowa\u0107 procederem podrabiania podpis\u00f3w na listach poparcia dla kandydat\u00f3w zg\u0142aszanych przez Ruch Narodowy.<\/p>\n\n\n\n<p>Prokuratura wskazuje r\u00f3wnie\u017c na bezprawne przetwarzanie danych osobowych. Zarzuty obejmuj\u0105 nadu\u017cycia przy sporz\u0105dzaniu dokument\u00f3w wyborczych, co mo\u017ce stanowi\u0107 powa\u017cne naruszenie prawa. Oskar\u017conym grozi kara do pi\u0119ciu lat pozbawienia wolno\u015bci.<a href=\"https:\/\/checkpress.pl\/autor\/adam-bysiek-u224129\"><\/a><\/p>\n\n\n\n<h2 class=\"wp-block-heading\">Linia obrony i kontekst polityczny<\/h2>\n\n\n\n<p>Adam A. nie przyznaje si\u0119 do winy. W trakcie post\u0119powania podkre\u015bla\u0142, \u017ce zarzuty s\u0105 bezpodstawne i maj\u0105 pod\u0142o\u017ce polityczne. Jak przekaza\u0142a rzeczniczka, \u201epodejrzany nie przyzna\u0142 si\u0119 do pope\u0142nienia zarzucanego mu przest\u0119pstwa, wskazuj\u0105c, i\u017c w jego ocenie przedstawienie mu zarzut\u00f3w ma charakter polityczny\u201d.<\/p>\n\n\n\n<p>Reklama<\/p>\n\n\n\n<p>Ta linia obrony wpisuje si\u0119 w szerszy kontekst napi\u0119\u0107 wok\u00f3\u0142 spraw publicznych. Sprawa dotyczy osoby pe\u0142ni\u0105cej wysok\u0105 funkcj\u0119 pa\u0144stwow\u0105, co dodatkowo zwi\u0119ksza jej znaczenie w debacie publicznej. Adam A. jest zwi\u0105zany z obozem rz\u0105dz\u0105cym i wcze\u015bniej pe\u0142ni\u0142 funkcj\u0119 wiceministra cyfryzacji.<\/p>\n\n\n\n<h2 class=\"wp-block-heading\">D\u0142uga historia \u015bledztwa<\/h2>\n\n\n\n<p>Post\u0119powanie ma d\u0142ug\u0105 i z\u0142o\u017con\u0105 histori\u0119. Rozpocz\u0119\u0142o si\u0119 w listopadzie 2014 roku po zawiadomieniu Wojew\u00f3dzka Komisja Wyborcza w Bia\u0142ymstoku. Pocz\u0105tkowo prowadzi\u0142a je prokuratura rejonowa w Bia\u0142ymstoku, nast\u0119pnie spraw\u0119 przej\u0119\u0142a prokuratura okr\u0119gowa.<\/p>\n\n\n\n<p>Reklama<\/p>\n\n\n\n<p>W kolejnych latach dochodzi\u0142o do zmian jednostek prowadz\u0105cych \u015bledztwo \u2013 w 2019 roku trafi\u0142o ono do Lublina, a w 2024 roku ponownie znalaz\u0142o si\u0119 pod nadzorem prokuratury regionalnej. Wieloletni przebieg post\u0119powania pokazuje skal\u0119 i z\u0142o\u017cono\u015b\u0107 sprawy, kt\u00f3ra dopiero teraz zako\u0144czy\u0142a si\u0119 skierowaniem aktu oskar\u017cenia do s\u0105du.<\/p>\n\n\n\n<p>Adam A. od sierpnia ubieg\u0142ego roku pe\u0142ni funkcj\u0119 zast\u0119pcy szefa KPRP po powo\u0142aniu przez prezydenta Karol Nawrocki. Nadchodz\u0105cy proces mo\u017ce mie\u0107 istotne znaczenie dla jego dalszej kariery oraz dla oceny standard\u00f3w \u017cycia publicznego w Polsce.<\/p>\n","protected":false},"excerpt":{"rendered":"Prokuratura Regionalna w Lublinie skierowa\u0142a do s\u0105du akt oskar\u017cenia przeciwko zast\u0119pcy szefa Kancelaria Prezydenta Rzeczypospolitej Polskiej, Adamowi A. Sprawa dotyczy wydarze\u0144 sprzed ponad \n<a class=\"moretag\" href=\"https:\/\/time24.pl.ua\/?p=11027\"> [...]<\/a>","protected":false},"author":1,"featured_media":11028,"comment_status":"open","ping_status":"open","sticky":false,"template":"","format":"standard","meta":{"footnotes":""},"categories":[1],"tags":[],"class_list":["post-11027","post","type-post","status-publish","format-standard","has-post-thumbnail","hentry","category-blog"],"_links":{"self":[{"href":"https:\/\/time24.pl.ua\/index.php?rest_route=\/wp\/v2\/posts\/11027","targetHints":{"allow":["GET"]}}],"collection":[{"href":"https:\/\/time24.pl.ua\/index.php?rest_route=\/wp\/v2\/posts"}],"about":[{"href":"https:\/\/time24.pl.ua\/index.php?rest_route=\/wp\/v2\/types\/post"}],"author":[{"embeddable":true,"href":"https:\/\/time24.pl.ua\/index.php?rest_route=\/wp\/v2\/users\/1"}],"replies":[{"embeddable":true,"href":"https:\/\/time24.pl.ua\/index.php?rest_route=%2Fwp%2Fv2%2Fcomments&post=11027"}],"version-history":[{"count":1,"href":"https:\/\/time24.pl.ua\/index.php?rest_route=\/wp\/v2\/posts\/11027\/revisions"}],"predecessor-version":[{"id":11029,"href":"https:\/\/time24.pl.ua\/index.php?rest_route=\/wp\/v2\/posts\/11027\/revisions\/11029"}],"wp:featuredmedia":[{"embeddable":true,"href":"https:\/\/time24.pl.ua\/index.php?rest_route=\/wp\/v2\/media\/11028"}],"wp:attachment":[{"href":"https:\/\/time24.pl.ua\/index.php?rest_route=%2Fwp%2Fv2%2Fmedia&parent=11027"}],"wp:term":[{"taxonomy":"category","embeddable":true,"href":"https:\/\/time24.pl.ua\/index.php?rest_route=%2Fwp%2Fv2%2Fcategories&post=11027"},{"taxonomy":"post_tag","embeddable":true,"href":"https:\/\/time24.pl.ua\/index.php?rest_route=%2Fwp%2Fv2%2Ftags&post=11027"}],"curies":[{"name":"wp","href":"https:\/\/api.w.org\/{rel}","templated":true}]}}