{"id":11023,"date":"2026-04-21T13:46:40","date_gmt":"2026-04-21T13:46:40","guid":{"rendered":"https:\/\/time24.pl.ua\/?p=11023"},"modified":"2026-04-21T13:46:40","modified_gmt":"2026-04-21T13:46:40","slug":"wiadomo-dlaczego-nawrocki-nie-spotkal-sie-z-macronem-jest-glos-z-rzadu","status":"publish","type":"post","link":"https:\/\/time24.pl.ua\/?p=11023","title":{"rendered":"Wiadomo, dlaczego Nawrocki nie spotka\u0142 si\u0119 z Macronem. Jest g\u0142os z rz\u0105du"},"content":{"rendered":"\n<p>Brak spotkania prezydenta Karola Nawrockiego z przebywaj\u0105cym w Polsce Emmanuelem Macronem wywo\u0142a\u0142 fal\u0119 spekulacji. Przedstawiciele rz\u0105du oraz Kancelarii Prezydenta przedstawiaj\u0105 sprzeczne powody tej sytuacji. Informacje o kulisach dyplomatycznych rozm\u00f3w przekaza\u0142y w mediach resort spraw zagranicznych oraz otoczenie g\u0142owy pa\u0144stwa.<\/p>\n\n\n\n<p>MSZ o suwerennej decyzji Francji<br>Wiceszef MSZ Marcin Bosacki, pytany w programie \u201eGo\u015b\u0107 Wydarze\u0144\u201d w Polsacie o powody braku spotkania prezydent\u00f3w, wskaza\u0142 bezpo\u015brednio na stron\u0119 francusk\u0105.&nbsp;<\/p>\n\n\n\n<p>\u201eTo by\u0142a decyzja francuskiego pa\u0142acu prezydenckiego. Prezydent Macron wie, kto w Polsce odpowiada za polityk\u0119 zagraniczn\u0105, polityk\u0119 europejsk\u0105 i polityk\u0119 obronn\u0105. Tego wszystkiego dotyczy\u0142 dzisiejszy szczyt w Gda\u0144sku i to jest wynik tego, \u017ce z rz\u0105dem polskim mo\u017cna te wszystkie rzeczy ustali\u0107\u201d \u2013 wyja\u015bni\u0142 Bosacki.&nbsp;<\/p>\n\n\n\n<p>Wiceminister zaznaczy\u0142, \u017ce prezydent reprezentuje kraj na okre\u015blonych forach, ale nie kreuje bie\u017c\u0105cej polityki.&nbsp;<\/p>\n\n\n\n<p>\u201ePrezydent owszem, reprezentuje Polsk\u0119 w niekt\u00f3rych forach i w niekt\u00f3rych formach prowadzenia, zw\u0142aszcza w szczytach multilateralnych. Natomiast to nie jest tak, \u017ce prezydent ma udzia\u0142 w kreowaniu polityki\u201d \u2013 podkre\u015bli\u0142 przedstawiciel rz\u0105du,&nbsp;<\/p>\n\n\n\n<p>Marcin Bosacki doda\u0142, \u017ce MSZ nie posiada informacji o oficjalnej pro\u015bbie o spotkanie.<\/p>\n\n\n\n<p>Kancelaria Prezydenta oskar\u017ca premiera<br>Zupe\u0142nie inny obraz sytuacji przedstawia otoczenie Karola Nawrockiego, kt\u00f3re za brak rozm\u00f3w wprost obarcza Donalda Tuska.&nbsp;<\/p>\n\n\n\n<p>\u201ePremierowi Tuskowi bardzo zale\u017ca\u0142o na tym, \u017ceby nie dosz\u0142o do spotkania obu prezydent\u00f3w. Dlatego naciska\u0142 na to, \u017ceby wizyta odby\u0142a si\u0119 w Gda\u0144sku, a nie w Warszawie\u201d \u2212 stwierdzi\u0142 Rafa\u0142 Le\u015bkiewicz w rozmowie z Onetem.&nbsp;<\/p>\n\n\n\n<p>Wed\u0142ug rzecznika, Kancelaria Prezydenta informowa\u0142a o ch\u0119ci przeprowadzenia rozm\u00f3w z Emmanuelem Macronem, jednak rz\u0105d mia\u0142 zignorowa\u0107 te pro\u015bby. Le\u015bkiewicz uzna\u0142, \u017ce takie post\u0119powanie jest wyrazem lekcewa\u017cenia g\u0142owy pa\u0144stwa przez szefa rz\u0105du.&nbsp;<\/p>\n\n\n\n<p>Zauwa\u017cy\u0142 przy tym, \u017ce podczas poprzedniego spotkania w Pary\u017cu obaj prezydenci omawiali kluczowe kwestie bezpiecze\u0144stwa oraz polityki unijnej, co mia\u0142o dowodzi\u0107 ich dobrych relacji, kt\u00f3re teraz maj\u0105 by\u0107 blokowane przez polski rz\u0105d.<br><\/p>\n\n\n\n<p>Szczyt w Gda\u0144sku pod znakiem wsp\u00f3\u0142pracy rz\u0105dowej<br>G\u0142\u00f3wnym powodem obecno\u015bci prezydenta Francji w Polsce by\u0142 I Polsko-Francuski Szczyt Mi\u0119dzyrz\u0105dowy, zorganizowany z okazji Dnia Przyja\u017ani Polsko-Francuskiej. Spotkanie odby\u0142o si\u0119 w Gda\u0144sku i mia\u0142o charakter roboczy, skupiaj\u0105c si\u0119 na wsp\u00f3\u0142pracy w ramach traktatu o wzmocnionej przyja\u017ani, podpisanego 9 maja 2025 roku w Nancy.&nbsp;<\/p>\n\n\n\n<p>Rozmowy koncentrowa\u0142y si\u0119 na konkretnych obszarach, takich jak dyplomacja oraz bezpiecze\u0144stwo. Marcin Bosacki z MSZ, komentuj\u0105c zarzuty o brak cho\u0107by kurtuazyjnego spotkania z prezydentem, skrytykowa\u0142 postaw\u0119 otoczenia Nawrockiego.&nbsp;<\/p>\n\n\n\n<p>\u201eOni teraz narzekaj\u0105. Maj\u0105 to w naturze, \u017ce z regu\u0142y narzekaj\u0105 i pr\u00f3buj\u0105 sobie uzurpowa\u0107 prerogatywy prezydenckie, kt\u00f3rych on nie ma zgodnie z konstytucj\u0105, czyli na przyk\u0142ad do prowadzenia polityki zagranicznej\u201d \u2013 oceni\u0142 wiceszef resortu.<\/p>\n\n\n\n<p>Aktywno\u015b\u0107 doradc\u00f3w w cieniu sporu<br>Pomimo napi\u0119\u0107 na linii rz\u0105d\u2013prezydent, Kancelaria Prezydenta podejmuje w\u0142asne dzia\u0142ania dyplomatyczne w relacjach z Pary\u017cem.&nbsp;<\/p>\n\n\n\n<p>Szef Biura Polityki Mi\u0119dzynarodowej Marcin Przydacz uda\u0142 si\u0119 w poniedzia\u0142ek do Francji, by spotka\u0107 si\u0119 z kluczow\u0105 doradczyni\u0105 Macrona, Emmanuelle Bonne. Zdaniem rzecznika Le\u015bkiewicza \u015bwiadczy to o tym, \u017ce relacje z administracj\u0105 francusk\u0105 pozostaj\u0105 dobre, a jedyn\u0105 przeszkod\u0105 jest postawa polskiego premiera.\u00a0<br><\/p>\n\n\n\n<figure class=\"wp-block-image size-full\"><img loading=\"lazy\" decoding=\"async\" width=\"1011\" height=\"738\" src=\"https:\/\/time24.pl.ua\/wp-content\/uploads\/2026\/04\/Screenshot_2026_04_21-11.png\" alt=\"\" class=\"wp-image-11024\" srcset=\"https:\/\/time24.pl.ua\/wp-content\/uploads\/2026\/04\/Screenshot_2026_04_21-11.png 1011w, https:\/\/time24.pl.ua\/wp-content\/uploads\/2026\/04\/Screenshot_2026_04_21-11-300x219.png 300w, https:\/\/time24.pl.ua\/wp-content\/uploads\/2026\/04\/Screenshot_2026_04_21-11-768x561.png 768w\" sizes=\"auto, (max-width: 1011px) 100vw, 1011px\" \/><\/figure>\n\n\n\n<p>Przydacz sugerowa\u0142 wcze\u015bniej, \u017ce plan wizyty zosta\u0142 u\u0142o\u017cony przez Donalda Tuska w spos\u00f3b celowo wykluczaj\u0105cy udzia\u0142 g\u0142owy pa\u0144stwa. Z kolei strona rz\u0105dowa podtrzymuje, \u017ce szczyt by\u0142 wydarzeniem \u015bci\u015ble mi\u0119dzyrz\u0105dowym, a planowanie kolejnych kontakt\u00f3w b\u0119dzie odbywa\u0107 si\u0119 w podobnym formacie.\u00a0<br><\/p>\n","protected":false},"excerpt":{"rendered":"Brak spotkania prezydenta Karola Nawrockiego z przebywaj\u0105cym w Polsce Emmanuelem Macronem wywo\u0142a\u0142 fal\u0119 spekulacji. Przedstawiciele rz\u0105du oraz Kancelarii Prezydenta przedstawiaj\u0105 sprzeczne powody tej \n<a class=\"moretag\" href=\"https:\/\/time24.pl.ua\/?p=11023\"> [...]<\/a>","protected":false},"author":1,"featured_media":11025,"comment_status":"open","ping_status":"open","sticky":false,"template":"","format":"standard","meta":{"footnotes":""},"categories":[1],"tags":[],"class_list":["post-11023","post","type-post","status-publish","format-standard","has-post-thumbnail","hentry","category-blog"],"_links":{"self":[{"href":"https:\/\/time24.pl.ua\/index.php?rest_route=\/wp\/v2\/posts\/11023","targetHints":{"allow":["GET"]}}],"collection":[{"href":"https:\/\/time24.pl.ua\/index.php?rest_route=\/wp\/v2\/posts"}],"about":[{"href":"https:\/\/time24.pl.ua\/index.php?rest_route=\/wp\/v2\/types\/post"}],"author":[{"embeddable":true,"href":"https:\/\/time24.pl.ua\/index.php?rest_route=\/wp\/v2\/users\/1"}],"replies":[{"embeddable":true,"href":"https:\/\/time24.pl.ua\/index.php?rest_route=%2Fwp%2Fv2%2Fcomments&post=11023"}],"version-history":[{"count":1,"href":"https:\/\/time24.pl.ua\/index.php?rest_route=\/wp\/v2\/posts\/11023\/revisions"}],"predecessor-version":[{"id":11026,"href":"https:\/\/time24.pl.ua\/index.php?rest_route=\/wp\/v2\/posts\/11023\/revisions\/11026"}],"wp:featuredmedia":[{"embeddable":true,"href":"https:\/\/time24.pl.ua\/index.php?rest_route=\/wp\/v2\/media\/11025"}],"wp:attachment":[{"href":"https:\/\/time24.pl.ua\/index.php?rest_route=%2Fwp%2Fv2%2Fmedia&parent=11023"}],"wp:term":[{"taxonomy":"category","embeddable":true,"href":"https:\/\/time24.pl.ua\/index.php?rest_route=%2Fwp%2Fv2%2Fcategories&post=11023"},{"taxonomy":"post_tag","embeddable":true,"href":"https:\/\/time24.pl.ua\/index.php?rest_route=%2Fwp%2Fv2%2Ftags&post=11023"}],"curies":[{"name":"wp","href":"https:\/\/api.w.org\/{rel}","templated":true}]}}