{"id":10998,"date":"2026-04-20T14:35:58","date_gmt":"2026-04-20T14:35:58","guid":{"rendered":"https:\/\/time24.pl.ua\/?p=10998"},"modified":"2026-04-20T14:35:58","modified_gmt":"2026-04-20T14:35:58","slug":"smiertelny-wypadek-w-poniedzialkowy-poranek-zderzyly-sie-dwa-tir-y-droga-calkowicie-zablokowana","status":"publish","type":"post","link":"https:\/\/time24.pl.ua\/?p=10998","title":{"rendered":"\u015amiertelny wypadek w poniedzia\u0142kowy poranek. Zderzy\u0142y si\u0119 dwa TIR-y, droga ca\u0142kowicie zablokowana"},"content":{"rendered":"\n<p>Do tragicznego wypadku dosz\u0142o w poniedzia\u0142ek 20 kwietnia nad ranem na jednym z odcink\u00f3w polskiej autostrady. W zderzeniu dw\u00f3ch samochod\u00f3w ci\u0119\u017carowych zgin\u0119\u0142a jedna osoba, a trzy kolejne zosta\u0142y ranne. Na trasie w kierunku Poznania s\u0105 obecnie gigantyczne utrudnienia.<\/p>\n\n\n\n<p>Dramatyczne zdarzenie na A2<br>Ranni i szybka reakcja s\u0142u\u017cb ratunkowych<br>Parali\u017c na trasie i dzia\u0142ania prokuratury<br>Dramatyczne zdarzenie na A2<br>Do wypadku dosz\u0142o oko\u0142o godziny 4:40 na 341. kilometrze autostrady A2, w miejscowo\u015bci Wiktor\u00f3w w powiecie zgierskim.<\/p>\n\n\n\n<p> Na pasie w kierunku Poznania znajdowa\u0142 si\u0119 unieruchomiony zestaw ci\u0119\u017carowy przewo\u017c\u0105cy betonowe zbiorniki. W momencie zdarzenia trwa\u0142a tam wymiana ko\u0142a, w kt\u00f3r\u0105 zaanga\u017cowany by\u0142 tak\u017ce serwis mobilnej wulkanizacji.<\/p>\n\n\n\n<p>Wed\u0142ug wst\u0119pnych ustale\u0144 s\u0142u\u017cb, wszystkie osoby uczestnicz\u0105ce w naprawie znajdowa\u0142y si\u0119 poza pojazdami. W stoj\u0105ce na pasie awaryjnym pojazdy uderzy\u0142 rozp\u0119dzony tir z naczep\u0105. Si\u0142a zderzenia by\u0142a na tyle du\u017ca, \u017ce doprowadzi\u0142a do tragicznych skutk\u00f3w.<\/p>\n\n\n\n<p>Cia\u0142o m\u0119\u017cczyzny znajduje si\u0119 pomi\u0119dzy barierkami ochronnymi a przyczep\u0105. Obecnie na miejscu trwaj\u0105 czynno\u015bci maj\u0105ce na celu wydobycie zw\u0142ok \u2013 informowa\u0142 bryg. J\u0119drzej Pawlak z Komendy Wojew\u00f3dzkiej Pa\u0144stwowej Stra\u017cy Po\u017carnej w \u0141odzi, cytowany przez Tu\u0141\u00f3d\u017a.pl<\/p>\n\n\n\n<p>Ofiar\u0105 \u015bmierteln\u0105 jest m\u0119\u017cczyzna \u2013 najprawdopodobniej kierowca lub pasa\u017cer naprawianego zestawu. Okoliczno\u015bci wypadku s\u0105 szczeg\u00f3\u0142owo badane przez s\u0142u\u017cby.<\/p>\n\n\n\n<p>Ranni i szybka reakcja s\u0142u\u017cb ratunkowych<br>W wyniku zdarzenia ucierpia\u0142y trzy osoby. W\u015br\u00f3d rannych znajduje si\u0119 kierowca tira, kt\u00f3ry uderzy\u0142 w stoj\u0105cy pojazd, drugi m\u0119\u017cczyzna z uszkodzonego zestawu oraz pracownik mobilnej wulkanizacji. Wszyscy poszkodowani zostali przetransportowani przez Zespo\u0142y Ratownictwa Medycznego do szpitali.<\/p>\n\n\n\n<p>S\u0142u\u017cby ratunkowe pojawi\u0142y si\u0119 na miejscu bardzo szybko \u2013 zespo\u0142y medyczne dotar\u0142y praktycznie r\u00f3wnocze\u015bnie ze stra\u017c\u0105 po\u017carn\u0105. Stra\u017cacy nie tylko zabezpieczyli teren zdarzenia, ale r\u00f3wnie\u017c wsparli ratownik\u00f3w w udzielaniu pomocy poszkodowanym.<\/p>\n\n\n\n<p>Dzia\u0142ania obejmowa\u0142y tak\u017ce od\u0142\u0105czenie akumulator\u00f3w w rozbitych pojazdach, aby zapobiec ewentualnemu po\u017carowi lub kolejnym zagro\u017ceniom. Na miejscu pracuj\u0105 liczne zast\u0119py stra\u017cy po\u017carnej oraz policja.<\/p>\n\n\n\n<p>W stoj\u0105c\u0105 na poboczu ci\u0119\u017car\u00f3wk\u0119 z przyczep\u0105, przewo\u017c\u0105c\u0105 zbiorniki betonowe i b\u0119d\u0105c\u0105 w trakcie wymiany ko\u0142a, uderzy\u0142 tir z naczep\u0105. \u015amier\u0107 na miejscu poni\u00f3s\u0142 kierowca lub pasa\u017cer naprawianego zestawu, kolejne trzy osoby (\u2026) zosta\u0142y ranne. Wszyscy poszkodowani znajdowali si\u0119 poza pojazdami \u2013 m\u00f3wi\u0142 bryg. J\u0119drzej Pawlak cytowany przez TVN24.<\/p>\n\n\n\n<figure class=\"wp-block-image size-full\"><img loading=\"lazy\" decoding=\"async\" width=\"1007\" height=\"566\" src=\"https:\/\/time24.pl.ua\/wp-content\/uploads\/2026\/04\/Screenshot_2026_04_20-30.png\" alt=\"\" class=\"wp-image-10999\" srcset=\"https:\/\/time24.pl.ua\/wp-content\/uploads\/2026\/04\/Screenshot_2026_04_20-30.png 1007w, https:\/\/time24.pl.ua\/wp-content\/uploads\/2026\/04\/Screenshot_2026_04_20-30-300x169.png 300w, https:\/\/time24.pl.ua\/wp-content\/uploads\/2026\/04\/Screenshot_2026_04_20-30-768x432.png 768w\" sizes=\"auto, (max-width: 1007px) 100vw, 1007px\" \/><\/figure>\n\n\n\n<p>Parali\u017c na trasie i dzia\u0142ania prokuratury<br>Wypadek spowodowa\u0142 powa\u017cne utrudnienia w ruchu drogowym. Autostrada A2 w kierunku Poznania zosta\u0142a ca\u0142kowicie zablokowana, a kierowcy musz\u0105 liczy\u0107 si\u0119 z wielogodzinnymi op\u00f3\u017anieniami. Na miejscu wprowadzono objazdy.<\/p>\n\n\n\n<p>Zalecana trasa alternatywna prowadzi przez w\u0119ze\u0142 Emilia, nast\u0119pnie drog\u0105 krajow\u0105 nr 91 do \u0141\u0119czycy, a dalej drog\u0105 wojew\u00f3dzk\u0105 nr 703 do w\u0119z\u0142a Wartkowice, sk\u0105d mo\u017cna ponownie wjecha\u0107 na autostrad\u0119 A2. Utrudnienia mog\u0105 potrwa\u0107 kilka godzin.<\/p>\n\n\n\n<p>Na miejscu zdarzenia pracuje r\u00f3wnie\u017c prokurator, kt\u00f3ry nadzoruje czynno\u015bci maj\u0105ce na celu ustalenie dok\u0142adnych przyczyn tragedii. Kluczowe b\u0119dzie ustalenie, dlaczego kierowca nadje\u017cd\u017caj\u0105cego tira nie zdo\u0142a\u0142 omin\u0105\u0107 pojazd\u00f3w stoj\u0105cych na pasie awaryjnym.<\/p>\n\n\n\n<p>S\u0142u\u017cby kontynuuj\u0105 dzia\u0142ania, w tym wydobycie cia\u0142a ofiary, kt\u00f3re nadal znajduje si\u0119 mi\u0119dzy barierkami ochronnymi a przyczep\u0105. Sprawa ma charakter rozwojowy, a kolejne informacje b\u0119d\u0105 przekazywane po zako\u0144czeniu czynno\u015bci na miejscu.<br><\/p>\n","protected":false},"excerpt":{"rendered":"Do tragicznego wypadku dosz\u0142o w poniedzia\u0142ek 20 kwietnia nad ranem na jednym z odcink\u00f3w polskiej autostrady. W zderzeniu dw\u00f3ch samochod\u00f3w ci\u0119\u017carowych zgin\u0119\u0142a jedna \n<a class=\"moretag\" href=\"https:\/\/time24.pl.ua\/?p=10998\"> [...]<\/a>","protected":false},"author":1,"featured_media":11000,"comment_status":"open","ping_status":"open","sticky":false,"template":"","format":"standard","meta":{"footnotes":""},"categories":[1],"tags":[],"class_list":["post-10998","post","type-post","status-publish","format-standard","has-post-thumbnail","hentry","category-blog"],"_links":{"self":[{"href":"https:\/\/time24.pl.ua\/index.php?rest_route=\/wp\/v2\/posts\/10998","targetHints":{"allow":["GET"]}}],"collection":[{"href":"https:\/\/time24.pl.ua\/index.php?rest_route=\/wp\/v2\/posts"}],"about":[{"href":"https:\/\/time24.pl.ua\/index.php?rest_route=\/wp\/v2\/types\/post"}],"author":[{"embeddable":true,"href":"https:\/\/time24.pl.ua\/index.php?rest_route=\/wp\/v2\/users\/1"}],"replies":[{"embeddable":true,"href":"https:\/\/time24.pl.ua\/index.php?rest_route=%2Fwp%2Fv2%2Fcomments&post=10998"}],"version-history":[{"count":1,"href":"https:\/\/time24.pl.ua\/index.php?rest_route=\/wp\/v2\/posts\/10998\/revisions"}],"predecessor-version":[{"id":11001,"href":"https:\/\/time24.pl.ua\/index.php?rest_route=\/wp\/v2\/posts\/10998\/revisions\/11001"}],"wp:featuredmedia":[{"embeddable":true,"href":"https:\/\/time24.pl.ua\/index.php?rest_route=\/wp\/v2\/media\/11000"}],"wp:attachment":[{"href":"https:\/\/time24.pl.ua\/index.php?rest_route=%2Fwp%2Fv2%2Fmedia&parent=10998"}],"wp:term":[{"taxonomy":"category","embeddable":true,"href":"https:\/\/time24.pl.ua\/index.php?rest_route=%2Fwp%2Fv2%2Fcategories&post=10998"},{"taxonomy":"post_tag","embeddable":true,"href":"https:\/\/time24.pl.ua\/index.php?rest_route=%2Fwp%2Fv2%2Ftags&post=10998"}],"curies":[{"name":"wp","href":"https:\/\/api.w.org\/{rel}","templated":true}]}}