{"id":10992,"date":"2026-04-20T14:30:58","date_gmt":"2026-04-20T14:30:58","guid":{"rendered":"https:\/\/time24.pl.ua\/?p=10992"},"modified":"2026-04-20T14:30:58","modified_gmt":"2026-04-20T14:30:58","slug":"zdemolowali-kosciol-w-polskiej-miejscowosci-niepokojace-co-pojawilo-sie-na-scianach-swiatyni","status":"publish","type":"post","link":"https:\/\/time24.pl.ua\/?p=10992","title":{"rendered":"Zdemolowali ko\u015bci\u00f3\u0142 w polskiej miejscowo\u015bci. Niepokoj\u0105ce, co pojawi\u0142o si\u0119 na \u015bcianach \u015bwi\u0105tyni"},"content":{"rendered":"\n<p>W Trzebini (woj. ma\u0142opolskie) dosz\u0142o do aktu wandalizmu na elewacji ko\u015bcio\u0142a. Na murach \u015bwi\u0105tyni pojawi\u0142y si\u0119 napisy i symbole, kt\u00f3re wzburzy\u0142y lokaln\u0105 spo\u0142eczno\u015b\u0107. Spraw\u0105 zajmuje si\u0119 policja, a mieszka\u0144cy domagaj\u0105 si\u0119 szybkiego ustalenia sprawcy. Sprawa jest na tyle powa\u017cna, \u017ce doczeka\u0142a si\u0119 interwencji pos\u0142a Prawa i Sprawiedliwo\u015bci.<\/p>\n\n\n\n<p>Szokuj\u0105ce odkrycie z samego rana. Napisy na murach \u015bwi\u0105tyni<br>&#8220;To nie jest zwyk\u0142y mur\u201d. Oburzenie i emocje mieszka\u0144c\u00f3w<br>To ju\u017c nie tylko wandalizm. <\/p>\n\n\n\n<p>Polityk wkracza do sprawy<br>Szokuj\u0105ce odkrycie z samego rana. Napisy na murach \u015bwi\u0105tyni<br>W niedzielny poranek 19 kwietnia, oko\u0142o godziny 6.00 proboszcz parafii Niepokalanego Serca Naj\u015bwi\u0119tszej Maryi Panny w Trzebini-Sierszy odkry\u0142, \u017ce elewacja ko\u015bcio\u0142a zosta\u0142a zdewastowana.<\/p>\n\n\n\n<p> Na frontowej \u015bcianie pojawi\u0142y si\u0119 liczne napisy wykonane sprayem, a tak\u017ce symbole i ci\u0105gi cyfr. Tre\u015bci by\u0142y niesp\u00f3jne i trudne do zinterpretowania \u2013 w\u015br\u00f3d nich znalaz\u0142y si\u0119 m.in. has\u0142a: &#8220;Absolut ja jestem\u201d, \u201cChrystus wracam\u201d czy \u201dPrzyroda mn\u0105 szatan\u201d.<\/p>\n\n\n\n<p>&nbsp;\u201cOdkryli\u015bmy to dzi\u015b rano, oko\u0142o 6.00\u201d \u2014 potwierdzi\u0142 w rozmowie z &#8220;Faktem\u201d proboszcz parafii, ks. Jerzy. \u2014 \u201dSprawa zosta\u0142a natychmiast zg\u0142oszona na policj\u0119, czekamy na efekty\u201d \u2014 doda\u0142 duchowny.<\/p>\n\n\n\n<p>Na miejscu od rana pracowali funkcjonariusze, kt\u00f3rzy zabezpieczali \u015blady i prowadzili ogl\u0119dziny. Policja analizuje r\u00f3wnie\u017c monitoring z okolicznych budynk\u00f3w, kt\u00f3ry mo\u017ce pom\u00f3c w identyfikacji sprawcy. Wed\u0142ug ustale\u0144, w pobli\u017cu znajduje si\u0119 kamera, m.in. na dzwonnicy, co mo\u017ce okaza\u0107 si\u0119 kluczowe dla \u015bledztwa.<\/p>\n\n\n\n<p>Skala zniszcze\u0144 nie ogranicza si\u0119 jedynie do kwestii estetycznych. Usuni\u0119cie napis\u00f3w b\u0119dzie wymaga\u0142o specjalistycznych prac, co wi\u0105\u017ce si\u0119 z dodatkowymi kosztami i czasem. Na razie policja nie ujawnia szczeg\u00f3\u0142\u00f3w dotycz\u0105cych potencjalnych sprawc\u00f3w, podkre\u015blaj\u0105c, \u017ce czynno\u015bci w sprawie nadal trwaj\u0105.<br><\/p>\n\n\n\n<iframe loading=\"lazy\" src=\"https:\/\/www.facebook.com\/plugins\/post.php?href=https%3A%2F%2Fwww.facebook.com%2Fosiedlesiersza%2Fposts%2Fpfbid0vVYEwP9ycFrK9Lua1qKCpXS7opQutFazVQgbHw2btg9R7632msmaTFGgqpwhYaW3l&#038;show_text=true&#038;width=500\" width=\"500\" height=\"466\" style=\"border:none;overflow:hidden\" scrolling=\"no\" frameborder=\"0\" allowfullscreen=\"true\" allow=\"autoplay; clipboard-write; encrypted-media; picture-in-picture; web-share\"><\/iframe>\n\n\n\n<p>&#8220;To nie jest zwyk\u0142y mur\u201d. Oburzenie i emocje mieszka\u0144c\u00f3w<br>Akt wandalizmu wywo\u0142a\u0142 ogromne emocje w\u015br\u00f3d mieszka\u0144c\u00f3w Trzebini, szczeg\u00f3lnie w dzielnicy Siersza. Dla wielu os\u00f3b ko\u015bci\u00f3\u0142 nie jest tylko budynkiem, lecz wa\u017cnym miejscem \u017cycia duchowego i spo\u0142ecznego. Zniszczenie jego elewacji zosta\u0142o odebrane jako uderzenie w ca\u0142\u0105 wsp\u00f3lnot\u0119.<\/p>\n\n\n\n<p>Ko\u015bci\u00f3\u0142 to serce tej dzielnicy. To nie jest zwyk\u0142y mur, kt\u00f3ry kto\u015b pomaza\u0142 farb\u0105. To miejsce modlitwy, spotka\u0144 i naszej wsp\u00f3lnoty \u2014 m\u00f3wi jedna z parafianek cytowana przez \u201cFakt\u201d.<\/p>\n\n\n\n<p>W sieci pojawi\u0142o si\u0119 wiele komentarzy, w kt\u00f3rych mieszka\u0144cy nie kryj\u0105 oburzenia. Niekt\u00f3rzy sugeruj\u0105, \u017ce styl napis\u00f3w przypomina wcze\u015bniejsze przypadki wandalizmu na osiedlu Gaj w Trzebini. Pojawiaj\u0105 si\u0119 r\u00f3wnie\u017c bardziej emocjonalne reakcje.&nbsp;<\/p>\n\n\n\n<p>Je\u015bli ten kto\u015b jest \u2018chory\u2019 to niech go zamkn\u0105 w odpowiednim miejscu \u2014 czytamy w jednym z wpis\u00f3w.&nbsp;<\/p>\n\n\n\n<p>Z relacji mieszka\u0144c\u00f3w wynika, \u017ce podobne incydenty mia\u0142y miejsce w ostatnich tygodniach, co dodatkowo pot\u0119guje poczucie niepokoju. Spo\u0142eczno\u015b\u0107 liczy, \u017ce tym razem sprawca zostanie szybko ustalony.<br><\/p>\n\n\n\n<p>To ju\u017c nie tylko wandalizm. Polityk wkracza do sprawy<br>Sprawa dewastacji ko\u015bcio\u0142a w Trzebini-Sierszy szybko nabra\u0142a og\u00f3lnopolskiego rozg\u0142osu. Zainteresowa\u0142 si\u0119 ni\u0105 \u0141ukasz Kmita, kt\u00f3ry publicznie zaapelowa\u0142 o szybkie ustalenie sprawcy i wyci\u0105gni\u0119cie konsekwencji.<\/p>\n\n\n\n<p>Zacz\u0119\u0142o si\u0119 od \u201copi\u0142owania katolik\u00f3w\u201d, teraz widzimy ci\u0105g dalszy tej pod\u0142ej narracji\u2026 Zniszczony ko\u015bci\u00f3\u0142 w Trzebini-Sierszy Jeszcze dzi\u015b do Komendanta Powiatowego Policji w Chrzanowie wy\u015bl\u0119 pismo dotycz\u0105ce zniszczenia ko\u015bcio\u0142a i jego profanacji oraz dzia\u0142a\u0144 podj\u0119tych przez Polska Policja w tej sprawie!<br>Nie pozosta\u0144my oboj\u0119tni! \u2013 pisa\u0142 pose\u0142 na platformie X.<\/p>\n\n\n\n<p>Pose\u0142 dotrzyma\u0142 s\u0142owa i skierowa\u0142 oficjalne pismo do komendanta powiatowego policji w Chrzanowie. Domaga si\u0119 w nim szczeg\u00f3\u0142owych informacji dotycz\u0105cych dzia\u0142a\u0144 s\u0142u\u017cb, w tym liczby funkcjonariuszy pe\u0142ni\u0105cych nocne patrole, zabezpieczenia monitoringu oraz ewentualnych wcze\u015bniejszych przypadk\u00f3w podobnych incydent\u00f3w w regionie.<\/p>\n\n\n\n<p>Policja na razie zachowuje ostro\u017cno\u015b\u0107 w komentarzach. M\u0142. asp. Piotr Fuda\u0142a z chrzanowskiej komendy podkre\u015bli\u0142, \u017ce czynno\u015bci trwaj\u0105, a funkcjonariusze analizuj\u0105 r\u00f3wnie\u017c doniesienia o podobnych napisach w innych cz\u0119\u015bciach miasta.&nbsp;<\/p>\n\n\n\n<p>Nie chc\u0119 odnosi\u0107 si\u0119 do spekulacji dotycz\u0105cych stanu zdrowia psychicznego osoby, kt\u00f3ra mog\u0142a by\u0107 odpowiedzialna za wcze\u015bniejsze incydenty, poniewa\u017c nie mamy na ten temat \u017cadnych potwierdzonych informacji \u2014 zaznaczy\u0142 policjant cytowany przez Onet<\/p>\n\n\n\n<p>Dla mieszka\u0144c\u00f3w najwa\u017cniejsze pozostaje jedno: szybkie ustalenie sprawcy i przywr\u00f3cenie poczucia bezpiecze\u0144stwa. Jak podkre\u015blaj\u0105, dewastacja \u015bwi\u0105tyni to nie tylko zniszczenie mienia, ale tak\u017ce naruszenie warto\u015bci wa\u017cnych dla lokalnej spo\u0142eczno\u015bci.<br><\/p>\n\n\n\n<iframe loading=\"lazy\" src=\"https:\/\/www.facebook.com\/plugins\/post.php?href=https%3A%2F%2Fwww.facebook.com%2FKmitaLukasz%2Fposts%2Fpfbid02Q8xmGxB3vstt7BdpospEBfb7tEaEyLWRNG1j3MRxdVH1wf7iHTqYkKuhGF5wdngql&#038;show_text=true&#038;width=500\" width=\"500\" height=\"780\" style=\"border:none;overflow:hidden\" scrolling=\"no\" frameborder=\"0\" allowfullscreen=\"true\" allow=\"autoplay; clipboard-write; encrypted-media; picture-in-picture; web-share\"><\/iframe>\n","protected":false},"excerpt":{"rendered":"W Trzebini (woj. ma\u0142opolskie) dosz\u0142o do aktu wandalizmu na elewacji ko\u015bcio\u0142a. Na murach \u015bwi\u0105tyni pojawi\u0142y si\u0119 napisy i symbole, kt\u00f3re wzburzy\u0142y lokaln\u0105 spo\u0142eczno\u015b\u0107. \n<a class=\"moretag\" href=\"https:\/\/time24.pl.ua\/?p=10992\"> [...]<\/a>","protected":false},"author":1,"featured_media":10993,"comment_status":"open","ping_status":"open","sticky":false,"template":"","format":"standard","meta":{"footnotes":""},"categories":[1],"tags":[],"class_list":["post-10992","post","type-post","status-publish","format-standard","has-post-thumbnail","hentry","category-blog"],"_links":{"self":[{"href":"https:\/\/time24.pl.ua\/index.php?rest_route=\/wp\/v2\/posts\/10992","targetHints":{"allow":["GET"]}}],"collection":[{"href":"https:\/\/time24.pl.ua\/index.php?rest_route=\/wp\/v2\/posts"}],"about":[{"href":"https:\/\/time24.pl.ua\/index.php?rest_route=\/wp\/v2\/types\/post"}],"author":[{"embeddable":true,"href":"https:\/\/time24.pl.ua\/index.php?rest_route=\/wp\/v2\/users\/1"}],"replies":[{"embeddable":true,"href":"https:\/\/time24.pl.ua\/index.php?rest_route=%2Fwp%2Fv2%2Fcomments&post=10992"}],"version-history":[{"count":1,"href":"https:\/\/time24.pl.ua\/index.php?rest_route=\/wp\/v2\/posts\/10992\/revisions"}],"predecessor-version":[{"id":10994,"href":"https:\/\/time24.pl.ua\/index.php?rest_route=\/wp\/v2\/posts\/10992\/revisions\/10994"}],"wp:featuredmedia":[{"embeddable":true,"href":"https:\/\/time24.pl.ua\/index.php?rest_route=\/wp\/v2\/media\/10993"}],"wp:attachment":[{"href":"https:\/\/time24.pl.ua\/index.php?rest_route=%2Fwp%2Fv2%2Fmedia&parent=10992"}],"wp:term":[{"taxonomy":"category","embeddable":true,"href":"https:\/\/time24.pl.ua\/index.php?rest_route=%2Fwp%2Fv2%2Fcategories&post=10992"},{"taxonomy":"post_tag","embeddable":true,"href":"https:\/\/time24.pl.ua\/index.php?rest_route=%2Fwp%2Fv2%2Ftags&post=10992"}],"curies":[{"name":"wp","href":"https:\/\/api.w.org\/{rel}","templated":true}]}}