{"id":10985,"date":"2026-04-20T14:23:22","date_gmt":"2026-04-20T14:23:22","guid":{"rendered":"https:\/\/time24.pl.ua\/?p=10985"},"modified":"2026-04-20T14:23:22","modified_gmt":"2026-04-20T14:23:22","slug":"tak-tusk-przywital-macrona-w-polsce-nagranie-obieglo-siec","status":"publish","type":"post","link":"https:\/\/time24.pl.ua\/?p=10985","title":{"rendered":"Tak Tusk przywita\u0142 Macrona w Polsce. Nagranie obieg\u0142o sie\u0107"},"content":{"rendered":"\n<p>W poniedzia\u0142ek 20 kwietnia w Gda\u0144sku odbywa si\u0119 I Polsko-Francuski Szczyt Mi\u0119dzyrz\u0105dowy zorganizowany w ramach Dnia Przyja\u017ani Polsko-Francuskiej. Z tej okazji do Tr\u00f3jmiasta przyby\u0142 prezydent Francji Emmanuel Macron, kt\u00f3rego w szczeg\u00f3lny spos\u00f3b powita\u0142 premier Donald Tusk. Na ulicach miasta towarzyszy\u0142y im t\u0142umy.<\/p>\n\n\n\n<p>Prezydent Francji z wizyt\u0105 w Gda\u0144sku<br>Samolot z delegacj\u0105 francusk\u0105 wyl\u0105dowa\u0142 przed po\u0142udniem na lotnisku w Gda\u0144sku-R\u0119biechowie. Wizyta rozpocz\u0119\u0142a si\u0119 od uroczysto\u015bci na Wojskowym Cmentarzu Francuskim na gda\u0144skich Siedlcach, gdzie spoczywaj\u0105 m.in. \u017co\u0142nierze armii napoleo\u0144skiej.&nbsp;<\/p>\n\n\n\n<p>Nast\u0119pnie Emmanuel Macron zosta\u0142 oficjalnie powitany przez premiera Donalda Tuska przy Z\u0142otej Bramie, w pobli\u017cu tablicy upami\u0119tniaj\u0105cej zamordowanego w 2019 roku prezydenta Paw\u0142a Adamowicza. Nie zabrak\u0142o przy tym serdeczno\u015bci &#8211; szef polskiego rz\u0105du bardzo ciep\u0142o przywita\u0142 francuskiego prezydenta, co okaza\u0142 mi\u0119dzy innymi poprzez poklepanie go po plecach.<\/p>\n\n\n\n<p>Po ceremonii obaj politycy przeszli ulic\u0105 D\u0142ug\u0105 w\u015br\u00f3d zgromadzonych t\u0142um\u00f3w. W trakcie spaceru Tusk opowiada\u0142 Macronowi o zniszczeniach centrum Gda\u0144ska po II wojnie \u015bwiatowej, przypominaj\u0105c, \u017ce po jej zako\u0144czeniu w mie\u015bcie pozosta\u0142o zaledwie oko\u0142o 8 tys. mieszka\u0144c\u00f3w, w tym jego rodzina.<br><\/p>\n\n\n\n<blockquote class=\"twitter-tweet\" data-media-max-width=\"560\"><p lang=\"pl\" dir=\"ltr\">Premier <a href=\"https:\/\/twitter.com\/donaldtusk?ref_src=twsrc%5Etfw\">@DonaldTusk<\/a> i Prezydent Emmanuel Macron w Gda\u0144sku \ud83c\uddf5\ud83c\uddf1\ud83c\uddeb\ud83c\uddf7<br><br>Vive la Pologne, vive la France! <a href=\"https:\/\/twitter.com\/hashtag\/PLFR?src=hash&amp;ref_src=twsrc%5Etfw\">#PLFR<\/a> <a href=\"https:\/\/t.co\/SsKdR6KWgm\">pic.twitter.com\/SsKdR6KWgm<\/a><\/p>&mdash; Adam Sz\u0142apka (@adamSzlapka) <a href=\"https:\/\/twitter.com\/adamSzlapka\/status\/2046189362992287914?ref_src=twsrc%5Etfw\">April 20, 2026<\/a><\/blockquote> <script async src=\"https:\/\/platform.twitter.com\/widgets.js\" charset=\"utf-8\"><\/script>\n\n\n\n<p>Rozmowy polsko-francuskie i wizyta w najwa\u017cniejszych miejscach miasta<br>Kolejne punkty wizyty obejmuj\u0105 cz\u0119\u015b\u0107 oficjaln\u0105 szczytu. W programie znalaz\u0142o si\u0119 m.in. spotkanie w cztery oczy premiera Donald Tusk z prezydentem Francji Emmanuel Macron. Obaj przyw\u00f3dcy maj\u0105 r\u00f3wnie\u017c z\u0142o\u017cy\u0107 kwiaty pod Pomnikiem Poleg\u0142ych Stoczniowc\u00f3w 1970, zwiedzi\u0107 wystaw\u0119 w Europejskim Centrum Solidarno\u015bci oraz umie\u015bci\u0107 zawieszki na \u015acianie Wolno\u015bci.<\/p>\n\n\n\n<p>Na godzin\u0119 14:45 zaplanowano sesj\u0119 plenarn\u0105 delegacji. Jak poinformowa\u0142o Centrum Informacyjne Rz\u0105du, rozmowy podczas szczytu dotycz\u0105 m.in. relacji dwustronnych Polski i Francji, wyzwa\u0144 dla bezpiecze\u0144stwa w Europie oraz wsp\u00f3\u0142pracy sojuszniczej i transatlantyckiej.<\/p>\n\n\n\n<p>Prezydentowi Francji towarzysz\u0105 w Gda\u0144sku cz\u0142onkowie rz\u0105du, w tym ministrowie odpowiedzialni za obron\u0119, sprawy zagraniczne, kultur\u0119 oraz energetyk\u0119.<br><\/p>\n\n\n\n<p>I Polsko-Francuski Szczyt Mi\u0119dzyrz\u0105dowy bez udzia\u0142u Karola Nawrockiego<br>Szczyt w Gda\u0144sku wpisuje si\u0119 w szerszy kontekst wsp\u00f3\u0142pracy mi\u0119dzy Warszaw\u0105 a Pary\u017cem. To pierwsze tego typu wydarzenie od podpisania 9 maja 2025 roku w Nancy traktatu o wzmocnionej wsp\u00f3\u0142pracy mi\u0119dzy Polsk\u0105 a Francj\u0105, kt\u00f3ry obejmuje m.in. kwestie bezpiecze\u0144stwa i obronno\u015bci, gospodarki oraz kultury. W obecnej sytuacji mi\u0119dzynarodowej szczeg\u00f3lne znaczenie maj\u0105 zapisy dotycz\u0105ce wsp\u00f3\u0142pracy militarnej oraz wzajemnych gwarancji bezpiecze\u0144stwa.<\/p>\n\n\n\n<p>Do rangi tych temat\u00f3w odnosz\u0105 si\u0119 tak\u017ce komentarze ekspert\u00f3w.&nbsp;<\/p>\n\n\n\n<ul class=\"wp-block-list\">\n<li>Tematy s\u0105 powa\u017cne, jest kwestia atomu, jest o czym rozmawia\u0107. Oficjalna wizyta prezydenta Francji bez spotkania z naszym prezydentem budzi tutaj w\u0105tpliwo\u015bci &#8211; m\u00f3wi\u0142 Grzegorz Urbanek w Polsat News.<\/li>\n<\/ul>\n\n\n\n<p>Jednocze\u015bnie przedstawiciele Kancelarii Prezydenta podkre\u015blaj\u0105, \u017ce relacje mi\u0119dzy Karolem Nawrockim a Emmanuelem Macronem pozostaj\u0105 dobre. Le\u015bkiewicz przypomnia\u0142 o wcze\u015bniejszym spotkaniu obu przyw\u00f3dc\u00f3w w Pary\u017cu, podczas kt\u00f3rego omawiano kwestie bezpiecze\u0144stwa i polityki unijnej.<br><\/p>\n","protected":false},"excerpt":{"rendered":"W poniedzia\u0142ek 20 kwietnia w Gda\u0144sku odbywa si\u0119 I Polsko-Francuski Szczyt Mi\u0119dzyrz\u0105dowy zorganizowany w ramach Dnia Przyja\u017ani Polsko-Francuskiej. Z tej okazji do Tr\u00f3jmiasta \n<a class=\"moretag\" href=\"https:\/\/time24.pl.ua\/?p=10985\"> [...]<\/a>","protected":false},"author":1,"featured_media":10986,"comment_status":"open","ping_status":"open","sticky":false,"template":"","format":"standard","meta":{"footnotes":""},"categories":[1],"tags":[],"class_list":["post-10985","post","type-post","status-publish","format-standard","has-post-thumbnail","hentry","category-blog"],"_links":{"self":[{"href":"https:\/\/time24.pl.ua\/index.php?rest_route=\/wp\/v2\/posts\/10985","targetHints":{"allow":["GET"]}}],"collection":[{"href":"https:\/\/time24.pl.ua\/index.php?rest_route=\/wp\/v2\/posts"}],"about":[{"href":"https:\/\/time24.pl.ua\/index.php?rest_route=\/wp\/v2\/types\/post"}],"author":[{"embeddable":true,"href":"https:\/\/time24.pl.ua\/index.php?rest_route=\/wp\/v2\/users\/1"}],"replies":[{"embeddable":true,"href":"https:\/\/time24.pl.ua\/index.php?rest_route=%2Fwp%2Fv2%2Fcomments&post=10985"}],"version-history":[{"count":1,"href":"https:\/\/time24.pl.ua\/index.php?rest_route=\/wp\/v2\/posts\/10985\/revisions"}],"predecessor-version":[{"id":10987,"href":"https:\/\/time24.pl.ua\/index.php?rest_route=\/wp\/v2\/posts\/10985\/revisions\/10987"}],"wp:featuredmedia":[{"embeddable":true,"href":"https:\/\/time24.pl.ua\/index.php?rest_route=\/wp\/v2\/media\/10986"}],"wp:attachment":[{"href":"https:\/\/time24.pl.ua\/index.php?rest_route=%2Fwp%2Fv2%2Fmedia&parent=10985"}],"wp:term":[{"taxonomy":"category","embeddable":true,"href":"https:\/\/time24.pl.ua\/index.php?rest_route=%2Fwp%2Fv2%2Fcategories&post=10985"},{"taxonomy":"post_tag","embeddable":true,"href":"https:\/\/time24.pl.ua\/index.php?rest_route=%2Fwp%2Fv2%2Ftags&post=10985"}],"curies":[{"name":"wp","href":"https:\/\/api.w.org\/{rel}","templated":true}]}}