{"id":10979,"date":"2026-04-20T14:09:44","date_gmt":"2026-04-20T14:09:44","guid":{"rendered":"https:\/\/time24.pl.ua\/?p=10979"},"modified":"2026-04-20T14:09:44","modified_gmt":"2026-04-20T14:09:44","slug":"chlopiec-krzyczal-przy-grobie-matki-ze-zyje-ludzie-mu-nie-wierzyli-dopoki-nie-przyjechala-policja","status":"publish","type":"post","link":"https:\/\/time24.pl.ua\/?p=10979","title":{"rendered":"Ch\u0142opiec krzycza\u0142 przy grobie matki, \u017ce \u017cyje. Ludzie mu nie wierzyli, dop\u00f3ki nie przyjecha\u0142a policja."},"content":{"rendered":"\n<p>Na spokojnym cmentarzu dziesi\u0119cioletni ch\u0142opiec przerywa rutyn\u0119, og\u0142aszaj\u0105c, \u017ce jego pochowana tam matka wci\u0105\u017c \u017cyje. Ten rozpaczliwy krzyk, ignorowany przez przechodni\u00f3w, doprowadzi jednak do wszcz\u0119cia \u015bledztwa policyjnego, kt\u00f3re poci\u0105gnie za sob\u0105 nieoczekiwane konsekwencje.<\/p>\n\n\n\n<p>Pokazy slajd\u00f3w<\/p>\n\n\n\n<figure class=\"wp-block-image\"><img decoding=\"async\" src=\"https:\/\/cdn.viepratique.fr\/wp-content\/uploads\/viepratique\/2025\/06\/un-garcon-en-deuil-au-cimetiere-400x220.jpg\" alt=\"\"\/><\/figure>\n\n\n\n<p>1\/12 Ch\u0142opiec w \u017ca\u0142obie na cmentarzuPierwsze dni maja up\u0142yn\u0119\u0142y pod znakiem niezwyk\u0142ej obecno\u015bci ma\u0142ego ch\u0142opca na cmentarzu. Codziennie chodzi\u0142 na gr\u00f3b matki, niestrudzenie powtarzaj\u0105c, \u017ce nie umar\u0142a.<\/p>\n\n\n\n<p> Go\u015bcie, poruszeni jego rozpacz\u0105, my\u015bleli, \u017ce po prostu ogarn\u0105\u0142 go smutek. Ch\u0142opiec jednak trwa\u0142, oboj\u0119tny na wsp\u00f3\u0142czuj\u0105ce spojrzenia.<\/p>\n\n\n\n<figure class=\"wp-block-image\"><img decoding=\"async\" src=\"https:\/\/cdn.viepratique.fr\/wp-content\/uploads\/viepratique\/2025\/06\/un-policier-et-une-question-surprenante-400x220.jpg\" alt=\"\"\/><\/figure>\n\n\n\n<p>2\/12 Policjant i zaskakuj\u0105ce pytanieOpiekun cmentarza, zaniepokojony codziennymi krzykami, w ko\u0144cu zdecydowa\u0142 si\u0119 wezwa\u0107 policj\u0119. Na miejsce zdarzenia wys\u0142ano m\u0142odego funkcjonariusza, kt\u00f3ry pr\u00f3bowa\u0142 uspokoi\u0107 ch\u0142opca. <\/p>\n\n\n\n<p>Ch\u0142opiec, z twarz\u0105 mokr\u0105 od \u0142ez, zada\u0142 funkcjonariuszowi zaskakuj\u0105ce pytanie: jak rozpozna\u0107, czy kto\u015b oddycha pod ziemi\u0105? To pytanie wprawi\u0142o funkcjonariusza w konsternacj\u0119.<\/p>\n\n\n\n<figure class=\"wp-block-image\"><img decoding=\"async\" src=\"https:\/\/cdn.viepratique.fr\/wp-content\/uploads\/viepratique\/2025\/06\/le-recit-du-garcon-declenche-une-enquete-400x220.jpg\" alt=\"\"\/><\/figure>\n\n\n\n<p>3\/12 Historia ch\u0142opca wywo\u0142uje \u015bledztwoCh\u0142opiec wyja\u015bni\u0142, \u017ce jego matka, Anna, nie mog\u0142a zasn\u0105\u0107 za kierownic\u0105, jak mawiali ludzie. Nie mia\u0142 nawet okazji si\u0119 z ni\u0105 po\u017cegna\u0107. Zaintrygowany funkcjonariusz zanotowa\u0142 nazwiska os\u00f3b, o kt\u00f3rych wspomina\u0142 ch\u0142opiec \u2013 koleg\u00f3w jego matki. Informacja ta zosta\u0142a przekazana jego prze\u0142o\u017conym, co doprowadzi\u0142o do wszcz\u0119cia \u015bledztwa.<\/p>\n\n\n\n<figure class=\"wp-block-image\"><img decoding=\"async\" src=\"https:\/\/cdn.viepratique.fr\/wp-content\/uploads\/viepratique\/2025\/06\/enquete-sur-une-comptable-disparue-400x220.jpg\" alt=\"\"\/><\/figure>\n\n\n\n<p>4\/12 \u015aledztwo w sprawie zaginionego ksi\u0119gowegoOkaza\u0142o si\u0119, \u017ce Anna pracowa\u0142a jako ksi\u0119gowa w du\u017cej firmie farmaceutycznej. Tydzie\u0144 przed rzekomym wypadkiem znikn\u0119\u0142a z biura. Jej pracodawca stwierdzi\u0142, \u017ce by\u0142a wyczerpana, a nast\u0119pnie zmar\u0142a. Akt zgonu, podpisany przez lekarza zak\u0142adowego, nie zosta\u0142 zakwestionowany.<\/p>\n\n\n\n<figure class=\"wp-block-image\"><img decoding=\"async\" src=\"https:\/\/cdn.viepratique.fr\/wp-content\/uploads\/viepratique\/2025\/06\/exhumation-et-enquete-federale-400x220.jpg\" alt=\"\"\/><\/figure>\n\n\n\n<p>5\/12 Ekshumacja i \u015bledztwo federalneW dniu pogrzebu trumna by\u0142a zamkni\u0119ta i nie przeprowadzono sekcji zw\u0142ok. Funkcjonariusz, uznaj\u0105c to za podejrzane, nalega\u0142 na ekshumacj\u0119. Ku zaskoczeniu wszystkich, trumna by\u0142a pusta. Sprawa nabra\u0142a w\u00f3wczas wymiaru federalnego, ujawniaj\u0105c niepokoj\u0105ce szczeg\u00f3\u0142y z \u017cycia Anny.<\/p>\n\n\n\n<figure class=\"wp-block-image\"><img decoding=\"async\" src=\"https:\/\/cdn.viepratique.fr\/wp-content\/uploads\/viepratique\/2025\/06\/une-comptable-et-des-preuves-compromettantes-400x220.jpg\" alt=\"\"\/><\/figure>\n\n\n\n<p>6\/12 Ksi\u0119gowy i dowody kompromituj\u0105ceAnna nie by\u0142a zwyk\u0142\u0105 ksi\u0119gow\u0105; zebra\u0142a obci\u0105\u017caj\u0105ce dowody przeciwko kierownictwu swojej firmy. Planowa\u0142a przekaza\u0107 je prokuraturze, ale jej koledzy odkryli jej zamiary. Wtedy historia przybra\u0142a nieoczekiwany obr\u00f3t.<\/p>\n\n\n\n<figure class=\"wp-block-image\"><img decoding=\"async\" src=\"https:\/\/cdn.viepratique.fr\/wp-content\/uploads\/viepratique\/2025\/06\/mort-simulee-et-protection-des-temoins-400x220.jpg\" alt=\"\"\/><\/figure>\n\n\n\n<p>7\/12 Sfingowana \u015bmier\u0107 i ochrona \u015bwiadk\u00f3w\u015amier\u0107 Anny zosta\u0142a sfingowana przez policj\u0119 w celu jej ochrony. Zosta\u0142a obj\u0119ta programem ochrony \u015bwiadk\u00f3w, decyzj\u0105 podj\u0119t\u0105 pochopnie, aby firma nie podejrzewa\u0142a wycieku informacji. Pusta trumna by\u0142a podst\u0119pem maj\u0105cym zapewni\u0107 jej bezpiecze\u0144stwo.<\/p>\n\n\n\n<figure class=\"wp-block-image\"><img decoding=\"async\" src=\"https:\/\/cdn.viepratique.fr\/wp-content\/uploads\/viepratique\/2025\/06\/la-conviction-du-garcon-revele-la-verite-400x220.jpg\" alt=\"\"\/><\/figure>\n\n\n\n<p>8\/12 Wyrok skazuj\u0105cy ch\u0142opca ujawnia prawd\u0119Ch\u0142opiec, nie\u015bwiadomy intrygi, nadal wierzy\u0142, \u017ce jego matka \u017cyje. I mia\u0142 racj\u0119. Jego niezachwiane przekonanie w ko\u0144cu doprowadzi\u0142o do odkrycia prawdy. Trzy miesi\u0105ce po procesie Anna pojawi\u0142a si\u0119 ponownie, ca\u0142a i zdrowa, by spotka\u0107 si\u0119 z synem.<\/p>\n\n\n\n<figure class=\"wp-block-image\"><img decoding=\"async\" src=\"https:\/\/cdn.viepratique.fr\/wp-content\/uploads\/viepratique\/2025\/06\/le-phenomene-de-lazare-et-ses-questions-ethiques-400x220.jpg\" alt=\"\"\/><\/figure>\n\n\n\n<p>9\/12 Fenomen \u0141azarza i jego pytania etyczneTa niezwyk\u0142a historia przywodzi na my\u015bl fenomen \u0141azarza, gdzie pacjenci uznani za zmar\u0142ych powracaj\u0105 do \u017cycia. Cho\u0107 rzadkie, zjawisko to rodzi pytania etyczne i naukowe dotycz\u0105ce decyzji medycznych zwi\u0105zanych z od\u0142\u0105czeniem aparatury podtrzymuj\u0105cej \u017cycie. Przywo\u0142uje odwieczne l\u0119ki i z\u0142o\u017cone dylematy moralne.<\/p>\n\n\n\n<figure class=\"wp-block-image\"><img decoding=\"async\" src=\"https:\/\/cdn.viepratique.fr\/wp-content\/uploads\/viepratique\/2025\/06\/exploration-scientifique-des-cas-de-survie-inexpliques-400x220.jpg\" alt=\"\"\/><\/figure>\n\n\n\n<p>10\/12 Naukowe badanie niewyja\u015bnionych przypadk\u00f3w prze\u017cyciaCzasami zg\u0142aszane s\u0105 przypadki prze\u017cycia bez nast\u0119pstw neurologicznych, ale zjawisko to pozostaje s\u0142abo poznane. Mechanizmy le\u017c\u0105ce u jego pod\u0142o\u017ca, takie jak hiperinflacja p\u0142uc czy op\u00f3\u017anione dzia\u0142anie podawanych lek\u00f3w, s\u0105 badane bez absolutnej pewno\u015bci. Nauka wci\u0105\u017c poszukuje odpowiedzi.<\/p>\n\n\n\n<figure class=\"wp-block-image\"><img decoding=\"async\" src=\"https:\/\/cdn.viepratique.fr\/wp-content\/uploads\/viepratique\/2025\/06\/intuition-et-enquete-revelent-la-verite-400x220.jpg\" alt=\"\"\/><\/figure>\n\n\n\n<p>11\/12 Intuicja i dochodzenie ujawniaj\u0105 prawd\u0119W przypadku ch\u0142opca i jego matki, prawda zosta\u0142a ujawniona dzi\u0119ki jej wytrwa\u0142o\u015bci i \u015bledztwu policji. Ta historia podkre\u015bla, jak wa\u017cne jest, aby nie ignorowa\u0107 intuicji, nawet dzieci\u0119cej. Pokazuje r\u00f3wnie\u017c si\u0142\u0119 dowod\u00f3w i sprawiedliwo\u015bci.<\/p>\n\n\n\n<figure class=\"wp-block-image\"><img decoding=\"async\" src=\"https:\/\/cdn.viepratique.fr\/wp-content\/uploads\/viepratique\/2025\/06\/repercussions-significatives-et-quete-de-justice-400x220.jpg\" alt=\"\"\/><\/figure>\n\n\n\n<p>12\/12 Istotne reperkusje i d\u0105\u017cenie do sprawiedliwo\u015bciSprawa ta mia\u0142a powa\u017cne reperkusje nie tylko dla zaanga\u017cowanej w ni\u0105 firmy farmaceutycznej, ale tak\u017ce dla procedur ochrony \u015bwiadk\u00f3w. Przypomina nam, \u017ce prawda zawsze wychodzi na jaw, nawet w najbardziej nieprawdopodobnych okoliczno\u015bciach. Ka\u017cdy krzyk, ka\u017cde s\u0142owo ma znaczenie w d\u0105\u017ceniu do sprawiedliwo\u015bci.<\/p>\n","protected":false},"excerpt":{"rendered":"Na spokojnym cmentarzu dziesi\u0119cioletni ch\u0142opiec przerywa rutyn\u0119, og\u0142aszaj\u0105c, \u017ce jego pochowana tam matka wci\u0105\u017c \u017cyje. Ten rozpaczliwy krzyk, ignorowany przez przechodni\u00f3w, doprowadzi jednak \n<a class=\"moretag\" href=\"https:\/\/time24.pl.ua\/?p=10979\"> [...]<\/a>","protected":false},"author":1,"featured_media":10980,"comment_status":"open","ping_status":"open","sticky":false,"template":"","format":"standard","meta":{"footnotes":""},"categories":[1],"tags":[],"class_list":["post-10979","post","type-post","status-publish","format-standard","has-post-thumbnail","hentry","category-blog"],"_links":{"self":[{"href":"https:\/\/time24.pl.ua\/index.php?rest_route=\/wp\/v2\/posts\/10979","targetHints":{"allow":["GET"]}}],"collection":[{"href":"https:\/\/time24.pl.ua\/index.php?rest_route=\/wp\/v2\/posts"}],"about":[{"href":"https:\/\/time24.pl.ua\/index.php?rest_route=\/wp\/v2\/types\/post"}],"author":[{"embeddable":true,"href":"https:\/\/time24.pl.ua\/index.php?rest_route=\/wp\/v2\/users\/1"}],"replies":[{"embeddable":true,"href":"https:\/\/time24.pl.ua\/index.php?rest_route=%2Fwp%2Fv2%2Fcomments&post=10979"}],"version-history":[{"count":1,"href":"https:\/\/time24.pl.ua\/index.php?rest_route=\/wp\/v2\/posts\/10979\/revisions"}],"predecessor-version":[{"id":10981,"href":"https:\/\/time24.pl.ua\/index.php?rest_route=\/wp\/v2\/posts\/10979\/revisions\/10981"}],"wp:featuredmedia":[{"embeddable":true,"href":"https:\/\/time24.pl.ua\/index.php?rest_route=\/wp\/v2\/media\/10980"}],"wp:attachment":[{"href":"https:\/\/time24.pl.ua\/index.php?rest_route=%2Fwp%2Fv2%2Fmedia&parent=10979"}],"wp:term":[{"taxonomy":"category","embeddable":true,"href":"https:\/\/time24.pl.ua\/index.php?rest_route=%2Fwp%2Fv2%2Fcategories&post=10979"},{"taxonomy":"post_tag","embeddable":true,"href":"https:\/\/time24.pl.ua\/index.php?rest_route=%2Fwp%2Fv2%2Ftags&post=10979"}],"curies":[{"name":"wp","href":"https:\/\/api.w.org\/{rel}","templated":true}]}}