{"id":10973,"date":"2026-04-20T14:01:22","date_gmt":"2026-04-20T14:01:22","guid":{"rendered":"https:\/\/time24.pl.ua\/?p=10973"},"modified":"2026-04-20T14:01:22","modified_gmt":"2026-04-20T14:01:22","slug":"macron-w-polsce-na-szczycie-w-gdansku-w-planie-spotkanie-z-tuskiem-bez-prezydenta","status":"publish","type":"post","link":"https:\/\/time24.pl.ua\/?p=10973","title":{"rendered":"Macron w Polsce na szczycie w Gda\u0144sku. W planie spotkanie z Tuskiem bez prezydenta"},"content":{"rendered":"\n<p>W Gda\u0144sku odb\u0119dzie si\u0119 I Polsko-Francuski Szczyt Mi\u0119dzyrz\u0105dowy, organizowany z okazji Dnia Przyja\u017ani Polsko-Francuskiej. W centrum wydarze\u0144 znajd\u0105 si\u0119 rozmowy mi\u0119dzy premierem Polski a prezydentem Emmanuelem Macronem. <\/p>\n\n\n\n<p>W programie przewidziano spotkania delegacji oraz wsp\u00f3ln\u0105 konferencj\u0119. Zwraca jednak uwag\u0119 brak zaplanowanego spotkania z prezydentem Karolem Nawrockim.<\/p>\n\n\n\n<p>To w\u0142a\u015bnie ten element wywo\u0142a\u0142 pytania o podzia\u0142 kompetencji w polityce zagranicznej.<\/p>\n\n\n\n<h2 class=\"wp-block-heading\">Podzia\u0142 r\u00f3l w polityce zagranicznej. Wyja\u015bnienia KPRP<\/h2>\n\n\n\n<p>Do sprawy odni\u00f3s\u0142 si\u0119 minister w Kancelarii Prezydenta RP, Wojciech Kolarski. Podkre\u015bli\u0142, \u017ce charakter wizyty nie wymaga spotkania g\u0142\u00f3w pa\u0144stw.<\/p>\n\n\n\n<blockquote class=\"wp-block-quote is-layout-flow wp-block-quote-is-layout-flow\">\n<p>\u201ePrezydent Francji przyje\u017cd\u017ca do Polski na zaproszenie premiera (\u2026) wizyt\u0105 robocz\u0105, kt\u00f3ra nie wymaga protokolarnie innego spotkania\u201d \u2013 zaznaczy\u0142.<\/p>\n<\/blockquote>\n\n\n\n<p>Doda\u0142, \u017ce organizacja spotka\u0144 le\u017cy po stronie gospodarza wizyty, czyli szefa rz\u0105du. Wed\u0142ug Kolarskiego obowi\u0105zuje utrwalony podzia\u0142 kompetencji: \u201ekancelaria premiera ma dominuj\u0105c\u0105 rol\u0119 jak chodzi o sprawy europejskie\u201d, natomiast Pa\u0142ac Prezydencki skupia si\u0119 na relacjach transatlantyckich.<a href=\"https:\/\/checkpress.pl\/autor\/adam-bysiek-u224129\"><\/a><\/p>\n\n\n\n<h2 class=\"wp-block-heading\">Nowy etap wsp\u00f3\u0142pracy. Traktat i wsp\u00f3lne interesy<\/h2>\n\n\n\n<p>Szczyt w Gda\u0144sku ma szczeg\u00f3lne znaczenie, poniewa\u017c odbywa si\u0119 po podpisaniu traktatu o wzmocnionej wsp\u00f3\u0142pracy mi\u0119dzy Polsk\u0105 a Francj\u0105.<\/p>\n\n\n\n<p>Dokument zawarty w 2025 roku w Nancy otworzy\u0142 nowy rozdzia\u0142 relacji mi\u0119dzy pa\u0144stwami. Zak\u0142ada on szerok\u0105 wsp\u00f3\u0142prac\u0119 w obszarach bezpiecze\u0144stwa, gospodarki i kultury. W\u015br\u00f3d kluczowych temat\u00f3w znajduj\u0105 si\u0119 m.in. wsp\u00f3lne dzia\u0142ania w sektorze obronnym, przeciwdzia\u0142anie zagro\u017ceniom hybrydowym oraz rozw\u00f3j wsp\u00f3\u0142pracy naukowej i rolniczej.<\/p>\n\n\n\n<h2 class=\"wp-block-heading\">Rozmowy rz\u0105d\u00f3w i szeroka reprezentacja delegacji<\/h2>\n\n\n\n<p>W wydarzeniu udzia\u0142 wezm\u0105 przedstawiciele wielu resort\u00f3w obu kraj\u00f3w. Obecni b\u0119d\u0105 m.in. ministrowie odpowiedzialni za sprawy zagraniczne, obron\u0119, energi\u0119 i kultur\u0119.<\/p>\n\n\n\n<p><\/p>\n\n\n\n<p>Zapowiedzia\u0142 si\u0119 tak\u017ce wicepremier i szef MON W\u0142adys\u0142aw Kosiniak-Kamysz. Spotkanie ma charakter roboczy, ale jego znaczenie wykracza poza bie\u017c\u0105c\u0105 polityk\u0119.<\/p>\n","protected":false},"excerpt":{"rendered":"W Gda\u0144sku odb\u0119dzie si\u0119 I Polsko-Francuski Szczyt Mi\u0119dzyrz\u0105dowy, organizowany z okazji Dnia Przyja\u017ani Polsko-Francuskiej. W centrum wydarze\u0144 znajd\u0105 si\u0119 rozmowy mi\u0119dzy premierem Polski \n<a class=\"moretag\" href=\"https:\/\/time24.pl.ua\/?p=10973\"> [...]<\/a>","protected":false},"author":1,"featured_media":10974,"comment_status":"open","ping_status":"open","sticky":false,"template":"","format":"standard","meta":{"footnotes":""},"categories":[1],"tags":[],"class_list":["post-10973","post","type-post","status-publish","format-standard","has-post-thumbnail","hentry","category-blog"],"_links":{"self":[{"href":"https:\/\/time24.pl.ua\/index.php?rest_route=\/wp\/v2\/posts\/10973","targetHints":{"allow":["GET"]}}],"collection":[{"href":"https:\/\/time24.pl.ua\/index.php?rest_route=\/wp\/v2\/posts"}],"about":[{"href":"https:\/\/time24.pl.ua\/index.php?rest_route=\/wp\/v2\/types\/post"}],"author":[{"embeddable":true,"href":"https:\/\/time24.pl.ua\/index.php?rest_route=\/wp\/v2\/users\/1"}],"replies":[{"embeddable":true,"href":"https:\/\/time24.pl.ua\/index.php?rest_route=%2Fwp%2Fv2%2Fcomments&post=10973"}],"version-history":[{"count":1,"href":"https:\/\/time24.pl.ua\/index.php?rest_route=\/wp\/v2\/posts\/10973\/revisions"}],"predecessor-version":[{"id":10975,"href":"https:\/\/time24.pl.ua\/index.php?rest_route=\/wp\/v2\/posts\/10973\/revisions\/10975"}],"wp:featuredmedia":[{"embeddable":true,"href":"https:\/\/time24.pl.ua\/index.php?rest_route=\/wp\/v2\/media\/10974"}],"wp:attachment":[{"href":"https:\/\/time24.pl.ua\/index.php?rest_route=%2Fwp%2Fv2%2Fmedia&parent=10973"}],"wp:term":[{"taxonomy":"category","embeddable":true,"href":"https:\/\/time24.pl.ua\/index.php?rest_route=%2Fwp%2Fv2%2Fcategories&post=10973"},{"taxonomy":"post_tag","embeddable":true,"href":"https:\/\/time24.pl.ua\/index.php?rest_route=%2Fwp%2Fv2%2Ftags&post=10973"}],"curies":[{"name":"wp","href":"https:\/\/api.w.org\/{rel}","templated":true}]}}