{"id":10932,"date":"2026-04-19T14:40:45","date_gmt":"2026-04-19T14:40:45","guid":{"rendered":"https:\/\/time24.pl.ua\/?p=10932"},"modified":"2026-04-19T14:40:45","modified_gmt":"2026-04-19T14:40:45","slug":"tragiczny-wypadek-w-wojewodztwie-lubelskim-zginely-dwie-osoby","status":"publish","type":"post","link":"https:\/\/time24.pl.ua\/?p=10932","title":{"rendered":"Tragiczny wypadek w wojew\u00f3dztwie lubelskim. Zgin\u0119\u0142y dwie osoby"},"content":{"rendered":"\n<p>Na drodze ekspresowej S19 w wojew\u00f3dztwie lubelskim dosz\u0142o do tragicznego wypadku, w kt\u00f3rym \u017cycie straci\u0142y dwie osoby. Zdarzenie mia\u0142o miejsce na odcinku mi\u0119dzy w\u0119z\u0142em Jan\u00f3w Lubelski Po\u0142udnie a w\u0119z\u0142em Lasy Janowskie, a trasa w kierunku Rzeszowa zosta\u0142a ca\u0142kowicie zablokowana.<\/p>\n\n\n\n<p>Wypadek na trasie S19<br>Dwie osoby nie \u017cyj\u0105, dwie ranne<br>Ogromne utrudnienia w ruchu<br>Wypadek na trasie S19<br>Wed\u0142ug informacji przekazanych przez serwis Lublin112 do wypadku dosz\u0142o w sobot\u0119 oko\u0142o godziny 22:20. Na odcinku mi\u0119dzy w\u0119z\u0142em Jan\u00f3w Lubelski Po\u0142udnie a w\u0119z\u0142em Lasy Janowskie na jezdni w kierunku Rzeszowa, zderzy\u0142y si\u0119 dwa samochody osobowe.&nbsp;<\/p>\n\n\n\n<p>Dwie osoby nie \u017cyj\u0105, dwie ranne<br>Na miejsce zdarzenia skierowano s\u0142u\u017cby ratunkowe, w tym zespo\u0142y pogotowia, stra\u017c po\u017carn\u0105 oraz policj\u0119, kt\u00f3re niezw\u0142ocznie rozpocz\u0119\u0142y dzia\u0142ania.&nbsp;<\/p>\n\n\n\n<p>Niestety, w wyniku wypadku \u015bmier\u0107 ponios\u0142y dwie osoby. Dwie kolejne zosta\u0142y ranne i trafi\u0142y pod opiek\u0119 medyk\u00f3w.<br><\/p>\n\n\n\n<p>Ogromne utrudnienia w ruchu<br>W wyniku zdarzenia ca\u0142kowicie zablokowany by\u0142 przejazd w kierunku Rzeszowa. Utrudnienia na tym odcinku drogi ekspresowej S19 trwa\u0142y przez kilka godzin, co spowodowa\u0142o powa\u017cne problemy w ruchu i konieczno\u015b\u0107 wyznaczenia objazd\u00f3w.<br><\/p>\n","protected":false},"excerpt":{"rendered":"Na drodze ekspresowej S19 w wojew\u00f3dztwie lubelskim dosz\u0142o do tragicznego wypadku, w kt\u00f3rym \u017cycie straci\u0142y dwie osoby. Zdarzenie mia\u0142o miejsce na odcinku mi\u0119dzy \n<a class=\"moretag\" href=\"https:\/\/time24.pl.ua\/?p=10932\"> [...]<\/a>","protected":false},"author":1,"featured_media":10933,"comment_status":"open","ping_status":"open","sticky":false,"template":"","format":"standard","meta":{"footnotes":""},"categories":[1],"tags":[],"class_list":["post-10932","post","type-post","status-publish","format-standard","has-post-thumbnail","hentry","category-blog"],"_links":{"self":[{"href":"https:\/\/time24.pl.ua\/index.php?rest_route=\/wp\/v2\/posts\/10932","targetHints":{"allow":["GET"]}}],"collection":[{"href":"https:\/\/time24.pl.ua\/index.php?rest_route=\/wp\/v2\/posts"}],"about":[{"href":"https:\/\/time24.pl.ua\/index.php?rest_route=\/wp\/v2\/types\/post"}],"author":[{"embeddable":true,"href":"https:\/\/time24.pl.ua\/index.php?rest_route=\/wp\/v2\/users\/1"}],"replies":[{"embeddable":true,"href":"https:\/\/time24.pl.ua\/index.php?rest_route=%2Fwp%2Fv2%2Fcomments&post=10932"}],"version-history":[{"count":1,"href":"https:\/\/time24.pl.ua\/index.php?rest_route=\/wp\/v2\/posts\/10932\/revisions"}],"predecessor-version":[{"id":10934,"href":"https:\/\/time24.pl.ua\/index.php?rest_route=\/wp\/v2\/posts\/10932\/revisions\/10934"}],"wp:featuredmedia":[{"embeddable":true,"href":"https:\/\/time24.pl.ua\/index.php?rest_route=\/wp\/v2\/media\/10933"}],"wp:attachment":[{"href":"https:\/\/time24.pl.ua\/index.php?rest_route=%2Fwp%2Fv2%2Fmedia&parent=10932"}],"wp:term":[{"taxonomy":"category","embeddable":true,"href":"https:\/\/time24.pl.ua\/index.php?rest_route=%2Fwp%2Fv2%2Fcategories&post=10932"},{"taxonomy":"post_tag","embeddable":true,"href":"https:\/\/time24.pl.ua\/index.php?rest_route=%2Fwp%2Fv2%2Ftags&post=10932"}],"curies":[{"name":"wp","href":"https:\/\/api.w.org\/{rel}","templated":true}]}}