{"id":10741,"date":"2026-04-16T17:10:52","date_gmt":"2026-04-16T17:10:52","guid":{"rendered":"https:\/\/time24.pl.ua\/?p=10741"},"modified":"2026-04-16T17:10:52","modified_gmt":"2026-04-16T17:10:52","slug":"to-oni-zdradzili-kaczynskiego-zaskakujace-nazwiska-na-liscie-morawieckiego","status":"publish","type":"post","link":"https:\/\/time24.pl.ua\/?p=10741","title":{"rendered":"To oni \u201ezdradzili\u201d Kaczy\u0144skiego. Zaskakuj\u0105ce nazwiska na li\u015bcie Morawieckiego"},"content":{"rendered":"\n<p>Wyciek\u0142a lista cz\u0142onk\u00f3w nowego stowarzyszenia Mateusza Morawieckiego, co wywo\u0142a\u0142o gwa\u0142town\u0105 reakcj\u0119 w\u0142adz Prawa i Sprawiedliwo\u015bci. Wed\u0142ug doniesie\u0144 medialnych oraz oficjalnych komunikat\u00f3w partii, inicjatywa ta jest postrzegana jako zagro\u017cenie dla jedno\u015bci prawicy. Na li\u015bcie sygnatariuszy znale\u017ali si\u0119 politycy dot\u0105d blisko zwi\u0105zani z Jaros\u0142awem Kaczy\u0144skim.<\/p>\n\n\n\n<p>Zaskakuj\u0105ce nazwiska na li\u015bcie cz\u0142onk\u00f3w<br>Ch\u0142odna reakcja Nowogrodzkiej<br>Oskar\u017cenia o roz\u0142am i zdrad\u0119<br>Oskar\u017cenia o roz\u0142am i zdrad\u0119<br>Zaskakuj\u0105ce nazwiska na li\u015bcie cz\u0142onk\u00f3w<br>Na czele Stowarzyszenia Rozw\u00f3j Plus stan\u0105\u0142 by\u0142y premier Mateusz Morawiecki, a w\u015br\u00f3d 38 cz\u0142onk\u00f3w znale\u017ali si\u0119 politycy, kt\u00f3rych obecno\u015b\u0107 wywo\u0142a\u0142a w partii konsternacj\u0119.&nbsp;<\/p>\n\n\n\n<p>Najwi\u0119kszym zaskoczeniem jest nazwisko Ryszarda Terleckiego, dotychczasowego zaufanego stronnika prezesa PiS. Na li\u015bcie widnieje tak\u017ce Daniel Obajtek, o kt\u00f3rym Jaros\u0142aw Kaczy\u0144ski m\u00f3wi\u0142 w 2021 roku, \u017ce posiada \u201eco\u015b takiego, co daje pan B\u00f3g, a co trudno zdefiniowa\u0107\u201d.&nbsp;<\/p>\n\n\n\n<p>Sam Morawiecki t\u0142umaczy w rozmowie z Wirtualn\u0105 Polsk\u0105, \u017ce celem jest \u201etworzenie dodatkowej przestrzeni do dialogu oraz inicjowania dzia\u0142a\u0144 wspieraj\u0105cych rozw\u00f3j Polski\u201d. Obok lider\u00f3w na li\u015bcie widniej\u0105 nazwiska m.in. Piotra M\u00fcllera, Marcina Hora\u0142y i Janusza Cieszy\u0144skiego, co potwierdzaj\u0105 ustalenia Polsat News.<\/p>\n\n\n\n<p>Ch\u0142odna reakcja Nowogrodzkiej<br>Inicjatywa spotka\u0142a si\u0119 z natychmiastow\u0105 reakcj\u0105 kierownictwa PiS. Podczas spotkania Komitetu Politycznego partii wi\u0119kszo\u015b\u0107 w\u0142adz wyrazi\u0142a g\u0142\u0119bokie zaniepokojenie dzia\u0142aniami by\u0142ego premiera. Rzecznik ugrupowania Rafa\u0142 Bochenek przekaza\u0142 PAP, \u017ce \u201eudzia\u0142 w tym przedsi\u0119wzi\u0119ciu nie s\u0142u\u017cy dobru partii\u201d.&nbsp;<\/p>\n\n\n\n<p>Zdaniem ugrupowania, budowanie odr\u0119bnych struktur uderza w jej sp\u00f3jno\u015b\u0107 prawicy, szczeg\u00f3lnie w trudnym dla niej momencie.&nbsp;<\/p>\n\n\n\n<p>\u201ePrzebieg spotkania wykaza\u0142, \u017ce zdecydowana wi\u0119kszo\u015b\u0107 w\u0142adz partii wyrazi\u0142a swoje zaniepokojenie inicjatyw\u0105 stowarzyszenia, zw\u0142aszcza teraz, kiedy jedno\u015b\u0107 jest szczeg\u00f3lnie potrzebna\u201d \u2013 doda\u0142 Bochenek.&nbsp;<\/p>\n\n\n\n<p>Komentatorzy zwracaj\u0105 uwag\u0119 na wyra\u017any wzrost napi\u0119cia w siedzibie partii.<br><\/p>\n\n\n\n<p>Oskar\u017cenia o roz\u0142am i zdrad\u0119<br>W mediach spo\u0142eczno\u015bciowych zawrza\u0142o, a politycy PiS nie szcz\u0119dzili kolegom gorzkich s\u0142\u00f3w. Przemys\u0142aw Czarnek w ostrym wpisie stwierdzi\u0142, \u017ce ka\u017cda pr\u00f3ba dzielenia prawicy zostanie odebrana jednoznacznie.&nbsp;<\/p>\n\n\n\n<p>\u201eKto chce szuka\u0107 wrog\u00f3w na prawicy, ten us\u0142yszy, \u017ce to zdrada\u201d.\u00a0<br><\/p>\n\n\n\n<figure class=\"wp-block-image size-full\"><img loading=\"lazy\" decoding=\"async\" width=\"1008\" height=\"671\" src=\"https:\/\/time24.pl.ua\/wp-content\/uploads\/2026\/04\/Screenshot_2026_04_16-25.png\" alt=\"\" class=\"wp-image-10742\" srcset=\"https:\/\/time24.pl.ua\/wp-content\/uploads\/2026\/04\/Screenshot_2026_04_16-25.png 1008w, https:\/\/time24.pl.ua\/wp-content\/uploads\/2026\/04\/Screenshot_2026_04_16-25-300x200.png 300w, https:\/\/time24.pl.ua\/wp-content\/uploads\/2026\/04\/Screenshot_2026_04_16-25-768x511.png 768w\" sizes=\"auto, (max-width: 1008px) 100vw, 1008px\" \/><\/figure>\n\n\n\n<p>Podobny ton przyj\u0105\u0142 pose\u0142 Tobiasz Boche\u0144ski, kt\u00f3ry przestrzega\u0142 przed scenariuszem, w kt\u00f3rym \u201eprawica si\u0119 dzieli, tam Tusk si\u0119 weseli\u201d. Krytycy nowej inicjatywy podkre\u015blaj\u0105, \u017ce tworzenie \u201epartii w partii\u201d os\u0142abia si\u0142\u0119 opozycji w parlamencie.&nbsp;<\/p>\n\n\n\n<p>Emocjonalna dyskusja, kt\u00f3ra wybuch\u0142a po ujawnieniu listy, pokazuje g\u0142\u0119bokie p\u0119kni\u0119cia w dotychczas bloku Zjednoczonej Prawicy. Dzia\u0142acze lojalni wobec prezesa obawiaj\u0105 si\u0119, \u017ce stowarzyszenie mo\u017ce sta\u0107 si\u0119 zal\u0105\u017ckiem nowej formacji politycznej.<\/p>\n\n\n\n<p>Oskar\u017cenia o roz\u0142am i zdrad\u0119 w PiS<br>Jaros\u0142aw Kaczy\u0144ski mia\u0142 zareagowa\u0107 na ruch Morawieckiego stanowczym ultimatum. Z nieoficjalnych informacji przekazanych przez TVN24 wynika, \u017ce lider PiS zapowiedzia\u0142 wsp\u00f3\u0142pracownikom, i\u017c osoby nale\u017c\u0105ce do Stowarzyszenia Rozw\u00f3j Plus nie znajd\u0105 miejsca na listach wyborczych.&nbsp;<\/p>\n\n\n\n<p>RMF FM ustali\u0142o z kolei, \u017ce w odpowiedzi na te gro\u017aby otoczenie by\u0142ego premiera zacz\u0119\u0142o rozwa\u017ca\u0107 przygotowanie w\u0142asnych, alternatywnych list wyborczych.&nbsp;<\/p>\n\n\n\n<p>Cho\u0107 oficjalne decyzje jeszcze nie zapad\u0142y, sytuacja zmusza wielu polityk\u00f3w do opowiedzenia si\u0119 po jednej ze stron konfliktu. Kolejne spotkanie w\u0142adz partii ma przynie\u015b\u0107 rozstrzygni\u0119cie, czy sygnatariusze listy zostan\u0105 obj\u0119ci dotkliwymi sankcjami. Na ten moment walka o wp\u0142ywy na prawicy wesz\u0142a w faz\u0119 otwartego starcia personalnego.<br><\/p>\n","protected":false},"excerpt":{"rendered":"Wyciek\u0142a lista cz\u0142onk\u00f3w nowego stowarzyszenia Mateusza Morawieckiego, co wywo\u0142a\u0142o gwa\u0142town\u0105 reakcj\u0119 w\u0142adz Prawa i Sprawiedliwo\u015bci. Wed\u0142ug doniesie\u0144 medialnych oraz oficjalnych komunikat\u00f3w partii, inicjatywa \n<a class=\"moretag\" href=\"https:\/\/time24.pl.ua\/?p=10741\"> [...]<\/a>","protected":false},"author":1,"featured_media":10743,"comment_status":"open","ping_status":"open","sticky":false,"template":"","format":"standard","meta":{"footnotes":""},"categories":[1],"tags":[],"class_list":["post-10741","post","type-post","status-publish","format-standard","has-post-thumbnail","hentry","category-blog"],"_links":{"self":[{"href":"https:\/\/time24.pl.ua\/index.php?rest_route=\/wp\/v2\/posts\/10741","targetHints":{"allow":["GET"]}}],"collection":[{"href":"https:\/\/time24.pl.ua\/index.php?rest_route=\/wp\/v2\/posts"}],"about":[{"href":"https:\/\/time24.pl.ua\/index.php?rest_route=\/wp\/v2\/types\/post"}],"author":[{"embeddable":true,"href":"https:\/\/time24.pl.ua\/index.php?rest_route=\/wp\/v2\/users\/1"}],"replies":[{"embeddable":true,"href":"https:\/\/time24.pl.ua\/index.php?rest_route=%2Fwp%2Fv2%2Fcomments&post=10741"}],"version-history":[{"count":1,"href":"https:\/\/time24.pl.ua\/index.php?rest_route=\/wp\/v2\/posts\/10741\/revisions"}],"predecessor-version":[{"id":10744,"href":"https:\/\/time24.pl.ua\/index.php?rest_route=\/wp\/v2\/posts\/10741\/revisions\/10744"}],"wp:featuredmedia":[{"embeddable":true,"href":"https:\/\/time24.pl.ua\/index.php?rest_route=\/wp\/v2\/media\/10743"}],"wp:attachment":[{"href":"https:\/\/time24.pl.ua\/index.php?rest_route=%2Fwp%2Fv2%2Fmedia&parent=10741"}],"wp:term":[{"taxonomy":"category","embeddable":true,"href":"https:\/\/time24.pl.ua\/index.php?rest_route=%2Fwp%2Fv2%2Fcategories&post=10741"},{"taxonomy":"post_tag","embeddable":true,"href":"https:\/\/time24.pl.ua\/index.php?rest_route=%2Fwp%2Fv2%2Ftags&post=10741"}],"curies":[{"name":"wp","href":"https:\/\/api.w.org\/{rel}","templated":true}]}}